{"id":91451,"date":"2025-11-16T09:00:10","date_gmt":"2025-11-16T09:00:10","guid":{"rendered":"https:\/\/www.europesays.com\/fi\/91451\/"},"modified":"2025-11-16T09:00:10","modified_gmt":"2025-11-16T09:00:10","slug":"zelenskyi-likasi-itsensa-mtv-uutiset","status":"publish","type":"post","link":"https:\/\/www.europesays.com\/fi\/91451\/","title":{"rendered":"Zelenskyi likasi itsens\u00e4 | MTV Uutiset"},"content":{"rendered":"<p>Zelenskyi likasi itsens\u00e4 | MTV Uutiset<a class=\"sr-only bg-component-bg-color focus:not-sr-only focus:absolute focus:left-0 focus:right-auto focus:top-0 focus:p-200\" href=\"#main\" data-sentry-component=\"SkipToContentLink\" data-sentry-source-file=\"SkipToContentLink.tsx\">Hypp\u00e4\u00e4 p\u00e4\u00e4sis\u00e4lt\u00f6\u00f6n<\/a>Sis\u00e4ll\u00f6t<\/p>\n<ul class=\"flex w-full flex-1 flex-wrap gap-800\">\n<li class=\"block flex-1 flex-nowrap xs:flex-initial\" data-testid=\"site-footer-section-item-component\" data-sentry-component=\"SiteFooterSectionItem\" data-sentry-source-file=\"SiteFooterSectionItem.tsx\">Tomi Einonen<br \/>Vastaava p\u00e4\u00e4toimittaja<\/li>\n<li class=\"block flex-1 flex-nowrap xs:flex-initial\" data-testid=\"site-footer-section-item-component\" data-sentry-component=\"SiteFooterSectionItem\" data-sentry-source-file=\"SiteFooterSectionItem.tsx\">Ilkka Ahtiainen<br \/>Uutisp\u00e4\u00e4toimittaja<\/li>\n<li class=\"block flex-1 flex-nowrap xs:flex-initial\" data-testid=\"site-footer-section-item-component\" data-sentry-component=\"SiteFooterSectionItem\" data-sentry-source-file=\"SiteFooterSectionItem.tsx\">Mona Haapsaari<br \/>Toimitusp\u00e4\u00e4llikk\u00f6<\/li>\n<li class=\"block flex-1 flex-nowrap xs:flex-initial\" data-testid=\"site-footer-section-item-component\" data-sentry-component=\"SiteFooterSectionItem\" data-sentry-source-file=\"SiteFooterSectionItem.tsx\">Teemu Niikko<br \/>Toimitusp\u00e4\u00e4llikk\u00f6, urheilu<\/li>\n<\/ul>\n<p>Liiketoiminta<\/p>\n<ul class=\"flex w-full flex-1 flex-wrap gap-800\">\n<li class=\"block flex-1 flex-nowrap xs:flex-initial\" data-testid=\"site-footer-section-item-component\" data-sentry-component=\"SiteFooterSectionItem\" data-sentry-source-file=\"SiteFooterSectionItem.tsx\">Iina Eloranta<br \/>VP, Channels and Digital Consumption<\/li>\n<\/ul>\n<p>SuomiAreena<\/p>\n<ul class=\"flex w-full flex-1 flex-wrap gap-800\">\n<li class=\"block flex-1 flex-nowrap xs:flex-initial\" data-testid=\"site-footer-section-item-component\" data-sentry-component=\"SiteFooterSectionItem\" data-sentry-source-file=\"SiteFooterSectionItem.tsx\">Jeremias Kontio<br \/>Vastaava tuottaja<\/li>\n<\/ul>\n<p><a class=\"flex flex-col items-center justify-center\" data-testid=\"Etusivu-navigation-bar-item\" role=\"link\" title=\"Etusivu linkki\" data-sentry-element=\"Link\" data-sentry-component=\"InternalLink\" data-sentry-source-file=\"InternalLink.tsx\" href=\"https:\/\/www.mtvuutiset.fi\/\" rel=\"nofollow noopener\" target=\"_blank\">Etusivu<\/a><a class=\"flex flex-col items-center justify-center\" data-testid=\"Videot-navigation-bar-item\" role=\"link\" title=\"Videot linkki\" data-sentry-element=\"Link\" data-sentry-component=\"InternalLink\" data-sentry-source-file=\"InternalLink.tsx\" href=\"https:\/\/www.mtvuutiset.fi\/videot\" rel=\"nofollow noopener\" target=\"_blank\">Videot<\/a><a class=\"flex flex-col items-center justify-center\" data-testid=\"Tuoreimmat-navigation-bar-item\" role=\"link\" title=\"Tuoreimmat linkki\" data-sentry-element=\"Link\" data-sentry-component=\"InternalLink\" data-sentry-source-file=\"InternalLink.tsx\" href=\"https:\/\/www.mtvuutiset.fi\/tuoreimmat\" rel=\"nofollow noopener\" target=\"_blank\">Tuoreimmat<\/a><a class=\"flex flex-col items-center justify-center\" data-testid=\"Luetuimmat-navigation-bar-item\" role=\"link\" title=\"Luetuimmat linkki\" data-sentry-element=\"Link\" data-sentry-component=\"InternalLink\" data-sentry-source-file=\"InternalLink.tsx\" href=\"https:\/\/www.mtvuutiset.fi\/luetuimmat\" rel=\"nofollow noopener\" target=\"_blank\">Luetuimmat<\/a>Odota<img alt=\"Ukrainan presidentti Volodymyr Zelenskyi 17. lokakuuta.\" data-testid=\"header-media-image\" class=\"h-full w-full object-cover transition duration-700 ease-in-out hover:scale-[1.05]\" fetchpriority=\"high\" loading=\"eager\" width=\"1024\" height=\"576\" decoding=\"async\" style=\"color:transparent;background-size:cover;background-position:50% 50%;background-repeat:no-repeat;background-image:url(&quot;data:image\/svg+xml;base64,Cjxzdmcgd2lkdGg9IjEwMjQiIGhlaWdodD0iNTc2IiB2ZXJzaW9uPSIxLjEiIHhtbG5zPSJodHRwOi8vd3d3LnczLm9yZy8yMDAwL3N2ZyIgeG1sbnM6eGxpbms9Imh0dHA6Ly93d3cudzMub3JnLzE5OTkveGxpbmsiPgogIDxkZWZzPgogICAgPGxpbmVhckdyYWRpZW50IGlkPSJnIj4KICAgICAgPHN0b3Agc3RvcC1jb2xvcj0iIzBCMTgyMyIgb2Zmc2V0PSIyMCUiIC8+CiAgICAgIDxzdG9wIHN0b3AtY29sb3I9IiMxQTI3MzIiIG9mZnNldD0iNTAlIiAvPgogICAgICA8c3RvcCBzdG9wLWNvbG9yPSIjMEIxODIzIiBvZmZzZXQ9IjcwJSIgLz4KICAgIDwvbGluZWFyR3JhZGllbnQ+CiAgPC9kZWZzPgogIDxyZWN0IHdpZHRoPSIxMDI0IiBoZWlnaHQ9IjU3NiIgZmlsbD0iIzBCMTgyMyIgLz4KICA8cmVjdCBpZD0iciIgd2lkdGg9IjEwMjQiIGhlaWdodD0iNTc2IiBmaWxsPSJ1cmwoI2cpIiAvPgogIDxhbmltYXRlIHhsaW5rOmhyZWY9IiNyIiBhdHRyaWJ1dGVOYW1lPSJ4IiBmcm9tPSItMTAyNCIgdG89IjEwMjQiIGR1cj0iMXMiIHJlcGVhdENvdW50PSJpbmRlZmluaXRlIiAgLz4KPC9zdmc+&quot;)\" src=\"https:\/\/www.europesays.com\/fi\/wp-content\/uploads\/2025\/11\/1763283609_475_image\"\/>Ukrainan presidentti Volodymyr Zelenskyi 17. lokakuuta.AFP \/ LehtikuvaJulkaistu 40 minuuttia sitten<img alt=\"Toimittajan kuva\" data-testid=\"author-image\" data-sentry-element=\"Image\" data-sentry-source-file=\"NextImage.tsx\" fetchpriority=\"low\" loading=\"lazy\" decoding=\"async\" data-nimg=\"fill\" class=\"transition duration-700 ease-in-out hover:scale-[1.05] object-cover\" style=\"position:absolute;height:100%;width:100%;left:0;top:0;right:0;bottom:0;color:transparent;background-size:cover;background-position:50% 50%;background-repeat:no-repeat;background-image:url(&quot;data:image\/svg+xml;base64,Cjxzdmcgd2lkdGg9IjcyMCIgaGVpZ2h0PSI0MDUiIHZlcnNpb249IjEuMSIgeG1sbnM9Imh0dHA6Ly93d3cudzMub3JnLzIwMDAvc3ZnIiB4bWxuczp4bGluaz0iaHR0cDovL3d3dy53My5vcmcvMTk5OS94bGluayI+CiAgPGRlZnM+CiAgICA8bGluZWFyR3JhZGllbnQgaWQ9ImciPgogICAgICA8c3RvcCBzdG9wLWNvbG9yPSIjMEIxODIzIiBvZmZzZXQ9IjIwJSIgLz4KICAgICAgPHN0b3Agc3RvcC1jb2xvcj0iIzFBMjczMiIgb2Zmc2V0PSI1MCUiIC8+CiAgICAgIDxzdG9wIHN0b3AtY29sb3I9IiMwQjE4MjMiIG9mZnNldD0iNzAlIiAvPgogICAgPC9saW5lYXJHcmFkaWVudD4KICA8L2RlZnM+CiAgPHJlY3Qgd2lkdGg9IjcyMCIgaGVpZ2h0PSI0MDUiIGZpbGw9IiMwQjE4MjMiIC8+CiAgPHJlY3QgaWQ9InIiIHdpZHRoPSI3MjAiIGhlaWdodD0iNDA1IiBmaWxsPSJ1cmwoI2cpIiAvPgogIDxhbmltYXRlIHhsaW5rOmhyZWY9IiNyIiBhdHRyaWJ1dGVOYW1lPSJ4IiBmcm9tPSItNzIwIiB0bz0iNzIwIiBkdXI9IjFzIiByZXBlYXRDb3VudD0iaW5kZWZpbml0ZSIgIC8+Cjwvc3ZnPg==&quot;)\"   src=\"https:\/\/www.europesays.com\/fi\/wp-content\/uploads\/2025\/11\/1763283610_955_image\"\/><\/p>\n<p><strong class=\"typography-bold\">Jos maailmanpolitiikassa kykenee tukemaan vain t\u00e4ydellisyytt\u00e4, on joko lopetettava kaikkien auttaminen tai kasvettava aikuiseksi, kirjoittaa MTV Uutisten toimittaja Jouko Luhtala.<\/strong><\/p>\n<p>Lahjuksia, rahanpesua, Ven\u00e4j\u00e4-yhteys.<\/p>\n<p>Ukrainassa velloo kansaa raivostuttava korruptiokriisi, josta presidentti <strong class=\"typography-bold\">Volodymyr Zelenskyi\u00a0<\/strong>ei joko tiennyt tai jos tiesi, ei tehnyt asialle mit\u00e4\u00e4n.<\/p>\n<p>Ensimm\u00e4inen vaihtoehto ei ole kovin uskottava, mutta toinen on silti melkein huolestuttavampi.<\/p>\n<p>Merkkej\u00e4 j\u00e4lkimm\u00e4isest\u00e4 saattoi n\u00e4ky\u00e4 jo kes\u00e4ll\u00e4, kun Zelenskyi allekirjoitti lain, joka olisi k\u00e4yt\u00e4nn\u00f6ss\u00e4 murskannut maan korruptionvastaiset virastot.<\/p>\n<p>Mielenosoitusten j\u00e4lkeen virastot pidettiin pystyss\u00e4. Nyt yksi n\u00e4ist\u00e4 virastoista on paljastanut valtavan energiakorruption.<\/p>\n<p>Se, ett\u00e4 Zelenskyi ja muu hallitus pyrki heikent\u00e4m\u00e4\u00e4n valtion kyky\u00e4 tutkia korruptiota vain kuukausia ennen kuin uudet syyt\u00f6kset tulivat julkisiksi, her\u00e4tt\u00e4\u00e4 kiusallisia kysymyksi\u00e4.<\/p>\n<p>Nyt kaksi ministeri\u00e4 on siirretty syrj\u00e4\u00e4n ja Zelenskyin<strong class=\"typography-bold\">\u00a0<\/strong>l\u00e4heinen liittolainen karkasi maasta. Jos virasto saa tehd\u00e4 ty\u00f6ns\u00e4 loppuun, t\u00e4m\u00e4 tuskin j\u00e4\u00e4 t\u00e4h\u00e4n.<\/p>\n<p>Presidenttikampanjassaan Zelenskyi rummutti tv-sarjansa Kansan palvelija\u00a0imagoa ja syytti edelt\u00e4j\u00e4\u00e4ns\u00e4 korruptiosta ja sukulaisten suosimisesta.<\/p>\n<p>Zelenskyi ei ole ep\u00e4kohtia korjannut ja esimerkiksi EU:n tuore laajentumisraportti kiinnitti huomiota juuri t\u00e4h\u00e4n. Raporttia kommentoidessaan Zelenskyi sivuutti korruptiokysymyksen. Nyt siihen ei ole en\u00e4\u00e4 varaa.<\/p>\n<p>Zelenskyi on ollut presidentti vuodesta 2019. <a class=\"underline\" data-testid=\"external-link\" href=\"https:\/\/cpi.ti-ukraine.org\/en\/\" rel=\"noopener noreferrer nofollow\" target=\"_blank\" data-sentry-component=\"ExternalLink\" data-sentry-source-file=\"ExternalLink.tsx\">Transparency Internationalin<\/a> indeksin perusteella Ukrainan korruptiotilanne on parantunut, mutta ei merkitt\u00e4v\u00e4sti.<\/p>\n<p>Ukrainaisille hallinnon korruptio ei ole tullut yll\u00e4tyksen\u00e4, mutta vihaa ja pettymyst\u00e4 se on silti aiheuttanut.<\/p>\n<p>Jos Ukrainassa ei olisi sota, olisi kansa todenn\u00e4k\u00f6isesti kadulla.<\/p>\n<p>\u2013 Zelenskyi on nyt vaalikelvoton, <a class=\"underline\" data-testid=\"external-link\" href=\"https:\/\/www.mtvuutiset.fi\/artikkeli\/ukrainassa-skandaali-viimeinen-naula-zelenskyin-arkkuun\/9254830\" rel=\"noopener noreferrer nofollow\" data-sentry-component=\"ExternalLink\" data-sentry-source-file=\"ExternalLink.tsx\" target=\"_blank\">arvioi<\/a> Ulkopoliittisen instituutin vanhempi tutkija\u00a0Ryhor Nizhnikau\u00a0MTV Uutisille.<\/p>\n<p>Asevoimien vapaaehtoisen <strong class=\"typography-bold\">Mariia Berlinskan\u00a0<\/strong>kihisev\u00e4 mielipidekirjoitus <a class=\"underline\" data-testid=\"external-link\" href=\"https:\/\/www.pravda.com.ua\/columns\/2025\/11\/13\/8007178\/\" rel=\"noopener noreferrer nofollow\" target=\"_blank\" data-sentry-component=\"ExternalLink\" data-sentry-source-file=\"ExternalLink.tsx\">Ukrainan Pravdassa<\/a> vaikuttaa summaavan kansan mietteet. Esimerkiksi ukrainalaismedia <a class=\"underline\" data-testid=\"external-link\" href=\"https:\/\/kyivindependent.com\/rage-panic-and-a-glimmer-of-hope-in-ukraine-as-corruption-scandal-unfolds\/\" rel=\"noopener noreferrer nofollow\" target=\"_blank\" data-sentry-component=\"ExternalLink\" data-sentry-source-file=\"ExternalLink.tsx\">Kyiv Independent<\/a> on siteerannut teksti\u00e4 laajasti.<\/p>\n<p>Berlinska kiroaa, miten &#8221;presidentin yst\u00e4v\u00e4t maksavat huoristaan, kalliista autoistaan ja k\u00e4ytt\u00e4v\u00e4t satoja miljoonia meid\u00e4n rahaamme kartanoihinsa&#8221; samaan aikaan &#8221;t\u00e4m\u00e4 sota vie meilt\u00e4 aktiivisimmat, rehellisimm\u00e4t ja kunnollisimmat ihmiset&#8221;.<\/p>\n<p>Ukrainalaiset ovat vihaisia ja pettyneit\u00e4, mink\u00e4 lis\u00e4ksi skandaalin ajoitus on jotakuinkin luokaton.\u00a0<\/p>\n<p>Marraskuussa on <a class=\"underline\" data-testid=\"external-link\" href=\"https:\/\/www.mtvuutiset.fi\/artikkeli\/ukrainalla-ongelma-rintamakarkuruus\/9254710\" rel=\"noopener noreferrer nofollow\" data-sentry-component=\"ExternalLink\" data-sentry-source-file=\"ExternalLink.tsx\" target=\"_blank\">uutisoitu<\/a>, miten Ukrainan asevoimien riveist\u00e4 yh\u00e4 useammat karkaavat koteihinsa. Joka kuukausi noin 20\u00a0000 sotilasta l\u00e4htee luvatta palveluksesta. Osa palaa, osa ei.<\/p>\n<p>Jatkuvan hengenvaaran alla taistelevien sotilaiden taistelutahtoa tuskin lis\u00e4\u00e4 se, ett\u00e4 Kiovan herrat el\u00e4v\u00e4t korruptiorahoilla. Samaan aikaan Ukrainan asevoimilla on krooninen pula etulinjan sotilaista.<\/p>\n<p>Korruption osuminen juuri energiasektorille on katastrofaalista, kun samaan aikaan Ukrainassa k\u00e4rsit\u00e4\u00e4n pitkist\u00e4 ja toistuvista s\u00e4hk\u00f6katkoista Ven\u00e4j\u00e4n pommitusten vuoksi.<\/p>\n<p>Kansalta s\u00e4hk\u00f6t poikki, p\u00e4\u00e4tt\u00e4jille voitelurahat. Sloganilla ei vaaleja voitettaisi.<\/p>\n<p>Ukrainassa pel\u00e4t\u00e4\u00e4n, mit\u00e4 korruptioskandaali tekee kansainv\u00e4liselle tuelle.<\/p>\n<p>L\u00e4nness\u00e4 sek\u00e4 Ukrainaa, maan asevoimia ett\u00e4 presidentti Zelenskyit\u00e4 on p\u00e4\u00e4osin kohdeltu silkkihansikkain tai kritiikin hetkell\u00e4kin yleens\u00e4 poikkeuksellisen ymm\u00e4rt\u00e4v\u00e4sti.<\/p>\n<p>Ilmi\u00f6 on n\u00e4kynyt medioissakin, joissa Ukrainan sotaa koskeva <a class=\"underline\" data-testid=\"external-link\" href=\"https:\/\/www.mtvuutiset.fi\/artikkeli\/kommentti-ukraina-teki-sensaatiomaisen-iskun-ja-nyt-on-kiire-tehda-tsemppijournalismia\/9075184\" rel=\"noopener noreferrer nofollow\" data-sentry-component=\"ExternalLink\" data-sentry-source-file=\"ExternalLink.tsx\" target=\"_blank\">tsemppijournalismi<\/a> painottaa sit\u00e4, mink\u00e4 haluttaisiin olevan totta, mutta j\u00e4tet\u00e4\u00e4n kertomatta se, mist\u00e4 ei oikein tyk\u00e4t\u00e4.<\/p>\n<p>T\u00e4ll\u00f6in Ukrainan yksitt\u00e4iset voitot korostuvat, kun taas Ven\u00e4j\u00e4n vastaavista ei uutisoida tai ne kuitataan parilla rivill\u00e4.<\/p>\n<p>On tervett\u00e4, ett\u00e4 Ukrainan korruptioskandaali pilaa liki t\u00e4ydellisyydess\u00e4\u00e4n valheellisen kuvamme Ukrainasta. Mustavalkoinen ajattelu on ongelma, jota on syyt\u00e4 ravistella.<\/p>\n<p>Sotatieteilij\u00e4 <strong class=\"typography-bold\">Ilmari K\u00e4ihk\u00f6\u00a0<\/strong><a class=\"underline\" data-testid=\"external-link\" href=\"https:\/\/areena.yle.fi\/1-76201443\" rel=\"noopener noreferrer nofollow\" target=\"_blank\" data-sentry-component=\"ExternalLink\" data-sentry-source-file=\"ExternalLink.tsx\">v\u00e4itti<\/a> kirjassaan 10 oppia sodasta, ett\u00e4 tutkijakollegat ovat sanoneet h\u00e4nelle, ettei Ukrainan ongelmallisista asioista, kuten korruptiosta saisi puhua.\u00a0<\/p>\n<p>Perusteluna se, ett\u00e4 Ukrainan kritisoinnin on katsottu hy\u00f6dytt\u00e4v\u00e4n Ven\u00e4j\u00e4n presidentti <strong class=\"typography-bold\">Vladimir Putinia<\/strong>.<\/p>\n<p>Ajatus on j\u00e4rjet\u00f6n, koska jos brutaalissa maailmanpolitiikassa\u00a0valtio tai yksil\u00f6 kykenee tukemaan vain t\u00e4ydellisyytt\u00e4, on joko lopetettava auttaminen tai kasvettava aikuiseksi.<\/p>\n","protected":false},"excerpt":{"rendered":"Zelenskyi likasi itsens\u00e4 | MTV UutisetHypp\u00e4\u00e4 p\u00e4\u00e4sis\u00e4lt\u00f6\u00f6nSis\u00e4ll\u00f6t Tomi EinonenVastaava p\u00e4\u00e4toimittaja Ilkka AhtiainenUutisp\u00e4\u00e4toimittaja Mona HaapsaariToimitusp\u00e4\u00e4llikk\u00f6 Teemu NiikkoToimitusp\u00e4\u00e4llikk\u00f6, urheilu Liiketoiminta&hellip;\n","protected":false},"author":2,"featured_media":91452,"comment_status":"","ping_status":"","sticky":false,"template":"","format":"standard","meta":{"footnotes":""},"categories":[14],"tags":[22,23,26,27,33,31,30,17,24,25,28,29,15,18,21,32,19,20,56,16,59,60,61],"class_list":{"0":"post-91451","1":"post","2":"type-post","3":"status-publish","4":"format-standard","5":"has-post-thumbnail","7":"category-ulkomaat","8":"tag-breaking-news","9":"tag-breakingnews","10":"tag-featured-news","11":"tag-featurednews","12":"tag-fi","13":"tag-finland","14":"tag-finnish","15":"tag-headlines","16":"tag-latest-news","17":"tag-latestnews","18":"tag-main-news","19":"tag-mainnews","20":"tag-news","21":"tag-otsikot","22":"tag-paauutiset","23":"tag-suomi","24":"tag-top-stories","25":"tag-topstories","26":"tag-ulkomaat","27":"tag-uutiset","28":"tag-world","29":"tag-world-news","30":"tag-worldnews"},"share_on_mastodon":{"url":"https:\/\/pubeurope.com\/@fi\/115558562305219337","error":""},"_links":{"self":[{"href":"https:\/\/www.europesays.com\/fi\/wp-json\/wp\/v2\/posts\/91451","targetHints":{"allow":["GET"]}}],"collection":[{"href":"https:\/\/www.europesays.com\/fi\/wp-json\/wp\/v2\/posts"}],"about":[{"href":"https:\/\/www.europesays.com\/fi\/wp-json\/wp\/v2\/types\/post"}],"author":[{"embeddable":true,"href":"https:\/\/www.europesays.com\/fi\/wp-json\/wp\/v2\/users\/2"}],"replies":[{"embeddable":true,"href":"https:\/\/www.europesays.com\/fi\/wp-json\/wp\/v2\/comments?post=91451"}],"version-history":[{"count":0,"href":"https:\/\/www.europesays.com\/fi\/wp-json\/wp\/v2\/posts\/91451\/revisions"}],"wp:featuredmedia":[{"embeddable":true,"href":"https:\/\/www.europesays.com\/fi\/wp-json\/wp\/v2\/media\/91452"}],"wp:attachment":[{"href":"https:\/\/www.europesays.com\/fi\/wp-json\/wp\/v2\/media?parent=91451"}],"wp:term":[{"taxonomy":"category","embeddable":true,"href":"https:\/\/www.europesays.com\/fi\/wp-json\/wp\/v2\/categories?post=91451"},{"taxonomy":"post_tag","embeddable":true,"href":"https:\/\/www.europesays.com\/fi\/wp-json\/wp\/v2\/tags?post=91451"}],"curies":[{"name":"wp","href":"https:\/\/api.w.org\/{rel}","templated":true}]}}