{"id":91454,"date":"2025-11-16T09:02:10","date_gmt":"2025-11-16T09:02:10","guid":{"rendered":"https:\/\/www.europesays.com\/fi\/91454\/"},"modified":"2025-11-16T09:02:10","modified_gmt":"2025-11-16T09:02:10","slug":"tuomas-gronvall-kutsuttiin-lyotavaksi-lontooseen-saikin-kovaa-hehkutusta","status":"publish","type":"post","link":"https:\/\/www.europesays.com\/fi\/91454\/","title":{"rendered":"Tuomas Gr\u00f6nvall kutsuttiin ly\u00f6t\u00e4v\u00e4ksi Lontooseen \u2013 Saikin kovaa hehkutusta"},"content":{"rendered":"<p>Tuomas Gr\u00f6nvall koki pistetappion, mutta haki voittoa loppuun asti.<\/p>\n<p><img decoding=\"async\" class=\"image image-show image-preview\" src=\"https:\/\/www.europesays.com\/fi\/wp-content\/uploads\/2025\/11\/0bf920acd2ec0cb834d4dc812d12d3b54988fc649e21ab7601ee9067291e9c73.jpg\" alt=\"\"\/><img decoding=\"async\" class=\"image image-show\" src=\"https:\/\/www.europesays.com\/fi\/wp-content\/uploads\/2025\/11\/1763283730_640_0bf920acd2ec0cb834d4dc812d12d3b54988fc649e21ab7601ee9067291e9c73.jpg\" alt=\"\"\/><\/p>\n<p>Tuomas Gr\u00f6nvall ei pystynyt voittamaan kovaa brittilupausta. MIKKO HUISKO<\/p>\n<p class=\"paragraph\">Espoolainen vapaaottelija <strong>Tuomas Gr\u00f6nvall<\/strong> koki yksimielisen pistetappion maineikkaan Cage Warriorsin Lontoon-illassa lauantaina.<\/p>\n<p class=\"paragraph\">L\u00e4ht\u00f6kohdat olivat ep\u00e4kiitolliset, sill\u00e4 Gr\u00f6nvall kutsuttiin ottelemaan promootion omaa brittilupausta <strong>Ollie Sarwaa<\/strong> vastaan. Sarwa on kulkenut voitosta voittoon Cage Warriorsissa, ja saldo t\u00e4ydentyi kahdeksannella vihre\u00e4ll\u00e4 merkinn\u00e4ll\u00e4 lauantai-iltana.<\/p>\n<p class=\"paragraph\">Sarwa p\u00e4\u00e4sikin osumaan pystyss\u00e4 painavasti kahden ensimm\u00e4isen er\u00e4n aikana. 10 minuutin j\u00e4lkeen Gr\u00f6nvallin auennutta otsaa putsattiin toisella er\u00e4tauolla.<\/p>\n<p class=\"paragraph\">Hurjasta kunnostaan tunnettu suomalainen ei kuitenkaan suostunut taipumaan helpolla. Gr\u00f6nvall pystyi kolmoser\u00e4ss\u00e4 viem\u00e4\u00e4n Sarwan mattoon ja hakemaan jopa lopetusyrityksi\u00e4.<\/p>\n<p class=\"paragraph\">Britti kuitenkin kesti paineen ja juhli lopulta voittoa. P\u00e4\u00e4t\u00f6ser\u00e4n j\u00e4lkeen h\u00e4n antoi tunnustuksen Gr\u00f6nvallin suuntaan, ja my\u00f6s l\u00e4hetyksen selostajat kehuivat otatusta.<\/p>\n<p class=\"paragraph\">\u2013\u2009Hieno matsi ja yksi todella, todella kova j\u00e4tk\u00e4. Iso kunnioitus, Sarwa kirjoitti Gr\u00f6nvallin julkaisemaan yhteiskuvaan <a href=\"https:\/\/www.instagram.com\/stories\/tuomasgronvall\/3766732348889545142\/\" target=\"_blank\" rel=\"noopener nofollow\">Instagram-tarinassaan<\/a>.<\/p>\n<p class=\"paragraph\">Gr\u00f6nvallin ammattilaistilastoissa on nyt 13 voittoa, 10 tappiota ja yksi ratkaisematon.<\/p>\n<p><script async src=\"\/\/www.instagram.com\/embed.js\"><\/script><\/p>\n","protected":false},"excerpt":{"rendered":"Tuomas Gr\u00f6nvall koki pistetappion, mutta haki voittoa loppuun asti. Tuomas Gr\u00f6nvall ei pystynyt voittamaan kovaa brittilupausta. MIKKO HUISKO&hellip;\n","protected":false},"author":2,"featured_media":91455,"comment_status":"","ping_status":"","sticky":false,"template":"","format":"standard","meta":{"footnotes":""},"categories":[5],"tags":[35,22,23,26,27,33,31,30,17,1511,763,24,25,41,28,29,1616,15,18,21,32,397,538,19,20,16],"class_list":{"0":"post-91454","1":"post","2":"type-post","3":"status-publish","4":"format-standard","5":"has-post-thumbnail","7":"category-otsikot","8":"tag-24h","9":"tag-breaking-news","10":"tag-breakingnews","11":"tag-featured-news","12":"tag-featurednews","13":"tag-fi","14":"tag-finland","15":"tag-finnish","16":"tag-headlines","17":"tag-joukkoviestinta","18":"tag-kulttuuri-ja-viihde","19":"tag-latest-news","20":"tag-latestnews","21":"tag-liikunta-ja-urheilu","22":"tag-main-news","23":"tag-mainnews","24":"tag-media-viestinta","25":"tag-news","26":"tag-otsikot","27":"tag-paauutiset","28":"tag-suomi","29":"tag-taide","30":"tag-tiede-ja-tekniikka","31":"tag-top-stories","32":"tag-topstories","33":"tag-uutiset"},"share_on_mastodon":{"url":"https:\/\/pubeurope.com\/@fi\/115558570163220618","error":""},"_links":{"self":[{"href":"https:\/\/www.europesays.com\/fi\/wp-json\/wp\/v2\/posts\/91454","targetHints":{"allow":["GET"]}}],"collection":[{"href":"https:\/\/www.europesays.com\/fi\/wp-json\/wp\/v2\/posts"}],"about":[{"href":"https:\/\/www.europesays.com\/fi\/wp-json\/wp\/v2\/types\/post"}],"author":[{"embeddable":true,"href":"https:\/\/www.europesays.com\/fi\/wp-json\/wp\/v2\/users\/2"}],"replies":[{"embeddable":true,"href":"https:\/\/www.europesays.com\/fi\/wp-json\/wp\/v2\/comments?post=91454"}],"version-history":[{"count":0,"href":"https:\/\/www.europesays.com\/fi\/wp-json\/wp\/v2\/posts\/91454\/revisions"}],"wp:featuredmedia":[{"embeddable":true,"href":"https:\/\/www.europesays.com\/fi\/wp-json\/wp\/v2\/media\/91455"}],"wp:attachment":[{"href":"https:\/\/www.europesays.com\/fi\/wp-json\/wp\/v2\/media?parent=91454"}],"wp:term":[{"taxonomy":"category","embeddable":true,"href":"https:\/\/www.europesays.com\/fi\/wp-json\/wp\/v2\/categories?post=91454"},{"taxonomy":"post_tag","embeddable":true,"href":"https:\/\/www.europesays.com\/fi\/wp-json\/wp\/v2\/tags?post=91454"}],"curies":[{"name":"wp","href":"https:\/\/api.w.org\/{rel}","templated":true}]}}