{"id":91458,"date":"2025-11-16T09:17:08","date_gmt":"2025-11-16T09:17:08","guid":{"rendered":"https:\/\/www.europesays.com\/fi\/91458\/"},"modified":"2025-11-16T09:17:08","modified_gmt":"2025-11-16T09:17:08","slug":"tanaan-tvssa-viiden-tahden-tieteisseikkailu-vuodelta-2014-eeppinen","status":"publish","type":"post","link":"https:\/\/www.europesays.com\/fi\/91458\/","title":{"rendered":"T\u00e4n\u00e4\u00e4n tv:ss\u00e4: Viiden t\u00e4hden tieteisseikkailu vuodelta 2014 \u2013 \u201dEeppinen!&#8221;"},"content":{"rendered":"<p><strong>Christopher Nolanin<\/strong> (Inception, Oppenheimer) ohjaama Interstellar ilmestyi vuonna 2014. Se on kosminen seikkailukertomus, joka kurottaa kohti t\u00e4hti\u00e4 ja onnistuu siin\u00e4. Se on yht\u00e4 syv\u00e4llinen kuin 2001: Avaruusseikkailu, yht\u00e4 j\u00e4nnitt\u00e4v\u00e4 kuin Alien ja yht\u00e4 koskettava kuin E.T.<\/p>\n<p><strong>Matthew McConaughey <\/strong>esitt\u00e4\u00e4 astronauttia, joka suuntaa kohti \u00e4\u00e4ret\u00f6nt\u00e4 ja sen yli. Cooper ei kuitenkaan ole mik\u00e4\u00e4n Buzz Lightyear -tyyppinen supersankari vaan tavallisen oloinen leskimies ja maanviljelij\u00e4, joka asuu lastensa ja appiukkonsa kanssa Ihmemaa Ozin mieleen tuovalla syrj\u00e4isell\u00e4 tilalla.<\/p>\n<p>Entisen\u00e4 lent\u00e4j\u00e4n\u00e4 ja insin\u00f6\u00f6rin\u00e4 Cooper p\u00e4\u00e4see osaksi Nasan tiimi\u00e4, joka matkustaa Saturnukseen ja sit\u00e4 kautta madonrei\u00e4n l\u00e4pi etsim\u00e4\u00e4n ihmiskunnalle uusia asuinalueita. Maapalloa odottaa tuho, mist\u00e4 on merkkin\u00e4 viljasatojen kuolema, jatkuvat myrskyt ja joka puolelle levi\u00e4v\u00e4 p\u00f6ly.<\/p>\n<p>Cooper joutuu j\u00e4tt\u00e4m\u00e4\u00e4n perheens\u00e4 taakseen ehk\u00e4 vuosikausiksi, mutta h\u00e4n lupaa pojalleen ja tytt\u00e4relleen palaavansa takaisin. Mukaan l\u00e4htev\u00e4t<strong> Michael Cainen <\/strong>esitt\u00e4m\u00e4n Nasa-professorin tyt\u00e4r (<strong>Anne Hathaway<\/strong>) ja muutama muu astronautti sek\u00e4 kulmikkaan n\u00e4k\u00f6inen mutta persoonallinen ja muuntautumiskykyinen robotti TARS. Matkasta tulee paitsi kiehtova ja j\u00e4nnitt\u00e4v\u00e4 my\u00f6s visuaalisesti upea kokemus. Jos joku elokuva on eeppinen, niin t\u00e4m\u00e4.<\/p>\n<p>Lue my\u00f6s: <a href=\"https:\/\/www.episodi.fi\/uutiset\/christopher-nolan-paljasti-vuoden-2024-lempielokuvansa-leuat-loksauttavia-kohtauksia-yksi-toisensa-jalkeen\/\" title=\"Christopher Nolan paljasti vuoden 2024 lempielokuvansa \u2013 \u201dLeuat loksauttavia kohtauksia yksi toisensa j\u00e4lkeen\u201d\" class=\"underline-custom !font-montserrat !font-bold !underline-offset-4 !decoration-4 !decoration-episodi-blue !text-md\" rel=\"nofollow noopener\" target=\"_blank\">Christopher Nolan paljasti vuoden 2024 lempielokuvansa \u2013 \u201dLeuat loksauttavia kohtauksia yksi toisensa j\u00e4lkeen\u201d<\/a><\/p>\n<p>Viiden t\u00e4hden tieteisseikkailu ottaa kaiken irti suhteellisuusteoriasta ja v\u00e4\u00e4nt\u00e4\u00e4 siihen omat mutkansa. Mit\u00e4 tapahtuu, kun silm\u00e4nr\u00e4p\u00e4ys on toisille useita vuosia tai jos lapset ovat keski-ik\u00e4isi\u00e4 kun palaa takaisin?<\/p>\n<p>Nolan pohtii avaruusmatkailua tieteellisen analyyttisesti, mutta siin\u00e4 on my\u00f6s tunteisiin vetoava puoli. Interstellarin musiikissakin kuuluu kaikuja 2001: Avaruusseikkailusta, mutta toisin kuin esikuvansa, se on my\u00f6s h\u00e4peilem\u00e4tt\u00f6m\u00e4n sentimentaalinen elokuva. <strong>Dylan Thomasin<\/strong> runoon viitataan koskettavasti, ja maapallolta tulleet viestit saavat kyyneleet Cooperin poskille.<\/p>\n<p>Melodramaattisilla hetkill\u00e4kin Nolan kuitenkin s\u00e4ilytt\u00e4\u00e4 tyylitajunsa. Elokuvan sanoma tuntuu olevan, ett\u00e4 tiede ei ehk\u00e4 annakaan vastauksia kaikkeen vaan rakkaus. Ja seh\u00e4n on tunnetusti kaikkein suurinta.<\/p>\n<p>Interstellar esitet\u00e4\u00e4n nyt televisiossa kaksi kertaa:<\/p>\n<ul class=\"wp-block-list\">\n<li>Su 16.11.2025 klo 21.00 \u00b7 TV5<\/li>\n<li>Su 23.11.2025 klo 00.40 \u00b7 Kutonen<\/li>\n<\/ul>\n<p>Elokuva kuuluu t\u00e4ll\u00e4 hetkell\u00e4 my\u00f6s Netflixin, Viaplayn ja HBO Maxin valikoimiin. Katso alta kohtaus elokuvasta.<\/p>\n<p>P\u00e4ivitys 16.11.2025 klo 11.00. Korjattu otsikkoa ja lis\u00e4tty oikea ilmestymisvuosi juttuun.<\/p>\n<p><img loading=\"lazy\" decoding=\"async\" alt=\"YouTube video\" width=\"480\" height=\"360\" data-pin-nopin=\"true\" nopin=\"nopin\" class=\"perfmatters-lazy\" src=\"https:\/\/www.europesays.com\/fi\/wp-content\/uploads\/2025\/11\/1763284628_194_hqdefault.jpg\"\/><\/p>\n<p>Lue my\u00f6s: <a href=\"https:\/\/www.episodi.fi\/uutiskirje\/?uutiskirjemainos=tekstilinkkimainos\" title=\"Tilaa Episodin uutiskirje ja voit voittaa leffalippuja! Nappaa tv-vinkit suoraan s\u00e4hk\u00f6postiin t\u00e4st\u00e4.\" class=\"underline-custom !font-montserrat !font-bold !underline-offset-4 !decoration-4 !decoration-episodi-blue !text-md\" rel=\"nofollow noopener\" target=\"_blank\">Tilaa Episodin uutiskirje ja voit voittaa leffalippuja! Nappaa katseluvinkit suoraan s\u00e4hk\u00f6postiin t\u00e4st\u00e4.<\/a><\/p>\n","protected":false},"excerpt":{"rendered":"Christopher Nolanin (Inception, Oppenheimer) ohjaama Interstellar ilmestyi vuonna 2014. Se on kosminen seikkailukertomus, joka kurottaa kohti t\u00e4hti\u00e4 ja&hellip;\n","protected":false},"author":2,"featured_media":91459,"comment_status":"","ping_status":"","sticky":false,"template":"","format":"standard","meta":{"footnotes":""},"categories":[133],"tags":[137,33,31,30,32,206,139,156,109],"class_list":{"0":"post-91458","1":"post","2":"type-post","3":"status-publish","4":"format-standard","5":"has-post-thumbnail","7":"category-televisiot","8":"tag-entertainment","9":"tag-fi","10":"tag-finland","11":"tag-finnish","12":"tag-suomi","13":"tag-televisiot","14":"tag-tv-ohjelmat","15":"tag-tv","16":"tag-viihde"},"share_on_mastodon":{"url":"https:\/\/pubeurope.com\/@fi\/115558629029959201","error":""},"_links":{"self":[{"href":"https:\/\/www.europesays.com\/fi\/wp-json\/wp\/v2\/posts\/91458","targetHints":{"allow":["GET"]}}],"collection":[{"href":"https:\/\/www.europesays.com\/fi\/wp-json\/wp\/v2\/posts"}],"about":[{"href":"https:\/\/www.europesays.com\/fi\/wp-json\/wp\/v2\/types\/post"}],"author":[{"embeddable":true,"href":"https:\/\/www.europesays.com\/fi\/wp-json\/wp\/v2\/users\/2"}],"replies":[{"embeddable":true,"href":"https:\/\/www.europesays.com\/fi\/wp-json\/wp\/v2\/comments?post=91458"}],"version-history":[{"count":0,"href":"https:\/\/www.europesays.com\/fi\/wp-json\/wp\/v2\/posts\/91458\/revisions"}],"wp:featuredmedia":[{"embeddable":true,"href":"https:\/\/www.europesays.com\/fi\/wp-json\/wp\/v2\/media\/91459"}],"wp:attachment":[{"href":"https:\/\/www.europesays.com\/fi\/wp-json\/wp\/v2\/media?parent=91458"}],"wp:term":[{"taxonomy":"category","embeddable":true,"href":"https:\/\/www.europesays.com\/fi\/wp-json\/wp\/v2\/categories?post=91458"},{"taxonomy":"post_tag","embeddable":true,"href":"https:\/\/www.europesays.com\/fi\/wp-json\/wp\/v2\/tags?post=91458"}],"curies":[{"name":"wp","href":"https:\/\/api.w.org\/{rel}","templated":true}]}}