{"id":91460,"date":"2025-11-16T09:20:07","date_gmt":"2025-11-16T09:20:07","guid":{"rendered":"https:\/\/www.europesays.com\/fi\/91460\/"},"modified":"2025-11-16T09:20:07","modified_gmt":"2025-11-16T09:20:07","slug":"varoitus-rajusta-viruksesta-pyyhkaisee-lapi-maailman","status":"publish","type":"post","link":"https:\/\/www.europesays.com\/fi\/91460\/","title":{"rendered":"Varoitus rajusta viruksesta: Pyyhk\u00e4isee l\u00e4pi maailman"},"content":{"rendered":"<p>\n\tSanteri Lampi\t15.11.2025 23:02, muokattu<br \/>\n\t14.11.2025 17:40\n<\/p>\n<p>\t\t\t\t\t\t\t\t\tTerveys<\/p>\n<p>Alkavasta influenssakaudesta voi tulla jopa ennakoitua rajumpi, kertoo BBC.<\/p>\n<p>Sen haastattelemien asiantuntijoiden mukaan influenssavirus mutatoitui \u00e4killisesti viime kes\u00e4ll\u00e4. T\u00e4ss\u00e4 muodossaan se pystyy kiert\u00e4m\u00e4\u00e4n immuunij\u00e4rjestelm\u00e4n tavanomaista paremmin.<\/p>\n<p>Aiempien kokemusten perusteella t\u00e4ll\u00e4 tavalla mutatoitunut virus on aiheuttanut tavanomaista vakavampia sairastumisia. Britannian terveydenhuoltoj\u00e4rjestelm\u00e4 (NHS) on jopa antanut\u00a0varoituksen, jossa muistutetaan influenssarokotusten ottamisen merkityksest\u00e4.<\/p>\n<p>Professori <strong>Nicola Lewisin<\/strong> mukaan uusiin variantteihin liittyy viel\u00e4 paljon ep\u00e4varmuutta, mutta h\u00e4nen tietojensa mukaan alkavasta influenssakaudesta saattaa tulla vuosikymmenen vaikein.<\/p>\n<p>\u2013\u00a0Emme ole n\u00e4hneet t\u00e4llaista virusta ihan hetkeen, Francis Crick -instituutin influenssakeskuksen johtaja arvioi BBC:lle.<\/p>\n<p>\u2013 Se todellakin huolestuttaa minua, ehdottomasti. En panikoi, mutta olen huolissani.<\/p>\n<p>Tutkijat seuraavat influenssavirusten kehityst\u00e4 taukoamatta, koska virukset mutatoituvat jatkuvasti. N\u00e4in ollen my\u00f6s kausiluonteinen influenssarokote on p\u00e4ivitett\u00e4v\u00e4 vuosittain.<\/p>\n<p>Silloin t\u00e4ll\u00f6in virukset saattavat muuntua merkitt\u00e4v\u00e4sti. N\u00e4in k\u00e4vi BBC:n mukaan viime kes\u00e4kuussa, jolloin H3N2-kausi-influenssaviruskantaan ilmestyi seitsem\u00e4n mutaatiota. Muutos oli poikkeuksellinen, sill\u00e4 se tapahtui keskell\u00e4 kes\u00e4\u00e4.<\/p>\n<p>\u2013 Se hyvin todenn\u00e4k\u00f6isesti pyyhk\u00e4isee yli maailman, sanoo Cambridgen yliopistin professori <strong>Derek Smith<\/strong>.<\/p>\n<p>Professori Lewisin kutsuu H3-influenssavirusta \u201dilke\u00e4ksi\u201d virukseksi, sill\u00e4 tietyille ihmisryhmille se voi olla hyvinkin vaarallinen. Nyt tautia aiheuttavat influenssavirukset ovatkin aiemmin aiheuttaneet erityisen vakavaa tautia ik\u00e4\u00e4ntyneill\u00e4.<\/p>\n","protected":false},"excerpt":{"rendered":"Santeri Lampi 15.11.2025 23:02, muokattu 14.11.2025 17:40 Terveys Alkavasta influenssakaudesta voi tulla jopa ennakoitua rajumpi, kertoo BBC. Sen&hellip;\n","protected":false},"author":2,"featured_media":91461,"comment_status":"","ping_status":"","sticky":false,"template":"","format":"standard","meta":{"footnotes":""},"categories":[165],"tags":[33,31,30,166,32,167],"class_list":{"0":"post-91460","1":"post","2":"type-post","3":"status-publish","4":"format-standard","5":"has-post-thumbnail","7":"category-terveys","8":"tag-fi","9":"tag-finland","10":"tag-finnish","11":"tag-health","12":"tag-suomi","13":"tag-terveys"},"share_on_mastodon":{"url":"https:\/\/pubeurope.com\/@fi\/115558640848402307","error":""},"_links":{"self":[{"href":"https:\/\/www.europesays.com\/fi\/wp-json\/wp\/v2\/posts\/91460","targetHints":{"allow":["GET"]}}],"collection":[{"href":"https:\/\/www.europesays.com\/fi\/wp-json\/wp\/v2\/posts"}],"about":[{"href":"https:\/\/www.europesays.com\/fi\/wp-json\/wp\/v2\/types\/post"}],"author":[{"embeddable":true,"href":"https:\/\/www.europesays.com\/fi\/wp-json\/wp\/v2\/users\/2"}],"replies":[{"embeddable":true,"href":"https:\/\/www.europesays.com\/fi\/wp-json\/wp\/v2\/comments?post=91460"}],"version-history":[{"count":0,"href":"https:\/\/www.europesays.com\/fi\/wp-json\/wp\/v2\/posts\/91460\/revisions"}],"wp:featuredmedia":[{"embeddable":true,"href":"https:\/\/www.europesays.com\/fi\/wp-json\/wp\/v2\/media\/91461"}],"wp:attachment":[{"href":"https:\/\/www.europesays.com\/fi\/wp-json\/wp\/v2\/media?parent=91460"}],"wp:term":[{"taxonomy":"category","embeddable":true,"href":"https:\/\/www.europesays.com\/fi\/wp-json\/wp\/v2\/categories?post=91460"},{"taxonomy":"post_tag","embeddable":true,"href":"https:\/\/www.europesays.com\/fi\/wp-json\/wp\/v2\/tags?post=91460"}],"curies":[{"name":"wp","href":"https:\/\/api.w.org\/{rel}","templated":true}]}}