{"id":91486,"date":"2025-11-16T09:54:09","date_gmt":"2025-11-16T09:54:09","guid":{"rendered":"https:\/\/www.europesays.com\/fi\/91486\/"},"modified":"2025-11-16T09:54:09","modified_gmt":"2025-11-16T09:54:09","slug":"kirsikka-pukilta-riipaiseva-julkaisu","status":"publish","type":"post","link":"https:\/\/www.europesays.com\/fi\/91486\/","title":{"rendered":"Kirsikka Pukilta riipaiseva julkaisu"},"content":{"rendered":"<p>Pukin perhe todistaa viel\u00e4 maanantaina Teemu-is\u00e4n viimeist\u00e4 maaottelua.<\/p>\n<p><img decoding=\"async\" class=\"image image-show image-preview\" src=\"https:\/\/www.europesays.com\/fi\/wp-content\/uploads\/2025\/11\/c7c28925902e1688778ea39a98e3cb52e83814deb04345142920fb67ef3a2bc5.jpg\" alt=\"\"\/><img decoding=\"async\" class=\"image image-show\" src=\"https:\/\/www.europesays.com\/fi\/wp-content\/uploads\/2025\/11\/1763286849_935_c7c28925902e1688778ea39a98e3cb52e83814deb04345142920fb67ef3a2bc5.jpg\" alt=\"\"\/><\/p>\n<p>Teemu ja Kirsikka Pukki on n\u00e4hty Linnan juhlissa. Jenni G\u00e4stgivar<\/p>\n<p class=\"paragraph\"><strong>Teemu Pukin<\/strong> ja h\u00e4nen perheens\u00e4 viikko on ollut tunteikas. Huuhkajien kaikkien aikojen maalitykki j\u00e4tti jo perjantaina j\u00e4\u00e4hyv\u00e4iset Olympiastadionille.<\/p>\n<p class=\"paragraph\">Maanantaina h\u00e4n pelaa uransa viimeisen maaottelun Tampereella, kun Suomi kohtaa Andorran harjoitusmaaottelussa.<\/p>\n<p class=\"paragraph\">Pukin vaimo <strong>Kirsikka Pukki<\/strong> sanoitti tunteitaan pitk\u00e4ss\u00e4 Instagram-julkaisussa.<\/p>\n<p class=\"paragraph\">\u2013\u2009Saavuin Olympiastadionille vuosikymmen sitten nuorena tytt\u00f6yst\u00e4v\u00e4n\u00e4, tuntematta ket\u00e4\u00e4n, tiet\u00e4m\u00e4tt\u00e4 lajista juuri mit\u00e4\u00e4n. Ainut mit\u00e4 silloin tiesin oli se, ett\u00e4 t\u00e4m\u00e4 on sinulle t\u00e4rke\u00e4\u00e4, Pukki aloitti.<\/p>\n<p class=\"paragraph\">Vuosien aikana h\u00e4n on ymm\u00e4rt\u00e4nyt, mit\u00e4 Suomen pelipaidan p\u00e4\u00e4lle vet\u00e4minen merkitsee miehelleen. Teemu Pukki kyynelehti Stadikalla, kun h\u00e4n seisoi Pohjoiskaarteen kannattajap\u00e4\u00e4dyn edess\u00e4 Malta-tappion j\u00e4lkeen.<\/p>\n<p class=\"paragraph\">\u2013\u2009Vuosiin matkan varrella mahtui suuria ilon sek\u00e4 pettymyksenkin tunteita. Maajoukkueleireille l\u00e4hdit aina silm\u00e4t ilosta kiiluen. Olin onnellinen sun puolesta, ylpeydest\u00e4 puhumattakaan.<\/p>\n<p class=\"paragraph\">\u2013\u2009Otit minut mukaan maailmaasi ja maajoukkueen my\u00f6t\u00e4 el\u00e4m\u00e4\u00e4mme saapui iso joukko rakkaita yst\u00e4vi\u00e4, joiden kanssa matka onneksi jatkuu Olympiastadionin ulkopuolella, Kirsikka Pukki jatkoi.<\/p>\n<p class=\"paragraph\">Kotiarjen py\u00f6ritt\u00e4minen ei ole helpointa, kun perheenis\u00e4n on ty\u00f6ns\u00e4 vuoksi ollut pitki\u00e4 aikoja poissa. Teemu ja Kirsikka Pukin perheeseen kuuluu kolme lasta.<\/p>\n<p class=\"paragraph\">\u2013\u2009Eilen poistuin stadionilta meid\u00e4n kolme lasta kainalossa. Mieless\u00e4 py\u00f6ri vuosikymmenen verran muistoja sinusta kent\u00e4ll\u00e4 ja onnen hetki\u00e4 joita saimme kokea katsomossa. Nyt on rakas sinun aika j\u00e4tt\u00e4\u00e4 suurella ylpeydell\u00e4 t\u00e4m\u00e4 kentt\u00e4 nuoremmille, joiden unelmat ovat yht\u00e4 suuria kuin sinunkin aikanaan.<\/p>\n<p class=\"paragraph\">\u2013\u2009Kaikki se ty\u00f6 mink\u00e4 sin\u00e4 teit ja kaikki ne teot, joiden kautta me muutkin saimme kokea jalkapallon huumaa parhaimmillaan, j\u00e4\u00e4v\u00e4t el\u00e4m\u00e4\u00e4n suomalaisen jalkapallon historiaan, Kirsikka-vaimo p\u00e4\u00e4tti ja muistutti miehens\u00e4 olevan rakkain ja legenda.<\/p>\n<p class=\"paragraph\">Teemu Pukki on pelannut yhteens\u00e4 132 A-maaottelua ja tehnyt niiss\u00e4 42 maalia.<\/p>\n","protected":false},"excerpt":{"rendered":"Pukin perhe todistaa viel\u00e4 maanantaina Teemu-is\u00e4n viimeist\u00e4 maaottelua. Teemu ja Kirsikka Pukki on n\u00e4hty Linnan juhlissa. Jenni G\u00e4stgivar&hellip;\n","protected":false},"author":2,"featured_media":91487,"comment_status":"","ping_status":"","sticky":false,"template":"","format":"standard","meta":{"footnotes":""},"categories":[5],"tags":[35,22,23,26,27,33,31,30,17,43,42,1745,1984,24,25,41,28,29,15,18,21,32,19,20,16],"class_list":{"0":"post-91486","1":"post","2":"type-post","3":"status-publish","4":"format-standard","5":"has-post-thumbnail","7":"category-otsikot","8":"tag-24h","9":"tag-breaking-news","10":"tag-breakingnews","11":"tag-featured-news","12":"tag-featurednews","13":"tag-fi","14":"tag-finland","15":"tag-finnish","16":"tag-headlines","17":"tag-jalkapallo","18":"tag-jalkapalloon-perustuvat-lajit","19":"tag-jalkapallopelaajat","20":"tag-jalkapallopelaajat-miehet","21":"tag-latest-news","22":"tag-latestnews","23":"tag-liikunta-ja-urheilu","24":"tag-main-news","25":"tag-mainnews","26":"tag-news","27":"tag-otsikot","28":"tag-paauutiset","29":"tag-suomi","30":"tag-top-stories","31":"tag-topstories","32":"tag-uutiset"},"share_on_mastodon":{"url":"https:\/\/pubeurope.com\/@fi\/115558774533505395","error":""},"_links":{"self":[{"href":"https:\/\/www.europesays.com\/fi\/wp-json\/wp\/v2\/posts\/91486","targetHints":{"allow":["GET"]}}],"collection":[{"href":"https:\/\/www.europesays.com\/fi\/wp-json\/wp\/v2\/posts"}],"about":[{"href":"https:\/\/www.europesays.com\/fi\/wp-json\/wp\/v2\/types\/post"}],"author":[{"embeddable":true,"href":"https:\/\/www.europesays.com\/fi\/wp-json\/wp\/v2\/users\/2"}],"replies":[{"embeddable":true,"href":"https:\/\/www.europesays.com\/fi\/wp-json\/wp\/v2\/comments?post=91486"}],"version-history":[{"count":0,"href":"https:\/\/www.europesays.com\/fi\/wp-json\/wp\/v2\/posts\/91486\/revisions"}],"wp:featuredmedia":[{"embeddable":true,"href":"https:\/\/www.europesays.com\/fi\/wp-json\/wp\/v2\/media\/91487"}],"wp:attachment":[{"href":"https:\/\/www.europesays.com\/fi\/wp-json\/wp\/v2\/media?parent=91486"}],"wp:term":[{"taxonomy":"category","embeddable":true,"href":"https:\/\/www.europesays.com\/fi\/wp-json\/wp\/v2\/categories?post=91486"},{"taxonomy":"post_tag","embeddable":true,"href":"https:\/\/www.europesays.com\/fi\/wp-json\/wp\/v2\/tags?post=91486"}],"curies":[{"name":"wp","href":"https:\/\/api.w.org\/{rel}","templated":true}]}}