{"id":91488,"date":"2025-11-16T10:06:09","date_gmt":"2025-11-16T10:06:09","guid":{"rendered":"https:\/\/www.europesays.com\/fi\/91488\/"},"modified":"2025-11-16T10:06:09","modified_gmt":"2025-11-16T10:06:09","slug":"kuinka-hyvin-tunnistat-kardashianit-jos-saat-8-8-olet-pysynyt-hyvin-kartalla","status":"publish","type":"post","link":"https:\/\/www.europesays.com\/fi\/91488\/","title":{"rendered":"Kuinka hyvin tunnistat Kardashianit? Jos saat 8\/8, olet pysynyt hyvin kartalla"},"content":{"rendered":"<p>Kardashian\u2013Jenner-klaani koostuu lukuisista julkisuuden henkil\u00f6ist\u00e4.<\/p>\n<p><img decoding=\"async\" class=\"image image-show image-preview\" src=\"https:\/\/www.europesays.com\/fi\/wp-content\/uploads\/2025\/11\/a797aa01ad44768b774da723cf9b2bd71e03629923c0a5c801aa3eaa3721a7e4.jpg\" alt=\"\"\/><img decoding=\"async\" class=\"image image-show\" src=\"https:\/\/www.europesays.com\/fi\/wp-content\/uploads\/2025\/11\/1763287569_722_a797aa01ad44768b774da723cf9b2bd71e03629923c0a5c801aa3eaa3721a7e4.jpg\" alt=\"\"\/><\/p>\n<p>Kardashianit ovat olleet pinalla jo pitk\u00e4\u00e4n. AOP<\/p>\n<p class=\"paragraph\">Kardashianit ovat amerikkalainen julkkisperhe, joka on tullut tunnetuksi toisaalta reality-tv:st\u00e4, toisaalta liiketoiminnastaan, sosiaalisesta mediastaan tai jostain aivan muusta.<\/p>\n<p class=\"paragraph\">Perhe kuitenkin nousi maailmanmaineeseen vuonna 2007 alkaneella reality-sarjalla Keeping Up with the Kardashians, joka seurasi heid\u00e4n arkeaan, ihmissuhteitaan ja liiketoimintaansa aina vuoteen 2021 saakka.<\/p>\n<p class=\"paragraph\">T\u00e4m\u00e4n j\u00e4lkeen heid\u00e4n el\u00e4m\u00e4\u00e4ns\u00e4 on seurattu samanlaisessa The Kardashians -sarjassa.<\/p>\n<p class=\"paragraph\">Kardashianit ovat mestareita sosiaalisen median hy\u00f6dynt\u00e4misess\u00e4. He hallitsevat miljoonien seuraajien tilej\u00e4 Instagramissa, Tiktokissa ja muissa kanavissa.<\/p>\n<p class=\"paragraph\">Kardashianien klaani on suuri ja t\u00e4ynn\u00e4 tunnettuja kasvoja. Nyt Iltalehden lukijat p\u00e4\u00e4sev\u00e4t kokeilemaan, kuinka hyvin he tunnistavat tuon julkkisperheen j\u00e4senet.<\/p>\n<p class=\"paragraph\">Tee testi alta. Onnea matkaan!<\/p>\n<p class=\"paragraph\">Lis\u00e4\u00e4 Iltalehden testej\u00e4 l\u00f6yd\u00e4t <a href=\"https:\/\/www.iltalehti.fi\/testit\" rel=\"nofollow noopener\" target=\"_blank\">t\u00e4lt\u00e4 sivulta<\/a>.<\/p>\n","protected":false},"excerpt":{"rendered":"Kardashian\u2013Jenner-klaani koostuu lukuisista julkisuuden henkil\u00f6ist\u00e4. Kardashianit ovat olleet pinalla jo pitk\u00e4\u00e4n. AOP Kardashianit ovat amerikkalainen julkkisperhe, joka on&hellip;\n","protected":false},"author":2,"featured_media":91489,"comment_status":"","ping_status":"","sticky":false,"template":"","format":"standard","meta":{"footnotes":""},"categories":[136],"tags":[35,407,137,33,31,30,147,1511,408,979,32,139,109],"class_list":{"0":"post-91488","1":"post","2":"type-post","3":"status-publish","4":"format-standard","5":"has-post-thumbnail","7":"category-julkkikset","8":"tag-24h","9":"tag-celebrities","10":"tag-entertainment","11":"tag-fi","12":"tag-finland","13":"tag-finnish","14":"tag-internet-palvelut","15":"tag-joukkoviestinta","16":"tag-julkkikset","17":"tag-sahkoinen-media","18":"tag-suomi","19":"tag-tv-ohjelmat","20":"tag-viihde"},"share_on_mastodon":{"url":"https:\/\/pubeurope.com\/@fi\/115558821936368609","error":""},"_links":{"self":[{"href":"https:\/\/www.europesays.com\/fi\/wp-json\/wp\/v2\/posts\/91488","targetHints":{"allow":["GET"]}}],"collection":[{"href":"https:\/\/www.europesays.com\/fi\/wp-json\/wp\/v2\/posts"}],"about":[{"href":"https:\/\/www.europesays.com\/fi\/wp-json\/wp\/v2\/types\/post"}],"author":[{"embeddable":true,"href":"https:\/\/www.europesays.com\/fi\/wp-json\/wp\/v2\/users\/2"}],"replies":[{"embeddable":true,"href":"https:\/\/www.europesays.com\/fi\/wp-json\/wp\/v2\/comments?post=91488"}],"version-history":[{"count":0,"href":"https:\/\/www.europesays.com\/fi\/wp-json\/wp\/v2\/posts\/91488\/revisions"}],"wp:featuredmedia":[{"embeddable":true,"href":"https:\/\/www.europesays.com\/fi\/wp-json\/wp\/v2\/media\/91489"}],"wp:attachment":[{"href":"https:\/\/www.europesays.com\/fi\/wp-json\/wp\/v2\/media?parent=91488"}],"wp:term":[{"taxonomy":"category","embeddable":true,"href":"https:\/\/www.europesays.com\/fi\/wp-json\/wp\/v2\/categories?post=91488"},{"taxonomy":"post_tag","embeddable":true,"href":"https:\/\/www.europesays.com\/fi\/wp-json\/wp\/v2\/tags?post=91488"}],"curies":[{"name":"wp","href":"https:\/\/api.w.org\/{rel}","templated":true}]}}