{"id":91494,"date":"2025-11-16T10:14:10","date_gmt":"2025-11-16T10:14:10","guid":{"rendered":"https:\/\/www.europesays.com\/fi\/91494\/"},"modified":"2025-11-16T10:14:10","modified_gmt":"2025-11-16T10:14:10","slug":"han-valloitti-katsojat-elamani-biisissa","status":"publish","type":"post","link":"https:\/\/www.europesays.com\/fi\/91494\/","title":{"rendered":"H\u00e4n valloitti katsojat El\u00e4m\u00e4ni Biisiss\u00e4"},"content":{"rendered":"<p>Yksi esitys valloitti katsojat El\u00e4m\u00e4ni Biisiss\u00e4.<\/p>\n<p><img decoding=\"async\" class=\"image image-show image-preview\" src=\"https:\/\/www.europesays.com\/fi\/wp-content\/uploads\/2025\/11\/c028d46ca326713d6fc1f90487cce105aba91c707d1e12cec988539cf95a82b2.jpg\" alt=\"\"\/><img decoding=\"async\" class=\"image image-show\" src=\"https:\/\/www.europesays.com\/fi\/wp-content\/uploads\/2025\/11\/1762025110_945_c028d46ca326713d6fc1f90487cce105aba91c707d1e12cec988539cf95a82b2.jpg\" alt=\"\"\/><\/p>\n<p>Katja St\u00e5hl juontaa El\u00e4m\u00e4ni Biisi -ohjelmaa.  Atte M\u00e4l\u00e4sk\u00e4 \/ Yellow Film &amp; TV Oy<\/p>\n<p class=\"paragraph\">El\u00e4m\u00e4ni Biisi -ohjelman seitsem\u00e4nnen tuotantokauden viimeisess\u00e4 jaksossa esiintynyt <a href=\"https:\/\/www.iltalehti.fi\/henkilot\/Lauri Mikkola\" class=\"article-link-person-page\" rel=\"nofollow noopener\" target=\"_blank\">Lauri Mikkola<\/a> on saanut runsaasti ylist\u00e4v\u00e4\u00e4 palautetta ohjelman katsojilta somessa.<\/p>\n<p class=\"paragraph\">Mikkola esitti ohjelman alussa tulkintansa Deep Purple -yhtyeen Highway star -kappaleesta.<\/p>\n<p class=\"paragraph\">\u2013 Voi jestas, kyll\u00e4 oli onnistunut Deep Purple cover, ihasteli er\u00e4s katsoja ohjelman Facebook-sivuilla.<\/p>\n<p class=\"paragraph\">\u2013 Loistava aloitus, uskomaton Lauri ja kitaristi veti melkein paremmin kuin aito, yksi ylisti.<\/p>\n<p class=\"paragraph\">\u2013 Hyv\u00e4t vieraat ja todella kova tuo Deep Purple aloitus! N\u00e4ki esityksen j\u00e4lkeen sen leve\u00e4n hymyn Laurin kasvoilla. Tiesi itsekin, ett\u00e4 nyt meni nappiin.<\/p>\n<p class=\"paragraph\">\u2013 Waude, mik\u00e4 aloitus Deep Purplea! Lauri veti hienosti.<\/p>\n<p>Lauri Mikkolan tulkinta hurmasi katsojat. Atte M\u00e4l\u00e4sk\u00e4<\/p>\n<p class=\"paragraph\">My\u00f6s Suvi Ter\u00e4sniska sai Facebookissa osakseen ihailua katsojilta.<\/p>\n<p class=\"paragraph\">\u2013 Nyt on pakko kehua Suvia. Mielet\u00f6n! ylisti er\u00e4s katsoja.<\/p>\n<p class=\"paragraph\">\u2013 Suvi sin\u00e4 ved\u00e4t jatkuvasti niin kovaa kansainv\u00e4list\u00e4 tasoa, ett\u00e4 ihmettelen, miten sinua ei olla viety tukka putkella ulkomaille. Toisaalta onneksi. Sin\u00e4 olet niin monipuolinen laulaja, ett\u00e4 voisit esiinty\u00e4 miss\u00e4 vaan ja miss\u00e4 genress\u00e4 tahansa.<\/p>\n<p class=\"paragraph\">\u2013 Voi Suvi, mik\u00e4 mahtava tulkinta. Osui ja upposi, kiitos.<\/p>\n<p class=\"paragraph\">El\u00e4m\u00e4ni Biisi -ohjelman finaalijakso n\u00e4htiin eilen TV1:ll\u00e4. Vieraina olivat <a href=\"https:\/\/www.iltalehti.fi\/henkilot\/Aija Puurtinen\" class=\"article-link-person-page\" rel=\"nofollow noopener\" target=\"_blank\">Aija Puurtinen<\/a>, <a href=\"https:\/\/www.iltalehti.fi\/henkilot\/Esko Kovero\" class=\"article-link-person-page\" rel=\"nofollow noopener\" target=\"_blank\">Esko Kovero<\/a>, <a href=\"https:\/\/www.iltalehti.fi\/henkilot\/Heikki Hiilamo\" class=\"article-link-person-page\" rel=\"nofollow noopener\" target=\"_blank\">Heikki Hiilamo<\/a>, <a href=\"https:\/\/www.iltalehti.fi\/henkilot\/Sonya Lindfors\" class=\"article-link-person-page\" rel=\"nofollow noopener\" target=\"_blank\">Sonya Lindfors<\/a> sek\u00e4 <a href=\"https:\/\/www.iltalehti.fi\/henkilot\/Vesa Silver\" class=\"article-link-person-page\" rel=\"nofollow noopener\" target=\"_blank\">Vesa Silver<\/a>.<\/p>\n<p>Suvi Ter\u00e4sniskan esityst\u00e4 ihasteltiin my\u00f6s somessa. Atte M\u00e4l\u00e4sk\u00e4<\/p>\n","protected":false},"excerpt":{"rendered":"Yksi esitys valloitti katsojat El\u00e4m\u00e4ni Biisiss\u00e4. Katja St\u00e5hl juontaa El\u00e4m\u00e4ni Biisi -ohjelmaa. Atte M\u00e4l\u00e4sk\u00e4 \/ Yellow Film &amp;&hellip;\n","protected":false},"author":2,"featured_media":91495,"comment_status":"","ping_status":"","sticky":false,"template":"","format":"standard","meta":{"footnotes":""},"categories":[130],"tags":[35,138,137,33,31,30,525,47,141,32,484,109],"class_list":{"0":"post-91494","1":"post","2":"type-post","3":"status-publish","4":"format-standard","5":"has-post-thumbnail","7":"category-viihde","8":"tag-24h","9":"tag-audio","10":"tag-entertainment","11":"tag-fi","12":"tag-finland","13":"tag-finnish","14":"tag-laulaminen-ja-laulajat","15":"tag-musiikki","16":"tag-muusikot-bandit","17":"tag-suomi","18":"tag-taiteellinen-ilmaisu-ja-mediat","19":"tag-viihde"},"share_on_mastodon":{"url":"https:\/\/pubeurope.com\/@fi\/115558853157192984","error":""},"_links":{"self":[{"href":"https:\/\/www.europesays.com\/fi\/wp-json\/wp\/v2\/posts\/91494","targetHints":{"allow":["GET"]}}],"collection":[{"href":"https:\/\/www.europesays.com\/fi\/wp-json\/wp\/v2\/posts"}],"about":[{"href":"https:\/\/www.europesays.com\/fi\/wp-json\/wp\/v2\/types\/post"}],"author":[{"embeddable":true,"href":"https:\/\/www.europesays.com\/fi\/wp-json\/wp\/v2\/users\/2"}],"replies":[{"embeddable":true,"href":"https:\/\/www.europesays.com\/fi\/wp-json\/wp\/v2\/comments?post=91494"}],"version-history":[{"count":0,"href":"https:\/\/www.europesays.com\/fi\/wp-json\/wp\/v2\/posts\/91494\/revisions"}],"wp:featuredmedia":[{"embeddable":true,"href":"https:\/\/www.europesays.com\/fi\/wp-json\/wp\/v2\/media\/91495"}],"wp:attachment":[{"href":"https:\/\/www.europesays.com\/fi\/wp-json\/wp\/v2\/media?parent=91494"}],"wp:term":[{"taxonomy":"category","embeddable":true,"href":"https:\/\/www.europesays.com\/fi\/wp-json\/wp\/v2\/categories?post=91494"},{"taxonomy":"post_tag","embeddable":true,"href":"https:\/\/www.europesays.com\/fi\/wp-json\/wp\/v2\/tags?post=91494"}],"curies":[{"name":"wp","href":"https:\/\/api.w.org\/{rel}","templated":true}]}}