{"id":91510,"date":"2025-11-16T10:43:12","date_gmt":"2025-11-16T10:43:12","guid":{"rendered":"https:\/\/www.europesays.com\/fi\/91510\/"},"modified":"2025-11-16T10:43:12","modified_gmt":"2025-11-16T10:43:12","slug":"turun-telakan-toimitusjohtaja-casimir-lindholm-kertoo-yhtion-150-miljoonan-euron-investointivajeesta-seka-muista-ongelmista-joihin-aiempi-johto-ei-hanen-mukaansa-puuttunut","status":"publish","type":"post","link":"https:\/\/www.europesays.com\/fi\/91510\/","title":{"rendered":"Turun telakan toimitusjohtaja Casimir Lindholm kertoo yhti\u00f6n 150 miljoonan euron investointivajeesta sek\u00e4 muista ongelmista, joihin aiempi johto ei h\u00e4nen mukaansa puuttunut"},"content":{"rendered":"<p><img decoding=\"async\" src=\"https:\/\/www.europesays.com\/fi\/wp-content\/uploads\/2025\/11\/1763289792_187_978.jpg\" alt=\"Casimir Lindholm haluaa saada muutoksia nopeasti. \u201dKolmen vuoden p\u00e4\u00e4st\u00e4 olemme huomattavasti vahvempi yhti\u00f6.\u201d\" class=\"_Img_1rerz_1\" style=\"aspect-ratio:0.6666666666666666\" loading=\"eager\"\/><\/p>\n<p class=\"article-picture-caption\">Casimir Lindholm haluaa saada muutoksia nopeasti. \u201dKolmen vuoden p\u00e4\u00e4st\u00e4 olemme huomattavasti vahvempi yhti\u00f6.\u201d Kuva:\u00a0Ville-Veikko Kaakinen \/ HS<\/p>\n<p>Toimitusjohtaja Casimir Lindholm luotsaa Turun telakkaa uuteen nousuun. H\u00e4nen mukaansa aiempi johto ei puuttunut ongelmiin.<\/p>\n<p class=\"article-body mb-nof-24 px-nof-16\">Haastattelu on h\u00e4din tuskin alkanut, kun telakan johtaja <a class=\"article-personlink\" href=\"https:\/\/www.hs.fi\/haku\/?query=Casimir%20Lindholm\" rel=\"nofollow noopener\" target=\"_blank\">Casimir Lindholm<\/a> kertoo jo uutisia.<\/p>\n<p class=\"article-body mb-nof-24 px-nof-16\">Olemme tulleet Turun Pernoon Meyerin telakalle selvitt\u00e4m\u00e4\u00e4n, mit\u00e4 Suomen meriteollisuuden p\u00e4\u00e4kallopaikalla oikein tapahtuu. Otsikoiden ja j\u00e4ttitilausten perusteella voisi luulla, ett\u00e4 Turun telakallahan menee hyvin.<\/p>\n","protected":false},"excerpt":{"rendered":"Casimir Lindholm haluaa saada muutoksia nopeasti. \u201dKolmen vuoden p\u00e4\u00e4st\u00e4 olemme huomattavasti vahvempi yhti\u00f6.\u201d Kuva:\u00a0Ville-Veikko Kaakinen \/ HS Toimitusjohtaja&hellip;\n","protected":false},"author":2,"featured_media":91511,"comment_status":"","ping_status":"","sticky":false,"template":"","format":"standard","meta":{"footnotes":""},"categories":[76],"tags":[79,77,33,31,30,46,32,78],"class_list":{"0":"post-91510","1":"post","2":"type-post","3":"status-publish","4":"format-standard","5":"has-post-thumbnail","7":"category-talous","8":"tag-business","9":"tag-economy","10":"tag-fi","11":"tag-finland","12":"tag-finnish","13":"tag-helsingin-sanomat","14":"tag-suomi","15":"tag-talous"},"share_on_mastodon":{"url":"https:\/\/pubeurope.com\/@fi\/115558967406803883","error":""},"_links":{"self":[{"href":"https:\/\/www.europesays.com\/fi\/wp-json\/wp\/v2\/posts\/91510","targetHints":{"allow":["GET"]}}],"collection":[{"href":"https:\/\/www.europesays.com\/fi\/wp-json\/wp\/v2\/posts"}],"about":[{"href":"https:\/\/www.europesays.com\/fi\/wp-json\/wp\/v2\/types\/post"}],"author":[{"embeddable":true,"href":"https:\/\/www.europesays.com\/fi\/wp-json\/wp\/v2\/users\/2"}],"replies":[{"embeddable":true,"href":"https:\/\/www.europesays.com\/fi\/wp-json\/wp\/v2\/comments?post=91510"}],"version-history":[{"count":0,"href":"https:\/\/www.europesays.com\/fi\/wp-json\/wp\/v2\/posts\/91510\/revisions"}],"wp:featuredmedia":[{"embeddable":true,"href":"https:\/\/www.europesays.com\/fi\/wp-json\/wp\/v2\/media\/91511"}],"wp:attachment":[{"href":"https:\/\/www.europesays.com\/fi\/wp-json\/wp\/v2\/media?parent=91510"}],"wp:term":[{"taxonomy":"category","embeddable":true,"href":"https:\/\/www.europesays.com\/fi\/wp-json\/wp\/v2\/categories?post=91510"},{"taxonomy":"post_tag","embeddable":true,"href":"https:\/\/www.europesays.com\/fi\/wp-json\/wp\/v2\/tags?post=91510"}],"curies":[{"name":"wp","href":"https:\/\/api.w.org\/{rel}","templated":true}]}}