{"id":91514,"date":"2025-11-16T10:45:08","date_gmt":"2025-11-16T10:45:08","guid":{"rendered":"https:\/\/www.europesays.com\/fi\/91514\/"},"modified":"2025-11-16T10:45:08","modified_gmt":"2025-11-16T10:45:08","slug":"porin-uutuuskirppiksen-yrittaja-kertoo-millaisia-summia-kirppispoydilla-on-tienattu","status":"publish","type":"post","link":"https:\/\/www.europesays.com\/fi\/91514\/","title":{"rendered":"Porin uutuuskirppiksen yritt\u00e4j\u00e4 kertoo, millaisia summia kirppisp\u00f6ydill\u00e4 on tienattu"},"content":{"rendered":"<p>Sille kirpputoriyritt\u00e4j\u00e4t eiv\u00e4t voi mit\u00e4\u00e4n, millaista tavaraa ihmiset tuovat myyntiin. Siisteyteen ja viihtyisyyteen sen sijaan on mahdollista vaikuttaa.<\/p>\n<p class=\"article-body mb-nof-24 px-nof-16\">Pori<\/p>\n<p class=\"article-body mb-nof-24 px-nof-16\">Uudelle kirpputorille on ollut Porin Kellarin alkutaipaleesta p\u00e4\u00e4tellen kysynt\u00e4\u00e4.<\/p>\n<p class=\"article-body mb-nof-24 px-nof-16\">Itsen\u00e4isyydenkadulle RTV:n entisiin tiloihin auennut itsepalvelukirpputori on vet\u00e4nyt parkkipaikan t\u00e4yteen avajaisistaan l\u00e4htien.<\/p>\n<p class=\"article-body mb-nof-24 px-nof-16\">Kantolan Kellari -ketjuun kuuluva kirpputori avattiin lauantaina 1. marraskuuta. Aamulla kirpputorin ulkopuolelle muodostui kymmenien metrien jono, ja asiakkaat jonottivat kassoille parhaimmillaan yli tunnin.<\/p>\n","protected":false},"excerpt":{"rendered":"Sille kirpputoriyritt\u00e4j\u00e4t eiv\u00e4t voi mit\u00e4\u00e4n, millaista tavaraa ihmiset tuovat myyntiin. Siisteyteen ja viihtyisyyteen sen sijaan on mahdollista vaikuttaa.&hellip;\n","protected":false},"author":2,"featured_media":91515,"comment_status":"","ping_status":"","sticky":false,"template":"","format":"standard","meta":{"footnotes":""},"categories":[12],"tags":[22,23,26,27,33,31,30,17,24,25,28,29,15,18,21,80,32,19,20,16],"class_list":{"0":"post-91514","1":"post","2":"type-post","3":"status-publish","4":"format-standard","5":"has-post-thumbnail","7":"category-suomi","8":"tag-breaking-news","9":"tag-breakingnews","10":"tag-featured-news","11":"tag-featurednews","12":"tag-fi","13":"tag-finland","14":"tag-finnish","15":"tag-headlines","16":"tag-latest-news","17":"tag-latestnews","18":"tag-main-news","19":"tag-mainnews","20":"tag-news","21":"tag-otsikot","22":"tag-paauutiset","23":"tag-satakunnan-kansa","24":"tag-suomi","25":"tag-top-stories","26":"tag-topstories","27":"tag-uutiset"},"share_on_mastodon":{"url":"https:\/\/pubeurope.com\/@fi\/115558975081122685","error":""},"_links":{"self":[{"href":"https:\/\/www.europesays.com\/fi\/wp-json\/wp\/v2\/posts\/91514","targetHints":{"allow":["GET"]}}],"collection":[{"href":"https:\/\/www.europesays.com\/fi\/wp-json\/wp\/v2\/posts"}],"about":[{"href":"https:\/\/www.europesays.com\/fi\/wp-json\/wp\/v2\/types\/post"}],"author":[{"embeddable":true,"href":"https:\/\/www.europesays.com\/fi\/wp-json\/wp\/v2\/users\/2"}],"replies":[{"embeddable":true,"href":"https:\/\/www.europesays.com\/fi\/wp-json\/wp\/v2\/comments?post=91514"}],"version-history":[{"count":0,"href":"https:\/\/www.europesays.com\/fi\/wp-json\/wp\/v2\/posts\/91514\/revisions"}],"wp:featuredmedia":[{"embeddable":true,"href":"https:\/\/www.europesays.com\/fi\/wp-json\/wp\/v2\/media\/91515"}],"wp:attachment":[{"href":"https:\/\/www.europesays.com\/fi\/wp-json\/wp\/v2\/media?parent=91514"}],"wp:term":[{"taxonomy":"category","embeddable":true,"href":"https:\/\/www.europesays.com\/fi\/wp-json\/wp\/v2\/categories?post=91514"},{"taxonomy":"post_tag","embeddable":true,"href":"https:\/\/www.europesays.com\/fi\/wp-json\/wp\/v2\/tags?post=91514"}],"curies":[{"name":"wp","href":"https:\/\/api.w.org\/{rel}","templated":true}]}}