{"id":91516,"date":"2025-11-16T10:46:12","date_gmt":"2025-11-16T10:46:12","guid":{"rendered":"https:\/\/www.europesays.com\/fi\/91516\/"},"modified":"2025-11-16T10:46:12","modified_gmt":"2025-11-16T10:46:12","slug":"rantasalmen-vesurihyokkaaja-vaihtoi-nimensa-ilta-sanomat","status":"publish","type":"post","link":"https:\/\/www.europesays.com\/fi\/91516\/","title":{"rendered":"Rantasalmen vesurihy\u00f6kk\u00e4\u00e4j\u00e4 vaihtoi nimens\u00e4 &#8211; Ilta-Sanomat"},"content":{"rendered":"<p>Vakavasta v\u00e4kivaltarikoksesta tuomittu vesurimies on vaihtanut nimens\u00e4.<\/p>\n<p class=\"article-body mb-nof-24 px-nof-16\">It\u00e4-Suomen hovioikeus lievensi rangaistusta jutussa, jossa nelikymppinen mies hy\u00f6kk\u00e4si vesurin kanssa lapsiperheen kotiin varhain lauantaiaamuna Rantasalmella 23. maaliskuuta 2024.<\/p>\n<p class=\"article-body mb-nof-24 px-nof-16\">Hovioikeuden tuomiosta ilmenee, ett\u00e4 aiemmin <a class=\"article-personlink\" href=\"https:\/\/www.is.fi\/haku\/?query=Mika%20Antero%20Nurmi\" rel=\"nofollow noopener\" target=\"_blank\">Mika Antero Nurmi<\/a> -nimell\u00e4 tunnettu mies on vaihtanut nimens\u00e4 <a class=\"article-personlink\" href=\"https:\/\/www.is.fi\/haku\/?query=Sini%20Vuokko%20Kukka%20Nurmeksi\" rel=\"nofollow noopener\" target=\"_blank\">Sini Vuokko Kukka Nurmeksi<\/a>. Sukupuoltaan nykyisin 45-vuotias mies ei kuitenkaan henkil\u00f6tunnuksensa perusteella ole vaihtanut.<\/p>\n<p><img decoding=\"async\" src=\"https:\/\/www.europesays.com\/fi\/wp-content\/uploads\/2025\/11\/1763289969_606_468.jpg\" alt=\"Tuomittu Mika Antero Nurmi, nykyisin Sini Vuokko Kukka Nurmi, poliisin kuvaamana teon j\u00e4lkeen.\" class=\"_Img_1rerz_1\" style=\"aspect-ratio:0.8932291666666666\" loading=\"eager\"\/><\/p>\n<p class=\"article-picture-caption\">Tuomittu Mika Antero Nurmi, nykyisin Sini Vuokko Kukka Nurmi, poliisin kuvaamana teon j\u00e4lkeen. Kuva:\u00a0Poliisi<\/p>\n<p><img decoding=\"async\" src=\"https:\/\/www.europesays.com\/fi\/wp-content\/uploads\/2025\/11\/1763289969_686_468.jpg\" alt=\"Tekov\u00e4lineen\u00e4 toiminut vesuri poliisin kuvaamana.\" class=\"_Img_1rerz_1\" style=\"aspect-ratio:1.4826254826254825\" loading=\"eager\"\/><\/p>\n<p class=\"article-picture-caption\">Tekov\u00e4lineen\u00e4 toiminut vesuri poliisin kuvaamana. Kuva:\u00a0Poliisi<\/p>\n<p class=\"article-body mb-nof-24 px-nof-16\">Hy\u00f6kk\u00e4\u00e4j\u00e4 tuomittiin kuluvan vuoden maaliskuussa Etel\u00e4-Savon k\u00e4r\u00e4j\u00e4oikeudessa t\u00f6rke\u00e4st\u00e4 pahoinpitelyst\u00e4 ja muista rikoksista viideksi vuodeksi vankeuteen. Syytt\u00e4j\u00e4 vaati miehelle rangaistusta tapon yrityksest\u00e4.<\/p>\n<p class=\"article-body mb-nof-24 px-nof-16\">Hovioikeus piti k\u00e4r\u00e4j\u00e4oikeuden tuomion voimassa muilta osin, mutta katsoi, ett\u00e4 riitt\u00e4v\u00e4 rangaistus rikoksista on 3 vuotta ja 10 kuukautta vankeutta.<\/p>\n<p class=\"article-body mb-nof-24 px-nof-16\">Tuomittu m\u00e4\u00e4r\u00e4ttiin heti vangittavaksi.<\/p>\n<p><img decoding=\"async\" src=\"https:\/\/www.europesays.com\/fi\/wp-content\/uploads\/2025\/11\/1763289970_767_468.jpg\" alt=\"Kuvaan on merkitty nuolella kohta, josta l\u00f6ytyi verij\u00e4lki\u00e4.\" class=\"_Img_1rerz_1\" style=\"aspect-ratio:1.786046511627907\" loading=\"eager\"\/><\/p>\n<p class=\"article-picture-caption\">Kuvaan on merkitty nuolella kohta, josta l\u00f6ytyi verij\u00e4lki\u00e4. Kuva:\u00a0Poliisi<\/p>\n<p class=\"article-body mb-nof-24 px-nof-16\">Tapahtumat saivat alkunsa, kun tuomittu ja uhri, tapahtuma-aikaan 49-vuotias mies olivat viett\u00e4neet iltaa paikallisessa ravintolassa Rinssi-Everstiss\u00e4.<\/p>\n<p class=\"article-body mb-nof-24 px-nof-16\">Sielt\u00e4 he poistuivat taksilla uhrin talolle noin kello 2.15. Pari tuntia my\u00f6hemmin tuomittu l\u00e4hti taksilla kotiinsa noin 14 kilometrin p\u00e4\u00e4h\u00e4n.<\/p>\n<p class=\"article-body mb-nof-24 px-nof-16\">Aamuseitsem\u00e4lt\u00e4 tuomittu oli kuitenkin hyp\u00e4nnyt autoon ja palannut uhrin talolle. Auton jalkatilassa oli vesuri. H\u00e4n oli jo soitellut uhrille uhkaavia puheluita.<\/p>\n<p class=\"article-body mb-nof-24 px-nof-16\">Tuomion saanut mies otti sananvaihdon j\u00e4lkeen vesurin k\u00e4teens\u00e4 ja l\u00f6i sill\u00e4 uhria takaap\u00e4in vasempaan pohkeeseen.<\/p>\n<p class=\"article-body mb-nof-24 px-nof-16\">Uhri p\u00e4\u00e4si pakenemaan sis\u00e4lle kotiinsa.<\/p>\n<p><img decoding=\"async\" src=\"https:\/\/www.europesays.com\/fi\/wp-content\/uploads\/2025\/11\/1763289970_268_468.jpg\" alt=\"Tapahtumapaikka poliisin kuvaamana. Havupuista l\u00f6ytyi verij\u00e4lki\u00e4.\" class=\"_Img_1rerz_1\" style=\"aspect-ratio:1.5986677768526227\" loading=\"eager\"\/><\/p>\n<p class=\"article-picture-caption\">Tapahtumapaikka poliisin kuvaamana. Havupuista l\u00f6ytyi verij\u00e4lki\u00e4. Kuva:\u00a0Poliisi<\/p>\n<p class=\"article-body mb-nof-24 px-nof-16\">Asunnossa kouluik\u00e4inen poika oli havahtunut ja her\u00e4tt\u00e4nyt perheen \u00e4idin. T\u00e4m\u00e4n ansiosta uhrille, eli pojan is\u00e4puolelle p\u00e4\u00e4stiin aloittamaan ensiavun antaminen ja ambulanssi ehti paikalle ajoissa.<\/p>\n<p class=\"article-body mb-nof-24 px-nof-16\">Vesurimies pakeni paikalta autolla ennen ambulanssin ja poliisin tuloa, mutta poliisi otti h\u00e4net kiinni my\u00f6hemmin.<\/p>\n<p class=\"article-body mb-nof-24 px-nof-16\">Tapahtuneen j\u00e4lkeen tuomittu oli puhunut puhelimessa uhrin vaimon kanssa ja sanonut naiselle, ett\u00e4 t\u00e4ll\u00e4 on kuukausi aikaa \u201dhoitaa perheens\u00e4 pois\u201d ja sanonut tekonsa olleen \u201dvain n\u00e4p\u00e4ytys\u201d.<\/p>\n<p><img decoding=\"async\" src=\"https:\/\/www.europesays.com\/fi\/wp-content\/uploads\/2025\/11\/1763289972_20_468.jpg\" alt=\"Tapahtumapaikka poliisin ilmakuvassa.\" class=\"_Img_1rerz_1\" style=\"aspect-ratio:1.408657373440939\" loading=\"eager\"\/><\/p>\n<p class=\"article-picture-caption\">Tapahtumapaikka poliisin ilmakuvassa. Kuva:\u00a0Poliisi<\/p>\n<p class=\"article-body mb-nof-24 px-nof-16\">Uhri sai vesurihy\u00f6kk\u00e4yksess\u00e4 vakavat vammat ja h\u00e4nen jalkansa jouduttiin amputoimaan. Vesurimies v\u00e4itti tarttuneensa vesuriin, koska uhri uhkasi h\u00e4nt\u00e4 ilma-aseella. H\u00e4n my\u00f6nsi syyllistyneens\u00e4 h\u00e4t\u00e4varjelun liioitteluna tehtyyn pahoinpitelyyn.<\/p>\n<p class=\"article-body mb-nof-24 px-nof-16\">Oikeus ei pit\u00e4nyt syytetyn v\u00e4itteit\u00e4 h\u00e4t\u00e4varjelutilanteesta uskottavina. Vesurilla ly\u00f6minen oli tapahtunut ulkona, kun taas ilma-ase oli l\u00f6ytynyt asunnon sis\u00e4lt\u00e4 eteisest\u00e4.<\/p>\n<p class=\"article-body mb-nof-24 px-nof-16\">Uhri oli kyll\u00e4 uhannut tekij\u00e4\u00e4 ilma-aseella, mutta t\u00e4m\u00e4 oli tapahtunut y\u00f6ll\u00e4 ennen kuin vesurimies ensimm\u00e4isen kerran poistui talolta.<\/p>\n<p class=\"article-body mb-nof-24 px-nof-16\">Oikeus ei pit\u00e4nyt tekoa my\u00f6sk\u00e4\u00e4n syytt\u00e4j\u00e4n v\u00e4itt\u00e4m\u00e4ll\u00e4 tavalla tapon yrityksen\u00e4: vesurilla ly\u00f6ntej\u00e4 oli ollut vain yksi, eik\u00e4 sen perusteella tekij\u00e4n voitu katsoa tavoitelleen teollaan uhrin kuolemaa.<\/p>\n<p class=\"article-body mb-nof-24 px-nof-16\">Oikeus katsoi my\u00f6s uhrin syyllistyneen laittomaan uhkaukseen, mutta j\u00e4tti t\u00e4m\u00e4n rangaistukseen tuomitsematta.<\/p>\n","protected":false},"excerpt":{"rendered":"Vakavasta v\u00e4kivaltarikoksesta tuomittu vesurimies on vaihtanut nimens\u00e4. It\u00e4-Suomen hovioikeus lievensi rangaistusta jutussa, jossa nelikymppinen mies hy\u00f6kk\u00e4si vesurin kanssa&hellip;\n","protected":false},"author":2,"featured_media":91517,"comment_status":"","ping_status":"","sticky":false,"template":"","format":"standard","meta":{"footnotes":""},"categories":[5],"tags":[22,23,26,27,33,31,30,17,34,24,25,28,29,15,18,21,32,19,20,16],"class_list":{"0":"post-91516","1":"post","2":"type-post","3":"status-publish","4":"format-standard","5":"has-post-thumbnail","7":"category-otsikot","8":"tag-breaking-news","9":"tag-breakingnews","10":"tag-featured-news","11":"tag-featurednews","12":"tag-fi","13":"tag-finland","14":"tag-finnish","15":"tag-headlines","16":"tag-ilta-sanomat","17":"tag-latest-news","18":"tag-latestnews","19":"tag-main-news","20":"tag-mainnews","21":"tag-news","22":"tag-otsikot","23":"tag-paauutiset","24":"tag-suomi","25":"tag-top-stories","26":"tag-topstories","27":"tag-uutiset"},"share_on_mastodon":{"url":"https:\/\/pubeurope.com\/@fi\/115558978986455745","error":""},"_links":{"self":[{"href":"https:\/\/www.europesays.com\/fi\/wp-json\/wp\/v2\/posts\/91516","targetHints":{"allow":["GET"]}}],"collection":[{"href":"https:\/\/www.europesays.com\/fi\/wp-json\/wp\/v2\/posts"}],"about":[{"href":"https:\/\/www.europesays.com\/fi\/wp-json\/wp\/v2\/types\/post"}],"author":[{"embeddable":true,"href":"https:\/\/www.europesays.com\/fi\/wp-json\/wp\/v2\/users\/2"}],"replies":[{"embeddable":true,"href":"https:\/\/www.europesays.com\/fi\/wp-json\/wp\/v2\/comments?post=91516"}],"version-history":[{"count":0,"href":"https:\/\/www.europesays.com\/fi\/wp-json\/wp\/v2\/posts\/91516\/revisions"}],"wp:featuredmedia":[{"embeddable":true,"href":"https:\/\/www.europesays.com\/fi\/wp-json\/wp\/v2\/media\/91517"}],"wp:attachment":[{"href":"https:\/\/www.europesays.com\/fi\/wp-json\/wp\/v2\/media?parent=91516"}],"wp:term":[{"taxonomy":"category","embeddable":true,"href":"https:\/\/www.europesays.com\/fi\/wp-json\/wp\/v2\/categories?post=91516"},{"taxonomy":"post_tag","embeddable":true,"href":"https:\/\/www.europesays.com\/fi\/wp-json\/wp\/v2\/tags?post=91516"}],"curies":[{"name":"wp","href":"https:\/\/api.w.org\/{rel}","templated":true}]}}