{"id":91526,"date":"2025-11-16T11:05:07","date_gmt":"2025-11-16T11:05:07","guid":{"rendered":"https:\/\/www.europesays.com\/fi\/91526\/"},"modified":"2025-11-16T11:05:07","modified_gmt":"2025-11-16T11:05:07","slug":"jalkapallo-kylian-mbappe-jatti-maajoukkueen-mitta-tayttyi","status":"publish","type":"post","link":"https:\/\/www.europesays.com\/fi\/91526\/","title":{"rendered":"Jalkapallo: Kylian Mbapp\u00e9 j\u00e4tti maajoukkueen \u2013 mitta t\u00e4yttyi"},"content":{"rendered":"<p>Jalkapallo|Kylian Mbapp\u00e9 l\u00e4hti takaisin Madridiin kesken maajoukkuepelien. Entinen maajoukkuejalkapalloilija Jeremy Rothen ei pid\u00e4 asetelmaa tasa-arvoisena.<\/p>\n<p class=\"article-body mb-nof-24 px-nof-16\">Jalkapalloilun t\u00e4htipelaaja <a class=\"article-personlink\" href=\"https:\/\/www.hs.fi\/haku\/?query=Kylian%20Mbapp%C3%A9n\" rel=\"nofollow noopener\" target=\"_blank\">Kylian Mbapp\u00e9n<\/a>, 26, toimet ovat her\u00e4tt\u00e4neet keskustelua Ranskassa.<\/p>\n<p class=\"article-body mb-nof-24 px-nof-16\">Mbapp\u00e9 iski MM-karsintaottelussa kaksi maalia torstaina, kun Ranskan miesten maajoukkue p\u00e4ihitti Ukrainan 4\u20130 ja varmisti paikkansa ensi kes\u00e4n MM-turnaukseen. H\u00e4n teki toisen maaleistaan rangaistuspotkusta.<\/p>\n<p class=\"article-body mb-nof-24 px-nof-16\">Mbapp\u00e9n <a class=\"article-genericlink\" href=\"https:\/\/rmcsport.bfmtv.com\/football\/coupe-du-monde\/qualifications\/le-vestiaire-en-a-ras-le-bol-mbappe-beneficie-t-il-d-un-traitement-de-faveur-le-debat-fait-rage-dans-rothen-s-enflamme_AV-202511140874.html\" rel=\"nofollow noopener\" target=\"_blank\">on kerrottu<\/a> k\u00e4rsiv\u00e4n nilkkavammasta. H\u00e4n ei osallistu sunnuntaina lainkaan Ranskan MM-karsintaotteluun Azerbaid\u017eanissa. H\u00e4nen on kerrottu suuntaavan kuntouttamaan vammaansa Espanjan Madridiin seurajoukkueensa Real Madridin seurantaan.<\/p>\n<p class=\"article-body mb-nof-24 px-nof-16\">Ranskan maajoukkueen entinen pelaaja <a class=\"article-personlink\" href=\"https:\/\/www.hs.fi\/haku\/?query=Jerome%20Rothen\" rel=\"nofollow noopener\" target=\"_blank\">Jerome Rothen<\/a>, 47, n\u00e4kee t\u00e4m\u00e4n ongelmallisena.<\/p>\n<p class=\"article-body mb-nof-24 px-nof-16\">\u201dMbapp\u00e9 on kapteeni ja h\u00e4n saa etuoikeutettua kohtelua ja hoitoa, hyv\u00e4 homma. Mutta on muita pelaajia, jotka pelaavat samat m\u00e4\u00e4r\u00e4t otteluita kauden aikana. Uskotteko, ett\u00e4 he eiv\u00e4t ole v\u00e4syneit\u00e4 ja halua j\u00e4tt\u00e4\u00e4 v\u00e4liin merkityksett\u00f6m\u00e4n pelin? He menev\u00e4t [Azerbaid\u017eaniin] koska heid\u00e4n pit\u00e4\u00e4 menn\u00e4\u201d, Rothen jyr\u00e4hteli <a class=\"article-genericlink\" href=\"https:\/\/rmcsport.bfmtv.com\/football\/coupe-du-monde\/qualifications\/le-vestiaire-en-a-ras-le-bol-mbappe-beneficie-t-il-d-un-traitement-de-faveur-le-debat-fait-rage-dans-rothen-s-enflamme_AV-202511140874.html\" rel=\"nofollow noopener\" target=\"_blank\">RMC:n<\/a> mukaan.<\/p>\n<p class=\"article-body mb-nof-24 px-nof-16\">Miesten MM-jalkapalloturnaus 2026 pelataan Yhdysvalloissa, Meksikossa ja Kanadassa ensi vuonna 11. kes\u00e4kuuta alkaen.<\/p>\n","protected":false},"excerpt":{"rendered":"Jalkapallo|Kylian Mbapp\u00e9 l\u00e4hti takaisin Madridiin kesken maajoukkuepelien. Entinen maajoukkuejalkapalloilija Jeremy Rothen ei pid\u00e4 asetelmaa tasa-arvoisena. Jalkapalloilun t\u00e4htipelaaja Kylian&hellip;\n","protected":false},"author":2,"featured_media":91527,"comment_status":"","ping_status":"","sticky":false,"template":"","format":"standard","meta":{"footnotes":""},"categories":[158],"tags":[33,31,30,46,159,32,160],"class_list":{"0":"post-91526","1":"post","2":"type-post","3":"status-publish","4":"format-standard","5":"has-post-thumbnail","7":"category-urheilu","8":"tag-fi","9":"tag-finland","10":"tag-finnish","11":"tag-helsingin-sanomat","12":"tag-sports","13":"tag-suomi","14":"tag-urheilu"},"share_on_mastodon":{"url":"https:\/\/pubeurope.com\/@fi\/115559053822295455","error":""},"_links":{"self":[{"href":"https:\/\/www.europesays.com\/fi\/wp-json\/wp\/v2\/posts\/91526","targetHints":{"allow":["GET"]}}],"collection":[{"href":"https:\/\/www.europesays.com\/fi\/wp-json\/wp\/v2\/posts"}],"about":[{"href":"https:\/\/www.europesays.com\/fi\/wp-json\/wp\/v2\/types\/post"}],"author":[{"embeddable":true,"href":"https:\/\/www.europesays.com\/fi\/wp-json\/wp\/v2\/users\/2"}],"replies":[{"embeddable":true,"href":"https:\/\/www.europesays.com\/fi\/wp-json\/wp\/v2\/comments?post=91526"}],"version-history":[{"count":0,"href":"https:\/\/www.europesays.com\/fi\/wp-json\/wp\/v2\/posts\/91526\/revisions"}],"wp:featuredmedia":[{"embeddable":true,"href":"https:\/\/www.europesays.com\/fi\/wp-json\/wp\/v2\/media\/91527"}],"wp:attachment":[{"href":"https:\/\/www.europesays.com\/fi\/wp-json\/wp\/v2\/media?parent=91526"}],"wp:term":[{"taxonomy":"category","embeddable":true,"href":"https:\/\/www.europesays.com\/fi\/wp-json\/wp\/v2\/categories?post=91526"},{"taxonomy":"post_tag","embeddable":true,"href":"https:\/\/www.europesays.com\/fi\/wp-json\/wp\/v2\/tags?post=91526"}],"curies":[{"name":"wp","href":"https:\/\/api.w.org\/{rel}","templated":true}]}}