{"id":91536,"date":"2025-11-16T11:11:11","date_gmt":"2025-11-16T11:11:11","guid":{"rendered":"https:\/\/www.europesays.com\/fi\/91536\/"},"modified":"2025-11-16T11:11:11","modified_gmt":"2025-11-16T11:11:11","slug":"sorakuopalta-loytyi-ruumis-nurmijarvella-poliisi-vaitonainen","status":"publish","type":"post","link":"https:\/\/www.europesays.com\/fi\/91536\/","title":{"rendered":"Sorakuopalta l\u00f6ytyi ruumis Nurmij\u00e4rvell\u00e4 \u2013 Poliisi vaitonainen"},"content":{"rendered":"<p>Palojoen l\u00e4heisyydest\u00e4 l\u00f6ytyi lauantaina kuollut henkil\u00f6.<\/p>\n<p><img decoding=\"async\" class=\"image image-show image-preview\" src=\"https:\/\/www.europesays.com\/fi\/wp-content\/uploads\/2025\/09\/62f0fa7cbbfa3aef277da69d08f438d3d2094bcd4a22bc6ea73d11999a544e97.jpg\" alt=\"\"\/><img decoding=\"async\" class=\"image image-show\" src=\"https:\/\/www.europesays.com\/fi\/wp-content\/uploads\/2025\/09\/1758294968_923_62f0fa7cbbfa3aef277da69d08f438d3d2094bcd4a22bc6ea73d11999a544e97.jpg\" alt=\"\"\/><\/p>\n<p>Poliisi selvitt\u00e4\u00e4 tapahtumia.  Inka Soveri<\/p>\n<p class=\"paragraph\">Nurmij\u00e4rvelt\u00e4 on l\u00f6ytynyt ruumis.<\/p>\n<p class=\"paragraph\">Kuollut henkil\u00f6 l\u00f6ytyi Palojoelta sorakuopan l\u00e4helt\u00e4 lauantaina iltap\u00e4iv\u00e4ll\u00e4. Ruumiin l\u00f6ysi ohikulkija, joka ilmoitti asiasta h\u00e4t\u00e4keskukseen.<\/p>\n<p class=\"paragraph\">Poliisi tiedottaa tutkivansa ep\u00e4selv\u00e4\u00e4 kuolemantapausta. Poliisi ei viel\u00e4 kerro tarkemmin ep\u00e4ilyist\u00e4 tai mahdollisista rikosnimikkeist\u00e4.<\/p>\n<p class=\"paragraph\">Iltalehti tavoitti tapauksen tutkinnanjohtajan, mutta h\u00e4n ei kommentoinut asiaa tiedotetta enemp\u00e4\u00e4 esimerkiksi rikosep\u00e4ilyjen tai henkil\u00f6n sukupuolen osalta.<\/p>\n","protected":false},"excerpt":{"rendered":"Palojoen l\u00e4heisyydest\u00e4 l\u00f6ytyi lauantaina kuollut henkil\u00f6. Poliisi selvitt\u00e4\u00e4 tapahtumia. Inka Soveri Nurmij\u00e4rvelt\u00e4 on l\u00f6ytynyt ruumis. Kuollut henkil\u00f6 l\u00f6ytyi&hellip;\n","protected":false},"author":2,"featured_media":76865,"comment_status":"","ping_status":"","sticky":false,"template":"","format":"standard","meta":{"footnotes":""},"categories":[12],"tags":[35,22,23,26,27,33,31,30,17,55,24,25,28,29,15,18,21,122,54,52,32,19,20,546,16],"class_list":{"0":"post-91536","1":"post","2":"type-post","3":"status-publish","4":"format-standard","5":"has-post-thumbnail","7":"category-suomi","8":"tag-24h","9":"tag-breaking-news","10":"tag-breakingnews","11":"tag-featured-news","12":"tag-featurednews","13":"tag-fi","14":"tag-finland","15":"tag-finnish","16":"tag-headlines","17":"tag-lainvalvonta","18":"tag-latest-news","19":"tag-latestnews","20":"tag-main-news","21":"tag-mainnews","22":"tag-news","23":"tag-otsikot","24":"tag-paauutiset","25":"tag-pelastaminen","26":"tag-pelastuspalvelut","27":"tag-poliisi","28":"tag-suomi","29":"tag-top-stories","30":"tag-topstories","31":"tag-turvallisuus","32":"tag-uutiset"},"share_on_mastodon":{"url":"https:\/\/pubeurope.com\/@fi\/115559077557868173","error":""},"_links":{"self":[{"href":"https:\/\/www.europesays.com\/fi\/wp-json\/wp\/v2\/posts\/91536","targetHints":{"allow":["GET"]}}],"collection":[{"href":"https:\/\/www.europesays.com\/fi\/wp-json\/wp\/v2\/posts"}],"about":[{"href":"https:\/\/www.europesays.com\/fi\/wp-json\/wp\/v2\/types\/post"}],"author":[{"embeddable":true,"href":"https:\/\/www.europesays.com\/fi\/wp-json\/wp\/v2\/users\/2"}],"replies":[{"embeddable":true,"href":"https:\/\/www.europesays.com\/fi\/wp-json\/wp\/v2\/comments?post=91536"}],"version-history":[{"count":0,"href":"https:\/\/www.europesays.com\/fi\/wp-json\/wp\/v2\/posts\/91536\/revisions"}],"wp:featuredmedia":[{"embeddable":true,"href":"https:\/\/www.europesays.com\/fi\/wp-json\/wp\/v2\/media\/76865"}],"wp:attachment":[{"href":"https:\/\/www.europesays.com\/fi\/wp-json\/wp\/v2\/media?parent=91536"}],"wp:term":[{"taxonomy":"category","embeddable":true,"href":"https:\/\/www.europesays.com\/fi\/wp-json\/wp\/v2\/categories?post=91536"},{"taxonomy":"post_tag","embeddable":true,"href":"https:\/\/www.europesays.com\/fi\/wp-json\/wp\/v2\/tags?post=91536"}],"curies":[{"name":"wp","href":"https:\/\/api.w.org\/{rel}","templated":true}]}}