{"id":91543,"date":"2025-11-16T11:29:10","date_gmt":"2025-11-16T11:29:10","guid":{"rendered":"https:\/\/www.europesays.com\/fi\/91543\/"},"modified":"2025-11-16T11:29:10","modified_gmt":"2025-11-16T11:29:10","slug":"nyt-ilmaiskatselussa-huippunayttelijoiden-kulttikomedia-kirjailijasta-ja-hanen-omasta-supersankaristaan","status":"publish","type":"post","link":"https:\/\/www.europesays.com\/fi\/91543\/","title":{"rendered":"Nyt ilmaiskatselussa: Huippun\u00e4yttelij\u00f6iden kulttikomedia kirjailijasta ja h\u00e4nen omasta supersankaristaan"},"content":{"rendered":"<p>Richard Dunn on keski-ik\u00e4inen kirjailija, joka k\u00e4rsii ep\u00e4varmuudesta ja luovuuden puutteesta. H\u00e4nen tilanteensa on niin jumissa, ett\u00e4 h\u00e4nen vaimonsa Claire l\u00e4hett\u00e4\u00e4 h\u00e4net yksin syrj\u00e4iseen taloon keskittym\u00e4\u00e4n kirjoittamiseen.<\/p>\n<p>Richardin paras yst\u00e4v\u00e4 on h\u00e4nen mielikuvitushahmonsa Kapteeni Erinomainen \u2013 supersankari, joka toimii h\u00e4nen sis\u00e4isen\u00e4 neuvonantajanaan. Tilanne saa kuitenkin k\u00e4\u00e4nteen, kun Richard tutustuu paikalliseen teini-ik\u00e4iseen tytt\u00f6\u00f6n, Abbyyn, jolla on omat kipupisteens\u00e4. Heid\u00e4n v\u00e4lilleen syntyy ep\u00e4tavallinen yst\u00e4vyyssuhde, joka auttaa kumpaakin l\u00f6yt\u00e4m\u00e4\u00e4n el\u00e4m\u00e4ss\u00e4\u00e4n oikean suunnan.<\/p>\n<p>Paper Man (2009) on omaper\u00e4inen draamakomedia oman paikan etsimisest\u00e4 maailmassa. Elokuva leikittelee mielikuvitusyst\u00e4v\u00e4idealla, mutta tarjoaa my\u00f6s l\u00e4mp\u00f6\u00e4 ja el\u00e4m\u00e4nmakuista dramatiikkaa. <strong>Kieran<\/strong> ja <strong>Michele Mulroneyn<\/strong> ohjaamassa ja k\u00e4sikirjoittamassa indie-elokuvassa n\u00e4hd\u00e4\u00e4n erinomaiset <strong>Jeff Daniels<\/strong>, <strong>Emma Stone<\/strong>, <strong>Lisa Kudrow<\/strong>, <strong>Kieran Culkin<\/strong> ja <strong>Ryan Reynolds<\/strong>.<\/p>\n<p>Paper Man ei menestynyt lippuluukuilla, mutta siit\u00e4 on sittemmin tullut pienimuotoinen kulttielokuva. Se on kuitenkin hyvin harvinainen, eik\u00e4 sit\u00e4 voi katsoa tai vuokrata miss\u00e4\u00e4n kuukausimaksullisessa tai vuokraelokuvia tarjoavassa suoratoistopalvelussa. Nyt sen voi kuitenkin katsoa ilmaiseksi Rakuten TV:ss\u00e4.<\/p>\n<p>Lue my\u00f6s: <a href=\"https:\/\/www.episodi.fi\/uutiset\/nyt-ilmaiskatselussa-ihmisen-muotoinen-avaruusalus-ongelmissa-eddie-murphyn-koominen-suurtuotanto\/\" title=\"Nyt ilmaiskatselussa: Ihmisen muotoinen avaruusalus ongelmissa \u2013 Eddie Murphyn koominen suurtuotanto\" class=\"underline-custom !font-montserrat !font-bold !underline-offset-4 !decoration-4 !decoration-episodi-blue !text-md\" rel=\"nofollow noopener\" target=\"_blank\">Nyt ilmaiskatselussa: Ihmisen muotoinen avaruusalus ongelmissa \u2013 Eddie Murphyn koominen suurtuotanto<\/a><\/p>\n<p>Katso\u00a0Paper Man\u00a0<a href=\"https:\/\/www.rakuten.tv\/fi?content_type=movies&amp;content_id=paper-man\" target=\"_blank\" rel=\"noreferrer noopener nofollow\">t\u00e4\u00e4ll\u00e4<\/a>. Elokuvan ik\u00e4raja on K-12 ja sen kesto oli Episodin katselussa 122 minuuttia mainoksien kera. Huomioi, ett\u00e4 mainoksien m\u00e4\u00e4r\u00e4 voi vaihdella katselukohtaisesti.<\/p>\n<p><img loading=\"lazy\" decoding=\"async\" alt=\"YouTube video\" width=\"480\" height=\"360\" data-pin-nopin=\"true\" nopin=\"nopin\" class=\"perfmatters-lazy\" src=\"https:\/\/www.europesays.com\/fi\/wp-content\/uploads\/2025\/11\/1763292550_381_hqdefault.jpg\"\/><\/p>\n<p>Lue my\u00f6s: <a href=\"https:\/\/www.episodi.fi\/uutiset\/nyt-ilmaiskatselussa-tukat-pystyyn-ja-jalat-liikkeelle-nama-kasaritytot-tahtoo-bailata\/\" title=\"Nyt ilmaiskatselussa: Tukat pystyyn ja jalat liikkeelle \u2013 n\u00e4m\u00e4 kasarityt\u00f6t tahtoo bailata!\" class=\"underline-custom !font-montserrat !font-bold !underline-offset-4 !decoration-4 !decoration-episodi-blue !text-md\" rel=\"nofollow noopener\" target=\"_blank\">Nyt ilmaiskatselussa: Tukat pystyyn ja jalat liikkeelle \u2013 n\u00e4m\u00e4 kasarityt\u00f6t tahtoo bailata!<\/a><\/p>\n<p>Lue my\u00f6s: <a href=\"https:\/\/www.episodi.fi\/uutiset\/viela-hetken-ilmaiskatselussa-erittain-harski-nukkeseikkailu-muppetin-perillinen-kaantaa-nupin-kaakkoon\/\" title=\"Viel\u00e4 hetken ilmaiskatselussa: Eritt\u00e4in h\u00e4rski nukkeseikkailu \u2013 Muppetin perillinen k\u00e4\u00e4nt\u00e4\u00e4 nupin kaakkoon\" class=\"underline-custom !font-montserrat !font-bold !underline-offset-4 !decoration-4 !decoration-episodi-blue !text-md\" rel=\"nofollow noopener\" target=\"_blank\">Viel\u00e4 hetken ilmaiskatselussa: Eritt\u00e4in h\u00e4rski nukkeseikkailu \u2013 Muppetin perillinen k\u00e4\u00e4nt\u00e4\u00e4 nupin kaakkoon<\/a><\/p>\n<p>Lue my\u00f6s: <a href=\"https:\/\/www.episodi.fi\/uutiset\/nyt-ilmaiskatselussa-kun-ikakriisi-iskee-mikaan-moka-ei-ole-liian-suuri-michael-douglas-loistaa-alamaessaan\/\" title=\"Nyt ilmaiskatselussa: Kun ik\u00e4kriisi iskee, mik\u00e4\u00e4n moka ei ole liian suuri \u2013 Michael Douglas loistaa alam\u00e4ess\u00e4\u00e4n\" class=\"underline-custom !font-montserrat !font-bold !underline-offset-4 !decoration-4 !decoration-episodi-blue !text-md\" rel=\"nofollow noopener\" target=\"_blank\">Nyt ilmaiskatselussa: Kun ik\u00e4kriisi iskee, mik\u00e4\u00e4n moka ei ole liian suuri \u2013 Michael Douglas loistaa alam\u00e4ess\u00e4\u00e4n<\/a><\/p>\n<p>Lue my\u00f6s: <a href=\"https:\/\/www.episodi.fi\/uutiskirje\/?uutiskirjemainos=tekstilinkkimainos\" title=\"Tilaa Episodin uutiskirje ja voit voittaa leffalippuja! Nappaa tv-vinkit suoraan s\u00e4hk\u00f6postiin t\u00e4st\u00e4.\" class=\"underline-custom !font-montserrat !font-bold !underline-offset-4 !decoration-4 !decoration-episodi-blue !text-md\" rel=\"nofollow noopener\" target=\"_blank\">Tilaa Episodin uutiskirje ja voit voittaa leffalippuja! Nappaa katseluvinkit suoraan s\u00e4hk\u00f6postiin t\u00e4st\u00e4.<\/a><\/p>\n","protected":false},"excerpt":{"rendered":"Richard Dunn on keski-ik\u00e4inen kirjailija, joka k\u00e4rsii ep\u00e4varmuudesta ja luovuuden puutteesta. H\u00e4nen tilanteensa on niin jumissa, ett\u00e4 h\u00e4nen&hellip;\n","protected":false},"author":2,"featured_media":91544,"comment_status":"","ping_status":"","sticky":false,"template":"","format":"standard","meta":{"footnotes":""},"categories":[131],"tags":[155,2122,137,33,173,31,30,2399,18253,256,242,172,500,2143,32,109],"class_list":{"0":"post-91543","1":"post","2":"type-post","3":"status-publish","4":"format-standard","5":"has-post-thumbnail","7":"category-elokuvat","8":"tag-elokuvat","9":"tag-emma-stone","10":"tag-entertainment","11":"tag-fi","12":"tag-film","13":"tag-finland","14":"tag-finnish","15":"tag-indie","16":"tag-jeff-daniels","17":"tag-kieran-culkin","18":"tag-lisa-kudrow","19":"tag-movies","20":"tag-rakuten-tv","21":"tag-ryan-reynolds","22":"tag-suomi","23":"tag-viihde"},"share_on_mastodon":{"url":"https:\/\/pubeurope.com\/@fi\/115559148291404821","error":""},"_links":{"self":[{"href":"https:\/\/www.europesays.com\/fi\/wp-json\/wp\/v2\/posts\/91543","targetHints":{"allow":["GET"]}}],"collection":[{"href":"https:\/\/www.europesays.com\/fi\/wp-json\/wp\/v2\/posts"}],"about":[{"href":"https:\/\/www.europesays.com\/fi\/wp-json\/wp\/v2\/types\/post"}],"author":[{"embeddable":true,"href":"https:\/\/www.europesays.com\/fi\/wp-json\/wp\/v2\/users\/2"}],"replies":[{"embeddable":true,"href":"https:\/\/www.europesays.com\/fi\/wp-json\/wp\/v2\/comments?post=91543"}],"version-history":[{"count":0,"href":"https:\/\/www.europesays.com\/fi\/wp-json\/wp\/v2\/posts\/91543\/revisions"}],"wp:featuredmedia":[{"embeddable":true,"href":"https:\/\/www.europesays.com\/fi\/wp-json\/wp\/v2\/media\/91544"}],"wp:attachment":[{"href":"https:\/\/www.europesays.com\/fi\/wp-json\/wp\/v2\/media?parent=91543"}],"wp:term":[{"taxonomy":"category","embeddable":true,"href":"https:\/\/www.europesays.com\/fi\/wp-json\/wp\/v2\/categories?post=91543"},{"taxonomy":"post_tag","embeddable":true,"href":"https:\/\/www.europesays.com\/fi\/wp-json\/wp\/v2\/tags?post=91543"}],"curies":[{"name":"wp","href":"https:\/\/api.w.org\/{rel}","templated":true}]}}