{"id":91555,"date":"2025-11-16T11:37:07","date_gmt":"2025-11-16T11:37:07","guid":{"rendered":"https:\/\/www.europesays.com\/fi\/91555\/"},"modified":"2025-11-16T11:37:07","modified_gmt":"2025-11-16T11:37:07","slug":"talvi-lahestyy-suomea-yha-vahvemmin-taustalla-vaikuttaa-napa-alueen-polaaripyorre-katso-suoraa-lahetysta-saa","status":"publish","type":"post","link":"https:\/\/www.europesays.com\/fi\/91555\/","title":{"rendered":"Talvi l\u00e4hestyy Suomea yh\u00e4 vahvemmin, taustalla vaikuttaa napa-alueen polaaripy\u00f6rre \u2013 katso suoraa l\u00e4hetyst\u00e4 | S\u00e4\u00e4"},"content":{"rendered":"<p class=\"aw-1gybjub aw-5vja16 kEtdKx kmuxyA yle__article__paragraph\">Viikon vaihtuessa s\u00e4\u00e4 kylmenee, ja tavanomaista kylmempi jakso voi kest\u00e4\u00e4 viikkoja tai jopa kuukausia.<\/p>\n<p>12:52\u2022P\u00e4ivitetty 13:30<\/p>\n<p class=\"aw-1gybjub aw-1p7kakr kEtdKx cEmitX yle__article__paragraph\">Viime p\u00e4ivin\u00e4 talvi on tehnyt tuloaan Suomeen.<\/p>\n<p class=\"aw-1gybjub aw-1p7kakr kEtdKx cEmitX yle__article__paragraph\">Lapissa oli y\u00f6ll\u00e4 parikymment\u00e4 astetta pakkasta. Pohjois-Pohjanmaalla ja Kainuussa tuprutti lunta kymmenisen sentti\u00e4. Lumikuuroja on ollut liikkeell\u00e4 my\u00f6s maan etel\u00e4- ja keskiosissa viikonlopun aikana.<\/p>\n<p class=\"aw-1gybjub aw-1p7kakr kEtdKx cEmitX yle__article__paragraph\">Ilmatieteen laitos on antanut sunnuntaiksi liikennes\u00e4\u00e4varoituksen Pohjois-Savoon, Pohjois-Karjalaan, Kainuuseen sek\u00e4 Pohjois-Pohjanmaan l\u00e4nsiosaan.<\/p>\n<p class=\"aw-1gybjub aw-1p7kakr kEtdKx cEmitX yle__article__paragraph\">N\u00e4ill\u00e4 alueilla ajokeli on huono lumi- tai r\u00e4nt\u00e4sateen vuoksi. Liikenteen sujuvuus heikentyy ja keskinopeus laskee. Onnettomuusriski on kohonnut.<\/p>\n<p class=\"aw-1gybjub aw-1p7kakr kEtdKx cEmitX yle__article__paragraph\">Ilmatieteen laitoksen mukaan eritt\u00e4in lauha lokakuu ja marraskuun alku vaihtuvat nyt tavanomaista kylmemm\u00e4ksi alkutalven s\u00e4\u00e4ksi. On my\u00f6s useita signaaleja, joiden perusteella kylmempi s\u00e4\u00e4jakso tulee kest\u00e4m\u00e4\u00e4n useita viikkoja tai jopa pari kuukautta.<\/p>\n<p class=\"aw-1gybjub aw-1p7kakr kEtdKx cEmitX yle__article__paragraph\">Ylen uutishuoneen suorassa l\u00e4hetyksess\u00e4 kello 13.30 alkaen keskustellaan siit\u00e4, millaiseksi s\u00e4\u00e4 muuttuu l\u00e4hip\u00e4ivin\u00e4, ja miten pitemm\u00e4ll\u00e4 aikav\u00e4lill\u00e4 talven s\u00e4\u00e4h\u00e4n vaikuttaa ilmi\u00f6, jota kutsutaan polaaripy\u00f6rteeksi.<\/p>\n<p class=\"aw-1gybjub aw-1p7kakr kEtdKx cEmitX yle__article__paragraph\">Toimittaja <strong class=\"aw-ak79eh KyCXm yle__article__strong\">Ulla Malmisen<\/strong> haastattelussa on meteorologi <strong class=\"aw-ak79eh KyCXm yle__article__strong\">Matti Huutonen<\/strong>. L\u00e4hetyksen aikana piipahdetaan my\u00f6s Kangasalla. Siell\u00e4 toimittaja <strong class=\"aw-ak79eh KyCXm yle__article__strong\">Petra Ketonen<\/strong> kertoo, milt\u00e4 s\u00e4\u00e4 n\u00e4ytt\u00e4\u00e4 ja tuntuu Pirkanmaalla.<\/p>\n","protected":false},"excerpt":{"rendered":"Viikon vaihtuessa s\u00e4\u00e4 kylmenee, ja tavanomaista kylmempi jakso voi kest\u00e4\u00e4 viikkoja tai jopa kuukausia. 12:52\u2022P\u00e4ivitetty 13:30 Viime p\u00e4ivin\u00e4&hellip;\n","protected":false},"author":2,"featured_media":91556,"comment_status":"","ping_status":"","sticky":false,"template":"","format":"standard","meta":{"footnotes":""},"categories":[12],"tags":[22,23,26,27,33,31,30,17,71,24,25,28,29,15,18,21,710,32,9764,19,20,16],"class_list":{"0":"post-91555","1":"post","2":"type-post","3":"status-publish","4":"format-standard","5":"has-post-thumbnail","7":"category-suomi","8":"tag-breaking-news","9":"tag-breakingnews","10":"tag-featured-news","11":"tag-featurednews","12":"tag-fi","13":"tag-finland","14":"tag-finnish","15":"tag-headlines","16":"tag-kotimaa","17":"tag-latest-news","18":"tag-latestnews","19":"tag-main-news","20":"tag-mainnews","21":"tag-news","22":"tag-otsikot","23":"tag-paauutiset","24":"tag-saa","25":"tag-suomi","26":"tag-talvi","27":"tag-top-stories","28":"tag-topstories","29":"tag-uutiset"},"share_on_mastodon":{"url":"","error":""},"_links":{"self":[{"href":"https:\/\/www.europesays.com\/fi\/wp-json\/wp\/v2\/posts\/91555","targetHints":{"allow":["GET"]}}],"collection":[{"href":"https:\/\/www.europesays.com\/fi\/wp-json\/wp\/v2\/posts"}],"about":[{"href":"https:\/\/www.europesays.com\/fi\/wp-json\/wp\/v2\/types\/post"}],"author":[{"embeddable":true,"href":"https:\/\/www.europesays.com\/fi\/wp-json\/wp\/v2\/users\/2"}],"replies":[{"embeddable":true,"href":"https:\/\/www.europesays.com\/fi\/wp-json\/wp\/v2\/comments?post=91555"}],"version-history":[{"count":0,"href":"https:\/\/www.europesays.com\/fi\/wp-json\/wp\/v2\/posts\/91555\/revisions"}],"wp:featuredmedia":[{"embeddable":true,"href":"https:\/\/www.europesays.com\/fi\/wp-json\/wp\/v2\/media\/91556"}],"wp:attachment":[{"href":"https:\/\/www.europesays.com\/fi\/wp-json\/wp\/v2\/media?parent=91555"}],"wp:term":[{"taxonomy":"category","embeddable":true,"href":"https:\/\/www.europesays.com\/fi\/wp-json\/wp\/v2\/categories?post=91555"},{"taxonomy":"post_tag","embeddable":true,"href":"https:\/\/www.europesays.com\/fi\/wp-json\/wp\/v2\/tags?post=91555"}],"curies":[{"name":"wp","href":"https:\/\/api.w.org\/{rel}","templated":true}]}}