{"id":91557,"date":"2025-11-16T11:38:08","date_gmt":"2025-11-16T11:38:08","guid":{"rendered":"https:\/\/www.europesays.com\/fi\/91557\/"},"modified":"2025-11-16T11:38:08","modified_gmt":"2025-11-16T11:38:08","slug":"orpo-ja-lindtman-aloittivat-luottamuksen-kilpalaulannan","status":"publish","type":"post","link":"https:\/\/www.europesays.com\/fi\/91557\/","title":{"rendered":"Orpo ja Lindtman aloittivat luottamuksen kilpalaulannan"},"content":{"rendered":"<p>Kommentti|Suomessa pessimistinen viesti on perinteisesti purrut parhaiten. Talouden se kuitenkin n\u00e4ivett\u00e4\u00e4 ja poliitikot tiet\u00e4v\u00e4t sen, kirjoittaa politiikan toimittaja Santeri Saarinen.<\/p>\n<p class=\"article-body mb-nof-24 px-nof-16\">Suomalaisten mielest\u00e4 kaikki menee p\u00e4in honkia.<\/p>\n<p class=\"article-body mb-nof-24 px-nof-16\">Valtioneuvoston lokakuussa <a class=\"article-genericlink\" href=\"https:\/\/valtioneuvosto.fi\/documents\/194055633\/200124111\/Kansalaispulssi%209.10.2025\/29381489-c175-ff6c-2c36-828d6dc44c34\/Kansalaispulssi%209.10.2025.pdf?t=1760104626339\" rel=\"nofollow noopener\" target=\"_blank\">julkaiseman<\/a> Kansalaispulssi-tutkimuksen mukaan luottamus tulevaisuuteen on romahtanut kaikissa ik\u00e4- ja tuloluokissa. Pessimistisimpi\u00e4 ovat nuoret ja pienituloiset.<\/p>\n<p class=\"article-body mb-nof-24 px-nof-16\">Elinkeinoel\u00e4m\u00e4n valtuuskunnan arvo- ja asennetutkimuksen <a class=\"article-genericlink\" href=\"https:\/\/www.eva.fi\/blog\/2025\/05\/27\/sittenkin-lintukoto-suomalaisten-arviot-yhteiskuntaan-vaikuttavista-uhista-lievenevat\/\" rel=\"nofollow noopener\" target=\"_blank\">mukaan<\/a> suomalaiset ovat pettyneit\u00e4 terveydenhuoltoon ja pelk\u00e4\u00e4v\u00e4t ainakin sotaa, globaalia talouskriisi\u00e4 sek\u00e4 ilmastonmuutosta.<\/p>\n<p class=\"article-body mb-nof-24 px-nof-16\">Toiveikkuus on v\u00e4hiss\u00e4.<\/p>\n<p class=\"article-body mb-nof-24 px-nof-16\">Suomessa politiikka tapaa kummuta uhkakuvista. Kun Ruotsissa hyvinvointivaltion l\u00e4ht\u00f6kohtana oli sata vuotta sitten visio parhaasta mahdollisesta, Suomessa samat rakenteet pystytettiin est\u00e4m\u00e4\u00e4n pahin mahdollinen. 1920-luvun Ruotsissa sosiaalipolitiikan tavoitteena oli rakentaa kansankotia, Suomessa torjua uusi kansalaissota.<\/p>\n<p class=\"article-body mb-nof-24 px-nof-16\">Toivottomuuden viesti on purrut historiassa hyvin. Sama resepti toimii yh\u00e4. P\u00e4\u00e4ministeri <a class=\"article-personlink\" href=\"https:\/\/www.hs.fi\/haku\/?query=Petteri%20Orpon\" rel=\"nofollow noopener\" target=\"_blank\">Petteri Orpon<\/a> (kok) hallituksen p\u00e4\u00e4puolueet voittivat kev\u00e4\u00e4n 2023 vaalit uhkakuvilla. Kokoomus puhui velkalaivasta, perussuomalaiset maahanmuutosta.<\/p>\n<p class=\"article-body mb-nof-24 px-nof-16\">Sama linja on jatkunut hallitusvastuussa: sopeutusty\u00f6t\u00e4 on leimannut ikoniseksi muodostunut kuva saksien kanssa poseeraavasta valtiovarainministeri <a class=\"article-personlink\" href=\"https:\/\/www.hs.fi\/haku\/?query=Riikka%20Purrasta\" rel=\"nofollow noopener\" target=\"_blank\">Riikka Purrasta<\/a> (ps). Viesti on ollut kaikkea muuta kuin toiveikas.<\/p>\n<p class=\"article-body mb-nof-24 px-nof-16\">Nyt oppositiojohtaja Sdp puhuu p\u00e4iv\u00e4st\u00e4 toiseen perikadosta, johon Suomi ajautuu hallituksen talouskurin seurauksena. Se on kannattanut: demarien kannatus on nyt enn\u00e4tystasolla. Viimeksi Sdp:n kannatus oli n\u00e4in suurta vuosituhannen vaihteessa, kun entinen p\u00e4\u00e4ministeri <a class=\"article-personlink\" href=\"https:\/\/www.hs.fi\/haku\/?query=Paavo%20Lipponen\" rel=\"nofollow noopener\" target=\"_blank\">Paavo Lipponen<\/a> viel\u00e4 johti puoluetta.<\/p>\n<p class=\"article-body mb-nof-24 px-nof-16\">Pessimistisesti jankkaava poliitikko on voinut olla optimistinen omasta tulevaisuudestaan. Pessimismill\u00e4 saattaa kuitenkin ampua omaan jalkaan.<\/p>\n<p class=\"article-body mb-nof-24 px-nof-16\">Analyysit taloudesta kertovat, ett\u00e4 taantuma pitkittyy nyt kuluttajien ja yritysten heikon luottamuksen vuoksi. Talouden kitukasvua lietsova poliitikko saattaa jonain p\u00e4iv\u00e4n\u00e4 l\u00f6yt\u00e4\u00e4 hallitusvastuusta itsens\u00e4.<\/p>\n<p class=\"article-body mb-nof-24 px-nof-16\">K\u00e4\u00e4nnekohta saattaa kuitenkin olla k\u00e4sill\u00e4.<\/p>\n<p class=\"article-body mb-nof-24 px-nof-16\">Viime viikkojen aikana hallitus ja oppositio ovat yltyneet kilpailemaan siit\u00e4, kuka on kaikkein optimistisin ja luottamusta her\u00e4tt\u00e4vin.<\/p>\n<p class=\"article-body mb-nof-24 px-nof-16\">Torstain kyselytunnilla \u201dyksin\u00e4iseksi optimistiksi\u201d <a class=\"article-genericlink\" href=\"https:\/\/suomenkuvalehti.fi\/paajutut\/orpo-nakee-taloudessa-hengastyttavan-maaran-hyvia-merkkeja-nyt-vain-muidenkin-pitaisi-nahda-ne\/\" rel=\"nofollow noopener\" target=\"_blank\">tituleerattu<\/a> p\u00e4\u00e4ministeri Orpo oli vakaumuksessaan niin vahva, ett\u00e4 yltyi liki huutamaan oppositiolle.<\/p>\n<p class=\"article-body mb-nof-24 px-nof-16\">\u201dToivo on tekoja\u201d, Orpo jyrisi ministerilehterilt\u00e4 demariedustaja <a class=\"article-personlink\" href=\"https:\/\/www.hs.fi\/haku\/?query=Timo%20Harakalle\" rel=\"nofollow noopener\" target=\"_blank\">Timo Harakalle<\/a>, joka p\u00e4\u00e4ministerin sanoin oli puheenvuorossaan manannut uhkakuvia niin, ett\u00e4 \u201dvain hein\u00e4sirkat puuttuivat\u201d.<\/p>\n<p class=\"article-body mb-nof-24 px-nof-16\">Oppositio <a class=\"article-genericlink\" href=\"https:\/\/www.hs.fi\/politiikka\/art-2000011625728.html\" rel=\"nofollow noopener\" target=\"_blank\">myllytti<\/a> keskustelussa Orpon hallitusta nimenomaan luottamuksen rapauttamisesta. Sdp:n puheenjohtaja <a class=\"article-personlink\" href=\"https:\/\/www.hs.fi\/haku\/?query=Antti%20Lindtmanin\" rel=\"nofollow noopener\" target=\"_blank\">Antti Lindtmanin<\/a> luottopakki <a class=\"article-personlink\" href=\"https:\/\/www.hs.fi\/haku\/?query=Joona%20R%C3%A4s%C3%A4nen\" rel=\"nofollow noopener\" target=\"_blank\">Joona R\u00e4s\u00e4nen<\/a> katsoi, ett\u00e4 hallitus on itse aiheuttanut \u201dtempoilullaan\u201d yritysten luottamuspulan.<\/p>\n<p class=\"article-body mb-nof-24 px-nof-16\">R\u00e4s\u00e4sen mielest\u00e4 Orpon optimismille ei ole katetta, vaikka p\u00e4\u00e4ministeri onkin esitt\u00e4nyt todistuksiaan talouden k\u00e4\u00e4nteest\u00e4 kyll\u00e4stymiseen saakka.<\/p>\n<p class=\"article-body mb-nof-24 px-nof-16\">\u201dJos kasvun liikkeelle l\u00e4hteminen on kiinni siit\u00e4, ett\u00e4 t\u00e4\u00e4ll\u00e4 pit\u00e4\u00e4 sulkea silm\u00e4t ja olla hiljaa ep\u00e4kohdista, niin tehd\u00e4\u00e4n sitten niin joka p\u00e4iv\u00e4. Ker\u00e4\u00e4nnyt\u00e4\u00e4n piiriin ja taputellaan toisiamme selk\u00e4\u00e4n ja lauletaan sitten kumbayaa, jos se kasvu sill\u00e4 l\u00e4htisi liikkeelle\u201d, R\u00e4s\u00e4nen viisasteli.<\/p>\n<p class=\"article-body mb-nof-24 px-nof-16\">Demarit eiv\u00e4t ole kumbayaa \u2013 pelastusta rukoilevaa hengellist\u00e4 laulua \u2013 laulaneet.<\/p>\n<p class=\"article-body mb-nof-24 px-nof-16\">Lauantaina puheenjohtaja Lindtman yltyi kuitenkin messuamaan <a class=\"article-genericlink\" href=\"https:\/\/www.hs.fi\/politiikka\/art-2000011624870.html\" rel=\"nofollow noopener\" target=\"_blank\">Espooseen ker\u00e4\u00e4ntyneelle<\/a> puoluev\u00e4elle omaa, sosiaalidemokraattista evankeliumiaan.<\/p>\n<p class=\"article-body mb-nof-24 px-nof-16\">Lindtman visioi, ett\u00e4 kymmenen vuoden p\u00e4\u00e4st\u00e4 hoitojonot olisivat vain muisto, Suomi olisi hiilineutraali ja is\u00e4nmaa synnytt\u00e4isi hyvinvointia jauhavia miljardiyrityksi\u00e4 toisensa per\u00e4\u00e4n.<\/p>\n<p class=\"article-body mb-nof-24 px-nof-16\">Suuri osa puheesta koostui tuttuun tapaan hallituksen p\u00e4\u00e4t\u00f6sten kritisoimisesta. Viestiss\u00e4 korostui kuitenkin yksi teema. Demarit haluavat nyt kertoa, kuka luottamuksen on rikkonut ja kuinka se sosialidemokraattien johdolla palautetaan.<\/p>\n<p class=\"article-body mb-nof-24 px-nof-16\">Orpon ja Lindtmanin maalailut saattavat sy\u00f6ksykierteen keskell\u00e4 kuulostaa naiiveilta ja ep\u00e4uskottavilta.<\/p>\n<p class=\"article-body mb-nof-24 px-nof-16\">Ent\u00e4 sitten?<\/p>\n<p class=\"article-body mb-nof-24 px-nof-16\">Silmien sulkeminen ei auta. Suomen tilanne on todella hankala, oli kyse sitten velkaantumisesta, terveydenhuollon tilasta tai ty\u00f6tt\u00f6myydest\u00e4. Mutta niin se on ollut ennenkin.<\/p>\n<p class=\"article-body mb-nof-24 px-nof-16\">Jos hyvinvoinnin rakentaminen onnistui sotien runtelemassa ja Neuvostoliiton talutusnuorassa roikkuvassa Suomessa, miksi se ei voisi onnistua nyt? Luottamuksen puute taitaa kummuta indeksileikkauksia syvemm\u00e4lt\u00e4. Suomalaiset tarvitsevat itseluottamusta.<\/p>\n<p class=\"article-body mb-nof-24 px-nof-16\">Tulevaisuudenuskon ja talouskasvun yhteys voi selitty\u00e4 my\u00f6s talouden rakenteen muutoksilla.<\/p>\n<p class=\"article-body mb-nof-24 px-nof-16\">Kun talouskasvu nojasi teollisuuspainotteiseen id\u00e4nkauppaan, tarvittiin luottamuksen sijaan luotettavuutta. Suomalaisten ei tarvinnut luottaa henkil\u00f6kohtaisiin kulutusmahdollisuuksiin. Riitti, ett\u00e4 Neuvostoliitto luotti meihin.<\/p>\n<p class=\"article-body mb-nof-24 px-nof-16\">Nyt on toisin. Yksityisen kulutuksen osuus muodostaa Suomen bruttokansantuotteesta nykyisin noin puolet. Kuten nyt on n\u00e4hty, telakkatilauksetkaan eiv\u00e4t taita taantumaa, elleiv\u00e4t kansalaiset ota niit\u00e4 merkkin\u00e4 paremmasta tulevaisuudesta.<\/p>\n<p class=\"article-body mb-nof-24 px-nof-16\">Siksi on my\u00f6nteist\u00e4, ett\u00e4 k\u00e4rkipoliitikot ovat nyt ryhtyneet kilpailemaan toivosta pelon sijaan.<\/p>\n","protected":false},"excerpt":{"rendered":"Kommentti|Suomessa pessimistinen viesti on perinteisesti purrut parhaiten. Talouden se kuitenkin n\u00e4ivett\u00e4\u00e4 ja poliitikot tiet\u00e4v\u00e4t sen, kirjoittaa politiikan toimittaja&hellip;\n","protected":false},"author":2,"featured_media":91558,"comment_status":"","ping_status":"","sticky":false,"template":"","format":"standard","meta":{"footnotes":""},"categories":[5],"tags":[22,23,26,27,33,31,30,17,46,24,25,28,29,15,18,21,32,19,20,16],"class_list":{"0":"post-91557","1":"post","2":"type-post","3":"status-publish","4":"format-standard","5":"has-post-thumbnail","7":"category-otsikot","8":"tag-breaking-news","9":"tag-breakingnews","10":"tag-featured-news","11":"tag-featurednews","12":"tag-fi","13":"tag-finland","14":"tag-finnish","15":"tag-headlines","16":"tag-helsingin-sanomat","17":"tag-latest-news","18":"tag-latestnews","19":"tag-main-news","20":"tag-mainnews","21":"tag-news","22":"tag-otsikot","23":"tag-paauutiset","24":"tag-suomi","25":"tag-top-stories","26":"tag-topstories","27":"tag-uutiset"},"share_on_mastodon":{"url":"https:\/\/pubeurope.com\/@fi\/115559183367323001","error":""},"_links":{"self":[{"href":"https:\/\/www.europesays.com\/fi\/wp-json\/wp\/v2\/posts\/91557","targetHints":{"allow":["GET"]}}],"collection":[{"href":"https:\/\/www.europesays.com\/fi\/wp-json\/wp\/v2\/posts"}],"about":[{"href":"https:\/\/www.europesays.com\/fi\/wp-json\/wp\/v2\/types\/post"}],"author":[{"embeddable":true,"href":"https:\/\/www.europesays.com\/fi\/wp-json\/wp\/v2\/users\/2"}],"replies":[{"embeddable":true,"href":"https:\/\/www.europesays.com\/fi\/wp-json\/wp\/v2\/comments?post=91557"}],"version-history":[{"count":0,"href":"https:\/\/www.europesays.com\/fi\/wp-json\/wp\/v2\/posts\/91557\/revisions"}],"wp:featuredmedia":[{"embeddable":true,"href":"https:\/\/www.europesays.com\/fi\/wp-json\/wp\/v2\/media\/91558"}],"wp:attachment":[{"href":"https:\/\/www.europesays.com\/fi\/wp-json\/wp\/v2\/media?parent=91557"}],"wp:term":[{"taxonomy":"category","embeddable":true,"href":"https:\/\/www.europesays.com\/fi\/wp-json\/wp\/v2\/categories?post=91557"},{"taxonomy":"post_tag","embeddable":true,"href":"https:\/\/www.europesays.com\/fi\/wp-json\/wp\/v2\/tags?post=91557"}],"curies":[{"name":"wp","href":"https:\/\/api.w.org\/{rel}","templated":true}]}}