{"id":91559,"date":"2025-11-16T11:50:07","date_gmt":"2025-11-16T11:50:07","guid":{"rendered":"https:\/\/www.europesays.com\/fi\/91559\/"},"modified":"2025-11-16T11:50:07","modified_gmt":"2025-11-16T11:50:07","slug":"esko-eerikainen-ja-suvi-hartlin-hurja-video-leviaa","status":"publish","type":"post","link":"https:\/\/www.europesays.com\/fi\/91559\/","title":{"rendered":"Esko Eerik\u00e4inen ja Suvi Hartlin: hurja video levi\u00e4\u00e4"},"content":{"rendered":"<p>\n            20250115 HELSINKI. TENNISPALATSI. Robbie Williams, Better Man -elokuvan ensi-ilta. Suvi Hartlin ja Esko Eerik\u00e4inen. KUVA: ATTE KAJOVA<br \/>\n            ATTE KAJOVA\n        <\/p>\n<p class=\"subtitle \">Esko ja Suvi ovat saaneet paljon palautetta sosiaalisessa mediassa.<\/p>\n<p class=\"article-content article-content-width !bg-background\">Radiojuontajakaksikko   ja   esiintyv\u00e4t hurjalla videolla, joka on her\u00e4tt\u00e4nyt paljon huomiota sosiaalisessa mediassa.<\/p>\n<p class=\"font-weight-bold m-font-weight-bold article-content article-content-width !bg-background\">Arkistovideo: Esko Eerik\u00e4inen kertoo silm\u00e4luomileikkauksestaan<\/p>\n<p class=\"article-content article-content-width !bg-background\">Radio Novan iltap\u00e4iv\u00e4ohjelman juontajat yritt\u00e4v\u00e4t suorittaa suosittua somehaastetta.\u00a0<\/p>\n<p class=\"article-content article-content-width !bg-background\">Video on julkaistu radiokanavan Instagram-tilill\u00e4 sek\u00e4 Suvin ja Eskon omilla sometileill\u00e4. Julkaisu on osa Suvin ja Eskon Torstaijumppa-nimist\u00e4 videosarjaa.<\/p>\n<p class=\"article-content article-content-width !bg-background\">\u2013 Kiinnitt\u00e4k\u00e4\u00e4 turvavy\u00f6t, arvioitu lentoaika 27 sekuntia, julkaisussa mainitaan.<\/p>\n<p>        <a itemprop=\"url\" href=\"https:\/\/www.seiska.fi\/kotimaa\/huoli-herasi-esko-eerikaisen-podcast-paljastuksesta\/1988228\" rel=\"nofollow noopener\" target=\"_blank\"><\/p>\n<p>\nPodcast\n<\/p>\n<p class=\"section-date\">\n        <strong class=\"article-section\" data-section=\"kotimaa\"><br \/>\n            kotimaa<br \/>\n        <\/strong><br \/>\n        12.11. 13:02\n    <\/p>\n<p>Huoli her\u00e4si Esko Eerik\u00e4isen podcast-paljastuksesta\n    <\/p>\n<p itemprop=\"description\" class=\"subtitle \">\n    Hiljattain sattunut tapaus her\u00e4tti Eskossa ep\u00e4ilyn, ett\u00e4 onko kaikki kunnossa.\n<\/p>\n<p>        <\/a><\/p>\n<p>Hurja temppu<\/p>\n<p class=\"article-content article-content-width !bg-background\">Trendaavalla somehaastevideolla mies muun muassa nostaa naisen ilmaan, ja he tekev\u00e4t n\u00e4ytt\u00e4v\u00e4n akrobaattisen esityksen.<\/p>\n<p class=\"article-content article-content-width !bg-background\">\u2013 Temppu, jossa vaaditaan j\u00e4lleen rytmi\u00e4, nopeutta, voimaa ja kest\u00e4vyytt\u00e4, Esko alustaa.<\/p>\n<p class=\"article-content article-content-width !bg-background\">\u2013 Pliis, m\u00e4 pyyd\u00e4n. Pid\u00e4 musta kiinni! Suvi huudahtaa naureskellen.<\/p>\n<p>Kaksikon reaktiot her\u00e4tt\u00e4v\u00e4t hilpeytt\u00e4<\/p>\n<p class=\"article-content article-content-width !bg-background\">Videolla n\u00e4hd\u00e4\u00e4n, kuinka Esko valmistautuu ensin laskemaan Suvin eteens\u00e4 maahan. Sitten temppu vaatii, ett\u00e4 Esko nostaa Suvin ilmaan polvilleen. <\/p>\n<p class=\"article-content article-content-width !bg-background\">Kummassakin on havaittavissa hieman ep\u00e4varmuutta suorituksen suhteen.\u00a0Esko yritt\u00e4\u00e4 parhaansa, mutta he ep\u00e4onnistuvat ensin muutamaan otteeseen.<\/p>\n<p class=\"article-content article-content-width !bg-background\">Juontajakaksikko suhtautuu haastavaan tilanteeseen huumorilla.<\/p>\n<p class=\"article-content article-content-width !bg-background\">Suvi kikattelee yritysten aikana hysteerisen oloisena.<\/p>\n<p>Seuraajat ihastuivat tempaukseen<\/p>\n<p class=\"article-content article-content-width !bg-background\">Lopulta kaksikko saa hyv\u00e4ksytyn suorituksen. Esko rynt\u00e4\u00e4 kameran eteen.<\/p>\n<p class=\"article-content article-content-width !bg-background\">\u2013 Waaah! Esko huudahtaa.<\/p>\n<p class=\"article-content article-content-width !bg-background\">\u2013 Ta-daa! Suvi puolestaan iloitsee.<\/p>\n<p>        <a itemprop=\"url\" href=\"https:\/\/www.seiska.fi\/kotimaa\/eronneelta-suvi-hartlinilta-yllatysveto\/1960019\" rel=\"nofollow noopener\" target=\"_blank\"><\/p>\n<p>\nEronnut Suvi Hartlin\n<\/p>\n<p class=\"section-date\">\n        <strong class=\"article-section\" data-section=\"kotimaa\"><br \/>\n            kotimaa<br \/>\n        <\/strong><br \/>\n        14.10. 10:32\n    <\/p>\n<p>Eronneelta Suvi Hartlinilta yll\u00e4tysveto\n    <\/p>\n<p itemprop=\"description\" class=\"subtitle \">\n    Suvi teki yll\u00e4tt\u00e4v\u00e4n hankinnan kotiinsa.\n<\/p>\n<p>        <\/a><\/p>\n<p class=\"article-content article-content-width !bg-background\">Video on saanut runsaasti huomiota sosiaalisessa mediassa, ja seuraajat ovat reagoineet sometempaukseen riemukkaissa tunnelmissa.<\/p>\n<p class=\"article-content article-content-width !bg-background\">\u2013\u00a0Onhan teill\u00e4 hyv\u00e4t vakuutukset voimassa, er\u00e4s seuraaja kyseli itkunauruhymi\u00f6iden kera.<\/p>\n<p class=\"article-content article-content-width !bg-background\">\u2013 P\u00e4iv\u00e4n pelastus! Toinen fani kehuu.<\/p>\n<p class=\"article-content article-content-width !bg-background\">\u2013\u00a0Ihanaa. Nauru pident\u00e4\u00e4 ik\u00e4\u00e4. Varsinkin n\u00e4in synkk\u00e4n\u00e4 marraskuun p\u00e4iv\u00e4n\u00e4, toinen toteaa.<\/p>\n<p class=\"article-content article-content-width !bg-background\">Suvi Hartlin ja Esko Eerik\u00e4inen lukeutuvat Suomen suosituimpiin radiojuontajiin.\u00a0<\/p>\n<p class=\"article-content article-content-width !bg-background\">Suvi paljasti kev\u00e4\u00e4ll\u00e4 eronneensa noin kahden vuoden mittaisesta suhteestaan.<\/p>\n<p class=\"article-content article-content-width !bg-background\">Ennen sit\u00e4 Suvi seurusteli Nelonen Median musiikkip\u00e4\u00e4llikk\u00f6  kanssa. H\u00e4nell\u00e4 on tyt\u00e4r aiemmasta liitostaan.<\/p>\n<p class=\"article-content article-content-width !bg-background\">Kes\u00e4ll\u00e4 Seiska uutisoi, ett\u00e4 er\u00e4s Suvia piinannut mies on m\u00e4\u00e4r\u00e4tty l\u00e4hestymiskieltoon.<\/p>\n<p>        <a itemprop=\"url\" href=\"https:\/\/www.seiska.fi\/rikos\/suvi-hartlinin-painajainen-paljastui-mies-maarattiin-lahestymiskieltoon\/1878619\" rel=\"nofollow noopener\" target=\"_blank\"><\/p>\n<p>\nSuvi Hartlinin painajainen\n<\/p>\n<p class=\"section-date\">\n        <strong class=\"article-section\" data-section=\"rikos\"><br \/>\n            rikos<br \/>\n        <\/strong><br \/>\n        8.8. 06:00\n    <\/p>\n<p>Suvi Hartlinin painajainen paljastui: Mies m\u00e4\u00e4r\u00e4ttiin l\u00e4hestymiskieltoon\n    <\/p>\n<p itemprop=\"description\" class=\"subtitle \">\n    Poliisit ottivat miehen kiinni radiojuontajan rappuk\u00e4yt\u00e4v\u00e4st\u00e4.\n<\/p>\n<p>        <\/a><\/p>\n<p class=\"article-content article-content-width !bg-background\">Esko tunnetaan my\u00f6s suositusta\u00a0Martina &amp; Esko -podcastista, jota h\u00e4n juontaa ex-vaimonsa  kanssa. Eskolla ja Martinalla on yhteinen -tyt\u00e4r.<\/p>\n<p class=\"article-content article-content-width !bg-background\">Esko on ollut sinkkumarkkinoilla jo jonkin aikaa. Esko kertoi elokuussa Seiskalle, ett\u00e4 h\u00e4n kyll\u00e4 ihastuu helposti, mutta ett\u00e4 uusi suhde vaatisi h\u00e4nelt\u00e4 enemm\u00e4n.<\/p>\n<p class=\"article-content article-content-width !bg-background\">\u2013 Minun pit\u00e4isi olla isommin auki ja uskaltaa hyp\u00e4t\u00e4 asioihin syvemm\u00e4lle. Pelk\u00e4\u00e4n kuitenkin, ett\u00e4 satutan toista tai itseeni sattuu. Pit\u00e4isi uskaltaa luottaa, ett\u00e4 kyll\u00e4 se laskuvarjo aukeaa, Esko avasi tuntemuksiaan Seiskalle.<\/p>\n<p>        <a itemprop=\"url\" href=\"https:\/\/www.seiska.fi\/kotimaa\/esko-eerikainen-rakkauspaljastus\/1907751\" rel=\"nofollow noopener\" target=\"_blank\"><\/p>\n<p>\nEsko Eerik\u00e4inen\n<\/p>\n<p class=\"section-date\">\n        <strong class=\"article-section\" data-section=\"kotimaa\"><br \/>\n            kotimaa<br \/>\n        <\/strong><br \/>\n        25.8. 05:30\n    <\/p>\n<p>Esko Eerik\u00e4inen: Rakkauspaljastus!\n    <\/p>\n<p itemprop=\"description\" class=\"subtitle \">\n    Esko kertoo Seiskalle, mit\u00e4 h\u00e4n kumppaniltaan kaipaa.\n<\/p>\n<p>        <\/a><\/p>\n","protected":false},"excerpt":{"rendered":"20250115 HELSINKI. TENNISPALATSI. Robbie Williams, Better Man -elokuvan ensi-ilta. Suvi Hartlin ja Esko Eerik\u00e4inen. KUVA: ATTE KAJOVA ATTE&hellip;\n","protected":false},"author":2,"featured_media":91560,"comment_status":"","ping_status":"","sticky":false,"template":"","format":"standard","meta":{"footnotes":""},"categories":[136],"tags":[407,137,1176,33,31,30,408,3229,3228,18257,18258,32,3232,109],"class_list":{"0":"post-91559","1":"post","2":"type-post","3":"status-publish","4":"format-standard","5":"has-post-thumbnail","7":"category-julkkikset","8":"tag-celebrities","9":"tag-entertainment","10":"tag-esko-eerikainen","11":"tag-fi","12":"tag-finland","13":"tag-finnish","14":"tag-julkkikset","15":"tag-radio-nova","16":"tag-radiojuontaja","17":"tag-somehaaste","18":"tag-somevideo","19":"tag-suomi","20":"tag-suvi-hartlin","21":"tag-viihde"},"share_on_mastodon":{"url":"https:\/\/pubeurope.com\/@fi\/115559230554355412","error":""},"_links":{"self":[{"href":"https:\/\/www.europesays.com\/fi\/wp-json\/wp\/v2\/posts\/91559","targetHints":{"allow":["GET"]}}],"collection":[{"href":"https:\/\/www.europesays.com\/fi\/wp-json\/wp\/v2\/posts"}],"about":[{"href":"https:\/\/www.europesays.com\/fi\/wp-json\/wp\/v2\/types\/post"}],"author":[{"embeddable":true,"href":"https:\/\/www.europesays.com\/fi\/wp-json\/wp\/v2\/users\/2"}],"replies":[{"embeddable":true,"href":"https:\/\/www.europesays.com\/fi\/wp-json\/wp\/v2\/comments?post=91559"}],"version-history":[{"count":0,"href":"https:\/\/www.europesays.com\/fi\/wp-json\/wp\/v2\/posts\/91559\/revisions"}],"wp:featuredmedia":[{"embeddable":true,"href":"https:\/\/www.europesays.com\/fi\/wp-json\/wp\/v2\/media\/91560"}],"wp:attachment":[{"href":"https:\/\/www.europesays.com\/fi\/wp-json\/wp\/v2\/media?parent=91559"}],"wp:term":[{"taxonomy":"category","embeddable":true,"href":"https:\/\/www.europesays.com\/fi\/wp-json\/wp\/v2\/categories?post=91559"},{"taxonomy":"post_tag","embeddable":true,"href":"https:\/\/www.europesays.com\/fi\/wp-json\/wp\/v2\/tags?post=91559"}],"curies":[{"name":"wp","href":"https:\/\/api.w.org\/{rel}","templated":true}]}}