{"id":91561,"date":"2025-11-16T11:57:08","date_gmt":"2025-11-16T11:57:08","guid":{"rendered":"https:\/\/www.europesays.com\/fi\/91561\/"},"modified":"2025-11-16T11:57:08","modified_gmt":"2025-11-16T11:57:08","slug":"eduard-hallbergilta-mahtilasku-levilla-urheilu","status":"publish","type":"post","link":"https:\/\/www.europesays.com\/fi\/91561\/","title":{"rendered":"Eduard Hallbergilt\u00e4 mahtilasku Levill\u00e4 | Urheilu"},"content":{"rendered":"<p>Suomen Eduard Hallberg on onnistunut mainiosti alppihiihdon miesten maailmancupin pujottelun ensimm\u00e4isell\u00e4 kierroksella Kittil\u00e4n Levill\u00e4. Numerolla 29 laskenut Hallberg selvitti avauslaskun viidenneksi nopeimmin. H\u00e4n oli vain 0,9 sekuntia hitaampi kuin kilpailua johtava Brasilian Lucas Pinheiro Braathen. Ranskan Clement Noel on toisena ja Norjan Timon Haugan kolmantena.<\/p>\n<p>22-vuotias Hallberg pujotteli Levill\u00e4 vuosi sitten 24:nneksi ja ylsi viikkoa my\u00f6hemmin It\u00e4vallan Gurglissa per\u00e4ti kahdeksanneksi. Se on h\u00e4nen toistaiseksi paras sijoituksensa maailmancupissa.<\/p>\n<p>Muista suomalaisista Jesper Pohjolainen oli hetken kiinni toisen kierroksen paikassa ja j\u00e4i 31:nneksi. Salomo Sirvi\u00f6, Turo Torvinen ja Felix Maksimow keskeyttiv\u00e4t.<\/p>\n","protected":false},"excerpt":{"rendered":"Suomen Eduard Hallberg on onnistunut mainiosti alppihiihdon miesten maailmancupin pujottelun ensimm\u00e4isell\u00e4 kierroksella Kittil\u00e4n Levill\u00e4. Numerolla 29 laskenut Hallberg&hellip;\n","protected":false},"author":2,"featured_media":91562,"comment_status":"","ping_status":"","sticky":false,"template":"","format":"standard","meta":{"footnotes":""},"categories":[158],"tags":[2110,33,31,30,2096,1569,4355,923,159,32,17151,2793,160],"class_list":{"0":"post-91561","1":"post","2":"type-post","3":"status-publish","4":"format-standard","5":"has-post-thumbnail","7":"category-urheilu","8":"tag-elamantapa-ja-vapaa-aika","9":"tag-fi","10":"tag-finland","11":"tag-finnish","12":"tag-hiihtolajit","13":"tag-kittila","14":"tag-lapin-maakunta","15":"tag-matkustaminen","16":"tag-sports","17":"tag-suomi","18":"tag-talviurheilukeskus","19":"tag-turismi","20":"tag-urheilu"},"share_on_mastodon":{"url":"https:\/\/pubeurope.com\/@fi\/115559258282132197","error":""},"_links":{"self":[{"href":"https:\/\/www.europesays.com\/fi\/wp-json\/wp\/v2\/posts\/91561","targetHints":{"allow":["GET"]}}],"collection":[{"href":"https:\/\/www.europesays.com\/fi\/wp-json\/wp\/v2\/posts"}],"about":[{"href":"https:\/\/www.europesays.com\/fi\/wp-json\/wp\/v2\/types\/post"}],"author":[{"embeddable":true,"href":"https:\/\/www.europesays.com\/fi\/wp-json\/wp\/v2\/users\/2"}],"replies":[{"embeddable":true,"href":"https:\/\/www.europesays.com\/fi\/wp-json\/wp\/v2\/comments?post=91561"}],"version-history":[{"count":0,"href":"https:\/\/www.europesays.com\/fi\/wp-json\/wp\/v2\/posts\/91561\/revisions"}],"wp:featuredmedia":[{"embeddable":true,"href":"https:\/\/www.europesays.com\/fi\/wp-json\/wp\/v2\/media\/91562"}],"wp:attachment":[{"href":"https:\/\/www.europesays.com\/fi\/wp-json\/wp\/v2\/media?parent=91561"}],"wp:term":[{"taxonomy":"category","embeddable":true,"href":"https:\/\/www.europesays.com\/fi\/wp-json\/wp\/v2\/categories?post=91561"},{"taxonomy":"post_tag","embeddable":true,"href":"https:\/\/www.europesays.com\/fi\/wp-json\/wp\/v2\/tags?post=91561"}],"curies":[{"name":"wp","href":"https:\/\/api.w.org\/{rel}","templated":true}]}}