{"id":91566,"date":"2025-11-16T12:02:07","date_gmt":"2025-11-16T12:02:07","guid":{"rendered":"https:\/\/www.europesays.com\/fi\/91566\/"},"modified":"2025-11-16T12:02:07","modified_gmt":"2025-11-16T12:02:07","slug":"venaja-vaittaa-vallanneensa-taas-kylia-alakynnessa-olevalta-ukrainalta","status":"publish","type":"post","link":"https:\/\/www.europesays.com\/fi\/91566\/","title":{"rendered":"Ven\u00e4j\u00e4 v\u00e4itt\u00e4\u00e4 vallanneensa taas kyli\u00e4 alakynness\u00e4 olevalta Ukrainalta"},"content":{"rendered":"<p>Ukrainan sota|Ven\u00e4j\u00e4n joukot ovat edistyneet molemmilla rintamilla id\u00e4ss\u00e4 ja etel\u00e4ss\u00e4.<\/p>\n<p class=\"article-body mb-nof-24 px-nof-16\">Ven\u00e4j\u00e4n asevoimat sanoo vallanneensa kaksi uutta kyl\u00e4\u00e4 etel\u00e4isess\u00e4 Ukrainassa, jossa sen joukot ovat hitaasti vallanneet alaa alakynness\u00e4 olevilta ukrainalaisjoukoilta.<\/p>\n<p class=\"article-body mb-nof-24 px-nof-16\">Ven\u00e4j\u00e4n puolustusministeri\u00f6 v\u00e4itti <a class=\"article-genericlink\" href=\"https:\/\/t.me\/s\/mod_russia_en\" rel=\"nofollow\">Telegramissa<\/a>, ett\u00e4 sen joukot olivat ottaneet haltuunsa Rivnopilljan ja Mala Tokmat\u0161kan kyl\u00e4t Zapori\u017e\u017ejan alueella. Tietoa ei ole riippumattomasti vahvistettu.<\/p>\n<p class=\"article-body mb-nof-24 px-nof-16\">Mala Tokmat\u0161kan kyl\u00e4st\u00e4 k\u00e4ytiin viel\u00e4 lokakuun lopulla kiivas taistelu, jossa Ukraina sanoi torjuneensa Ven\u00e4j\u00e4n hy\u00f6kk\u00e4yksen ja tuhonneensa useita sotilasajoneuvoja, kertoi muun muassa <a class=\"article-genericlink\" href=\"https:\/\/www.kyivpost.com\/post\/62627\" rel=\"nofollow noopener\" target=\"_blank\">Kyiv Post<\/a>.<\/p>\n<p class=\"article-body mb-nof-24 px-nof-16\">Zapori\u017e\u017ejan rintamalla taisteluja ei yleisesti ole k\u00e4yty samalla kiivaudella kuin maan it\u00e4osissa, mutta Ven\u00e4j\u00e4n joukot ovat edistyneet molemmilla rintamilla. Id\u00e4ss\u00e4 Donetskissa taistelujen keskipisteen\u00e4 on logistisesti t\u00e4rke\u00e4 Pokrovskin kaupunki, jonka sis\u00e4lle on tunkeutunut satoja ven\u00e4l\u00e4issotilaita viime viikkojen taisteluissa.<\/p>\n<p class=\"article-body mb-nof-24 px-nof-16\">Yritykset saada aselepoa Ukrainaan ovat kuivuneet kokoon sen j\u00e4lkeen, kun harkittu tapaaminen Yhdysvaltain presidentti <a class=\"article-personlink\" href=\"https:\/\/www.hs.fi\/haku\/?query=Donald%20Trumpin\" rel=\"nofollow noopener\" target=\"_blank\">Donald Trumpin<\/a> ja Ven\u00e4j\u00e4n <a class=\"article-personlink\" href=\"https:\/\/www.hs.fi\/haku\/?query=Vladimir%20Putinin\" rel=\"nofollow noopener\" target=\"_blank\">Vladimir Putinin<\/a> v\u00e4lill\u00e4 Budapestiss\u00e4 peruuntui.<\/p>\n","protected":false},"excerpt":{"rendered":"Ukrainan sota|Ven\u00e4j\u00e4n joukot ovat edistyneet molemmilla rintamilla id\u00e4ss\u00e4 ja etel\u00e4ss\u00e4. Ven\u00e4j\u00e4n asevoimat sanoo vallanneensa kaksi uutta kyl\u00e4\u00e4 etel\u00e4isess\u00e4&hellip;\n","protected":false},"author":2,"featured_media":91567,"comment_status":"","ping_status":"","sticky":false,"template":"","format":"standard","meta":{"footnotes":""},"categories":[14],"tags":[22,23,26,27,33,31,30,17,46,24,25,28,29,15,18,21,32,19,20,56,16,59,60,61],"class_list":{"0":"post-91566","1":"post","2":"type-post","3":"status-publish","4":"format-standard","5":"has-post-thumbnail","7":"category-ulkomaat","8":"tag-breaking-news","9":"tag-breakingnews","10":"tag-featured-news","11":"tag-featurednews","12":"tag-fi","13":"tag-finland","14":"tag-finnish","15":"tag-headlines","16":"tag-helsingin-sanomat","17":"tag-latest-news","18":"tag-latestnews","19":"tag-main-news","20":"tag-mainnews","21":"tag-news","22":"tag-otsikot","23":"tag-paauutiset","24":"tag-suomi","25":"tag-top-stories","26":"tag-topstories","27":"tag-ulkomaat","28":"tag-uutiset","29":"tag-world","30":"tag-world-news","31":"tag-worldnews"},"share_on_mastodon":{"url":"https:\/\/pubeurope.com\/@fi\/115559277835864269","error":""},"_links":{"self":[{"href":"https:\/\/www.europesays.com\/fi\/wp-json\/wp\/v2\/posts\/91566","targetHints":{"allow":["GET"]}}],"collection":[{"href":"https:\/\/www.europesays.com\/fi\/wp-json\/wp\/v2\/posts"}],"about":[{"href":"https:\/\/www.europesays.com\/fi\/wp-json\/wp\/v2\/types\/post"}],"author":[{"embeddable":true,"href":"https:\/\/www.europesays.com\/fi\/wp-json\/wp\/v2\/users\/2"}],"replies":[{"embeddable":true,"href":"https:\/\/www.europesays.com\/fi\/wp-json\/wp\/v2\/comments?post=91566"}],"version-history":[{"count":0,"href":"https:\/\/www.europesays.com\/fi\/wp-json\/wp\/v2\/posts\/91566\/revisions"}],"wp:featuredmedia":[{"embeddable":true,"href":"https:\/\/www.europesays.com\/fi\/wp-json\/wp\/v2\/media\/91567"}],"wp:attachment":[{"href":"https:\/\/www.europesays.com\/fi\/wp-json\/wp\/v2\/media?parent=91566"}],"wp:term":[{"taxonomy":"category","embeddable":true,"href":"https:\/\/www.europesays.com\/fi\/wp-json\/wp\/v2\/categories?post=91566"},{"taxonomy":"post_tag","embeddable":true,"href":"https:\/\/www.europesays.com\/fi\/wp-json\/wp\/v2\/tags?post=91566"}],"curies":[{"name":"wp","href":"https:\/\/api.w.org\/{rel}","templated":true}]}}