{"id":91570,"date":"2025-11-16T12:04:09","date_gmt":"2025-11-16T12:04:09","guid":{"rendered":"https:\/\/www.europesays.com\/fi\/91570\/"},"modified":"2025-11-16T12:04:09","modified_gmt":"2025-11-16T12:04:09","slug":"poliisi-svtlle-tukholman-kuolemiin-johtanut-bussiturma-ei-ollut-tahallinen-rikos-uutisia-lyhyesti","status":"publish","type":"post","link":"https:\/\/www.europesays.com\/fi\/91570\/","title":{"rendered":"Poliisi SVT:lle: Tukholman kuolemiin johtanut bussiturma ei ollut tahallinen rikos | Uutisia lyhyesti"},"content":{"rendered":"<p class=\"aw-1gybjub aw-5vja16 kEtdKx kmuxyA yle__article__paragraph\">Kaksikerroksinen bussi t\u00f6rm\u00e4si perjantaina linja-autopys\u00e4kki\u00e4 p\u00e4in Tukholman keskustassa. Kolme ihmist\u00e4 kuoli ja kolme loukkaantui.<\/p>\n<p><img decoding=\"async\" alt=\"\u00d6isell\u00e4 kadulla sininen bussi tien varressa. Kadulla poliisiautoja.\" src=\"https:\/\/www.europesays.com\/fi\/wp-content\/uploads\/2025\/11\/39-15541736917502a69daa.jpeg\" class=\"aw-1l9m598 hKVVvP\"\/><\/p>\n<p>Avaa kuvien katselu<\/p>\n<p>Bussiturma tapahtui perjantai-iltana Tukholman keskustassa. Kuva: Henrik Montgomery \/ AFP \/ Lehtikuva<\/p>\n<p>12:42\u2022P\u00e4ivitetty 12:48<\/p>\n<p class=\"aw-1gybjub aw-1p7kakr kEtdKx cEmitX yle__article__paragraph\">Poliisi on vakuuttunut siit\u00e4, ett\u00e4 Tukholman bussiturma ei ollut tahallinen rikos, kertoo <strong class=\"aw-ak79eh KyCXm yle__article__strong\">Ola<\/strong> <strong class=\"aw-ak79eh KyCXm yle__article__strong\">\u00d6sterling<\/strong> Tukholman poliisista <a class=\"aw-iao6s4 iHOxEa yle__article__link\" href=\"https:\/\/www.svt.se\/nyheter\/snabbkollen\/identifiering-kan-bli-klar-i-dag\" role=\"link\" rel=\"nofollow noopener\" target=\"_blank\">Ruotsin yleisradio SVT:lle<\/a>.<\/p>\n<p class=\"aw-1gybjub aw-1p7kakr kEtdKx cEmitX yle__article__paragraph\">Kaksikerroksinen bussi t\u00f6rm\u00e4si perjantaina linja-autopys\u00e4kki\u00e4 p\u00e4in Tukholman keskustassa. Kolme ihmist\u00e4 kuoli ja kolme loukkaantui.<\/p>\n<p class=\"aw-1gybjub aw-1p7kakr kEtdKx cEmitX yle__article__paragraph\">Bussin kuljettaja pid\u00e4tettiin turman j\u00e4lkeen, mutta poliisi vapautti h\u00e4net lauantaina illalla. Kuljettajaa ep\u00e4ill\u00e4\u00e4n kuolemantuottamuksesta ja vammantuottamuksesta.<\/p>\n<p class=\"aw-1gybjub aw-1p7kakr kEtdKx cEmitX yle__article__paragraph\">Poliisi on kuulustellut 20 ihmist\u00e4 turmasta. Onnettomuuden syyt\u00e4 ei viel\u00e4 tiedet\u00e4.<\/p>\n","protected":false},"excerpt":{"rendered":"Kaksikerroksinen bussi t\u00f6rm\u00e4si perjantaina linja-autopys\u00e4kki\u00e4 p\u00e4in Tukholman keskustassa. Kolme ihmist\u00e4 kuoli ja kolme loukkaantui. Avaa kuvien katselu Bussiturma&hellip;\n","protected":false},"author":2,"featured_media":91571,"comment_status":"","ping_status":"","sticky":false,"template":"","format":"standard","meta":{"footnotes":""},"categories":[5],"tags":[22,23,26,27,33,31,30,17,24,25,3051,28,29,15,18,21,1283,110,32,19,20,2693,56,16],"class_list":{"0":"post-91570","1":"post","2":"type-post","3":"status-publish","4":"format-standard","5":"has-post-thumbnail","7":"category-otsikot","8":"tag-breaking-news","9":"tag-breakingnews","10":"tag-featured-news","11":"tag-featurednews","12":"tag-fi","13":"tag-finland","14":"tag-finnish","15":"tag-headlines","16":"tag-latest-news","17":"tag-latestnews","18":"tag-linja-autot","19":"tag-main-news","20":"tag-mainnews","21":"tag-news","22":"tag-otsikot","23":"tag-paauutiset","24":"tag-poliisitutkinta","25":"tag-ruotsi","26":"tag-suomi","27":"tag-top-stories","28":"tag-topstories","29":"tag-tukholma","30":"tag-ulkomaat","31":"tag-uutiset"},"share_on_mastodon":{"url":"https:\/\/pubeurope.com\/@fi\/115559285708011306","error":""},"_links":{"self":[{"href":"https:\/\/www.europesays.com\/fi\/wp-json\/wp\/v2\/posts\/91570","targetHints":{"allow":["GET"]}}],"collection":[{"href":"https:\/\/www.europesays.com\/fi\/wp-json\/wp\/v2\/posts"}],"about":[{"href":"https:\/\/www.europesays.com\/fi\/wp-json\/wp\/v2\/types\/post"}],"author":[{"embeddable":true,"href":"https:\/\/www.europesays.com\/fi\/wp-json\/wp\/v2\/users\/2"}],"replies":[{"embeddable":true,"href":"https:\/\/www.europesays.com\/fi\/wp-json\/wp\/v2\/comments?post=91570"}],"version-history":[{"count":0,"href":"https:\/\/www.europesays.com\/fi\/wp-json\/wp\/v2\/posts\/91570\/revisions"}],"wp:featuredmedia":[{"embeddable":true,"href":"https:\/\/www.europesays.com\/fi\/wp-json\/wp\/v2\/media\/91571"}],"wp:attachment":[{"href":"https:\/\/www.europesays.com\/fi\/wp-json\/wp\/v2\/media?parent=91570"}],"wp:term":[{"taxonomy":"category","embeddable":true,"href":"https:\/\/www.europesays.com\/fi\/wp-json\/wp\/v2\/categories?post=91570"},{"taxonomy":"post_tag","embeddable":true,"href":"https:\/\/www.europesays.com\/fi\/wp-json\/wp\/v2\/tags?post=91570"}],"curies":[{"name":"wp","href":"https:\/\/api.w.org\/{rel}","templated":true}]}}