{"id":91576,"date":"2025-11-16T12:24:12","date_gmt":"2025-11-16T12:24:12","guid":{"rendered":"https:\/\/www.europesays.com\/fi\/91576\/"},"modified":"2025-11-16T12:24:12","modified_gmt":"2025-11-16T12:24:12","slug":"laila-kinnunen-aira-samulin-ja-hanna-riikka-siitonen-haudattiin-helsinkiin-talta-nayttaa-haudoilla","status":"publish","type":"post","link":"https:\/\/www.europesays.com\/fi\/91576\/","title":{"rendered":"Laila Kinnunen, Aira Samulin ja Hanna-Riikka Siitonen haudattiin Helsinkiin \u2013 t\u00e4lt\u00e4 n\u00e4ytt\u00e4\u00e4 haudoilla"},"content":{"rendered":"<p>            Alamy \/ AOP\n        <\/p>\n<p class=\"subtitle \">Suomalaisia t\u00e4hti\u00e4 on haudattu Helsingin kauniille hautausmaille.<\/p>\n<p class=\"article-content article-content-width !bg-background\">Laulaja\u00a0teki menestyksekk\u00e4\u00e4n uran iskelm\u00e4laulajana. El\u00e4m\u00e4\u00e4 kuitenkin varjosti alkoholismi, joka lopulta laittoi stopin my\u00f6s esiintymiselle.<\/p>\n<p class=\"font-weight-bold m-font-weight-bold article-content article-content-width !bg-background\">Arkistovideo: Jorma Uotinen muistelee Aira Samulinia<\/p>\n<p class=\"article-content article-content-width !bg-background\">Laila, oikealta nimelt\u00e4\u00e4n, menehtyi vuonna 2000. Ennen kuolemaansa h\u00e4n karttoi julkisuutta parin kymmenen vuoden ajan.<\/p>\n<p class=\"article-content article-content-width !bg-background\">Laila on haudattu Malmin hautausmaalle, jossa h\u00e4nen hautakive\u00e4\u00e4n koristaa kultainen nuottiavain sek\u00e4 sanat\u00a0usko, toivo,\u00a0rakkaus. Kiveen on lis\u00e4tty virallisen nimen lis\u00e4ksi h\u00e4nen taiteilijanimens\u00e4, jolla h\u00e4net my\u00f6s tunnetaan paremmin.<\/p>\n<p class=\"article-content article-content-width !bg-background\">Lailan kanssa samaan kiveen on kaiverrettu my\u00f6s h\u00e4nen vuotta my\u00f6hemmin menehtyneen \u00e4itins\u00e4 nimi.<\/p>\n<p>        <a itemprop=\"url\" href=\"https:\/\/www.seiska.fi\/kotimaa\/20-vuotta-sitten-kuolleen-laila-kinnusen-milana-tytar-aitinsa-kohtalosta-olin-odottanut-tuota-soittoa-koko-elamani\/359818\" rel=\"nofollow noopener\" target=\"_blank\"><\/p>\n<p class=\"section-date\">\n        <strong class=\"article-section\" data-section=\"kotimaa\"><br \/>\n            kotimaa<br \/>\n        <\/strong><br \/>\n        24.10.2020 13:04\n    <\/p>\n<p>20 vuotta sitten kuolleen Laila Kinnusen Milana-tyt\u00e4r \u00e4itins\u00e4 kohtalosta: Olin odottanut tuota soittoa koko el\u00e4m\u00e4ni\n    <\/p>\n<p>        <\/a><\/p>\n<p>                <img decoding=\"async\" src=\"https:\/\/www.europesays.com\/fi\/wp-content\/uploads\/2025\/11\/1979689.webp\" width=\"576\" height=\"322\" alt=\"Lailan haudalle on tuotu kauniit, syksyiset istutukset.\" loading=\"lazy\" \/>            <\/p>\n<p>\n            Lailan haudalle on tuotu kauniit, syksyiset istutukset.<br \/>\n            Oona Gr\u00f6nqvist\n        <\/p>\n<p>Kuuluisuuksia Hietaniemess\u00e4<\/p>\n<p class=\"article-content article-content-width !bg-background\">Vuonna 2023 Suomi kohtasi suuren surun, kun tanssijalegenda\u00a0menehtyi aivoverenvuoteen. Suorastaan ikiliikkujan maineen saanut Aira oli menehtyess\u00e4\u00e4n 96-vuotias.<\/p>\n<p class=\"article-content article-content-width !bg-background\">Airan viimeinen leposija on Hietaniemen hautausmaalla, vain kivenheiton p\u00e4\u00e4ss\u00e4 h\u00e4nen rakkaasta Punavuoren-kodistaan.<\/p>\n<p class=\"article-content article-content-width !bg-background\">Hautausmaan nurkkauksessa sijaitseva kivi on koristeltu kauniisti, ja kiven syrj\u00e4\u00e4n on lis\u00e4tty QR-koodi.<\/p>\n<p class=\"article-content article-content-width !bg-background\">Koodin skannaamalla p\u00e4\u00e4see tutustumaan Airan muistosivustoon.<\/p>\n<p>        <a itemprop=\"url\" href=\"https:\/\/www.seiska.fi\/kotimaa\/aira-samulin-loydettiin-kotoaan-tajuttomana-syysflunssa-olikin-aivoverenvuoto\/1171449\" rel=\"nofollow noopener\" target=\"_blank\"><\/p>\n<p class=\"section-date\">\n        <strong class=\"article-section\" data-section=\"kotimaa\"><br \/>\n            kotimaa<br \/>\n        <\/strong><br \/>\n        25.10.2023 12:09\n    <\/p>\n<p>Aira Samulin l\u00f6ydettiin kotoaan tajuttomana &#8211; syysflunssa olikin aivoverenvuoto\n    <\/p>\n<p itemprop=\"description\" class=\"subtitle \">\n    Uskomattoman energisen ja el\u00e4m\u00e4nmy\u00f6nteisen tanssiopettajan poissaolo sunnuntaisesta Tanssii T\u00e4htien Kanssa -l\u00e4hetyksest\u00e4 sai Airan yst\u00e4v\u00e4t ep\u00e4ilem\u00e4\u00e4n pahinta.\n<\/p>\n<p>        <\/a><\/p>\n<p>                <img decoding=\"async\" src=\"https:\/\/www.europesays.com\/fi\/wp-content\/uploads\/2025\/11\/1979671.webp\" width=\"576\" height=\"716\" alt=\"Airan hautakive\u00e4 koristaa my\u00f6s Lotta Sv\u00e4rd S\u00e4\u00e4ti\u00f6n tunnus.\" loading=\"lazy\" \/>            <\/p>\n<p>\n            Airan hautakive\u00e4 koristaa my\u00f6s Lotta Sv\u00e4rd S\u00e4\u00e4ti\u00f6n tunnus.<br \/>\n            Oona Gr\u00f6nqvist\n        <\/p>\n<p class=\"article-content article-content-width !bg-background\">Hietaniemen hautausmaalla sijaitsee my\u00f6s\u00a0ja\u00a0hautakivi. Taikapeili-yhtyeest\u00e4 tuttu Hanna-Riikka menehtyi vuonna 2018 sairastuttuaan vuonna 2000 kilpirauhassy\u00f6p\u00e4\u00e4n.<\/p>\n<p class=\"article-content article-content-width !bg-background\">Hanna-Riikan is\u00e4 Fredi, oikealta nimelt\u00e4\u00e4n, menehtyi kolme vuotta my\u00f6hemmin. H\u00e4net haudattiin tytt\u00e4rens\u00e4 viereen.<\/p>\n<p>        <a itemprop=\"url\" href=\"https:\/\/www.seiska.fi\/kotimaa\/josses-nain-hurjaa-oli-nina-tapion-elama-taikapeilin-huippuvuosina\/1530635\" rel=\"nofollow noopener\" target=\"_blank\"><\/p>\n<p class=\"section-date\">\n        <strong class=\"article-section\" data-section=\"kotimaa\"><br \/>\n            kotimaa<br \/>\n        <\/strong><br \/>\n        30.11.2024 16:00\n    <\/p>\n<p>J\u00f6sses! N\u00e4in hurjaa oli Nina Tapion el\u00e4m\u00e4 Taikapeilin huippuvuosina\n    <\/p>\n<p itemprop=\"description\" class=\"subtitle \">\n    Laulajan v\u00e4rikk\u00e4\u00e4n uran varrelle mahtuu ihanuuksia ja kamaluuksia.\n<\/p>\n<p>        <\/a><\/p>\n<p>                <img decoding=\"async\" src=\"https:\/\/www.europesays.com\/fi\/wp-content\/uploads\/2025\/11\/1979678.webp\" width=\"576\" height=\"308\" alt=\"Hanna-Riikan ja Fredin hauta on Hietaniemen hautausmaalla.\" loading=\"lazy\" \/>            <\/p>\n<p>\n            Hanna-Riikan ja Fredin hauta on Hietaniemen hautausmaalla.<br \/>\n            Oona Gr\u00f6nqvist\n        <\/p>\n","protected":false},"excerpt":{"rendered":"Alamy \/ AOP Suomalaisia t\u00e4hti\u00e4 on haudattu Helsingin kauniille hautausmaille. Laulaja\u00a0teki menestyksekk\u00e4\u00e4n uran iskelm\u00e4laulajana. El\u00e4m\u00e4\u00e4 kuitenkin varjosti alkoholismi,&hellip;\n","protected":false},"author":2,"featured_media":91577,"comment_status":"","ping_status":"","sticky":false,"template":"","format":"standard","meta":{"footnotes":""},"categories":[130],"tags":[18260,137,33,31,30,16476,14075,16589,17336,683,18261,16592,32,109],"class_list":{"0":"post-91576","1":"post","2":"type-post","3":"status-publish","4":"format-standard","5":"has-post-thumbnail","7":"category-viihde","8":"tag-aira-samulin","9":"tag-entertainment","10":"tag-fi","11":"tag-finland","12":"tag-finnish","13":"tag-fredi","14":"tag-hanna-riikka-siitonen","15":"tag-hautakivi","16":"tag-hietaniemen-hautausmaa","17":"tag-kuolema","18":"tag-laila-kinnunen","19":"tag-malmin-hautausmaa","20":"tag-suomi","21":"tag-viihde"},"share_on_mastodon":{"url":"https:\/\/pubeurope.com\/@fi\/115559364712731907","error":""},"_links":{"self":[{"href":"https:\/\/www.europesays.com\/fi\/wp-json\/wp\/v2\/posts\/91576","targetHints":{"allow":["GET"]}}],"collection":[{"href":"https:\/\/www.europesays.com\/fi\/wp-json\/wp\/v2\/posts"}],"about":[{"href":"https:\/\/www.europesays.com\/fi\/wp-json\/wp\/v2\/types\/post"}],"author":[{"embeddable":true,"href":"https:\/\/www.europesays.com\/fi\/wp-json\/wp\/v2\/users\/2"}],"replies":[{"embeddable":true,"href":"https:\/\/www.europesays.com\/fi\/wp-json\/wp\/v2\/comments?post=91576"}],"version-history":[{"count":0,"href":"https:\/\/www.europesays.com\/fi\/wp-json\/wp\/v2\/posts\/91576\/revisions"}],"wp:featuredmedia":[{"embeddable":true,"href":"https:\/\/www.europesays.com\/fi\/wp-json\/wp\/v2\/media\/91577"}],"wp:attachment":[{"href":"https:\/\/www.europesays.com\/fi\/wp-json\/wp\/v2\/media?parent=91576"}],"wp:term":[{"taxonomy":"category","embeddable":true,"href":"https:\/\/www.europesays.com\/fi\/wp-json\/wp\/v2\/categories?post=91576"},{"taxonomy":"post_tag","embeddable":true,"href":"https:\/\/www.europesays.com\/fi\/wp-json\/wp\/v2\/tags?post=91576"}],"curies":[{"name":"wp","href":"https:\/\/api.w.org\/{rel}","templated":true}]}}