{"id":91578,"date":"2025-11-16T12:27:10","date_gmt":"2025-11-16T12:27:10","guid":{"rendered":"https:\/\/www.europesays.com\/fi\/91578\/"},"modified":"2025-11-16T12:27:10","modified_gmt":"2025-11-16T12:27:10","slug":"sattumakuvassa-sylvi-mattila-ja-nuoret-esiintyvat-paivan-nuorten-40-vuotisjuhlassa-lukijat-tunnistivat-lahes-kaikki-kuorossa-laulavat-lapset-mutta-yksi-heista-on-viela-mysteeri-oriveden-s","status":"publish","type":"post","link":"https:\/\/www.europesays.com\/fi\/91578\/","title":{"rendered":"Sattumakuvassa Sylvi Mattila ja nuoret esiintyv\u00e4t P\u00e4iv\u00e4n Nuorten 40-vuotisjuhlassa \u2013 lukijat tunnistivat l\u00e4hes kaikki kuorossa laulavat lapset, mutta yksi heist\u00e4 on viel\u00e4 mysteeri &#8211; Oriveden Sanomat"},"content":{"rendered":"<ol>\n<li><a href=\"https:\/\/news.google.com\/rss\/articles\/CBMiuwJBVV95cUxQaWg2MmdTU094OHo5M0ZmZnFYZmRBOVNRbzV3OWdmenBRdmFDd1pMUlgwaEZyQWkwNEJHenkycm9uSW54eFRIVGZEWWEwZHh0TE1MajkzRjdkbEpsaGhJU3RQeGhyY3kyQ0lJREM3bnJPdC1EdW4wZHI0aGUwQnRseWJkVTRnNllISDN4M1pSTWtORlA1Y3lrZ2lYZGZNRHlSTUU0Ym1FUE9qME0zT1E0UTNsMjlfWDh6bDk2OExWRFV0S0E1NEJWeF9idGc1OXBzTU5LamRPVTZ5Y25rSnZaQ2VKcnVwbjBvR3hHQ19qdUg1UU5YYXFNTW1CRHdHeUZvd3VVVkFsNmtJb05HcXF0RTJWRFVRdHdYZUVPamQ0LUxJSDdyaGloRTFmQ0R5WVhGLUpGYTlYYVFMNE0?oc=5\" target=\"_blank\" rel=\"nofollow noopener\">Sattumakuvassa Sylvi Mattila ja nuoret esiintyv\u00e4t P\u00e4iv\u00e4n Nuorten 40-vuotisjuhlassa \u2013 lukijat tunnistivat l\u00e4hes kaikki kuorossa laulavat lapset, mutta yksi heist\u00e4 on viel\u00e4 mysteeri<\/a>&nbsp;&nbsp;Oriveden Sanomat<\/li>\n<li><a href=\"https:\/\/news.google.com\/rss\/articles\/CBMiQkFVX3lxTFBvUmxvR0RWWlU0VkJqaVQ0Rzh5NzFiZ0NOODY4cGJlWFlQblk1MmdaTnNCWXZFUkFLaVdXVlNEcE5VQQ?oc=5\" target=\"_blank\" rel=\"nofollow noopener\">Yritysten verot jatkavat pudotuksessa \u2013 OP on suurin maksaja, Neste putosi nollaan<\/a>&nbsp;&nbsp;Yle<\/li>\n<li><a href=\"https:\/\/news.google.com\/rss\/articles\/CBMiVEFVX3lxTFAxWVZ4Tjh1eXA3UWdKZjVreTBNbHBOVUthWVBpR2ZBbVN5S090dWlXY05ra2lIc1NUd1BlT2t6TEU1NUhBYXZ4WF9aZHVMWVdDS25KSg?oc=5\" target=\"_blank\" rel=\"nofollow noopener\">It\u00e4-H\u00e4meen nelj\u00e4st\u00e4 suurimmasta yhteis\u00f6veron maksajasta kolmen verotuskunta oli Hartola<\/a>&nbsp;&nbsp;It\u00e4-H\u00e4me<\/li>\n<li><a href=\"https:\/\/news.google.com\/rss\/articles\/CBMiZEFVX3lxTFBYVHZBMVdQTVZfUTlsWlVETTBwNGx4VV82NjFTM211blI5SXpkSkxReXBUNFVaQ0RNU2s5Z2ZKZS1vY0d2VmNJbHl5OHVSR1pxWFdCa3pnZTRkUWdRdkhteHl0VnI?oc=5\" target=\"_blank\" rel=\"nofollow noopener\">Pankkij\u00e4tit suurimpia yhteis\u00f6veron maksajia<\/a>&nbsp;&nbsp;Ilta-Sanomat<\/li>\n<li><a href=\"https:\/\/news.google.com\/rss\/articles\/CBMiekFVX3lxTFBlWENHZF9iQnNGeWxlcFNDT3AwbDZyNEpSdmlBOXctTjhsVmt3YkR0QnNBVkdjVUlSVHgwaXludDlVNGMyb3NCdjJkdm9IUGFrLW0xZUNwS3d0OVhfZ1JuaURfOEVhdVVaZXcwa0ppWUo1bWpoSzJFZFhn?oc=5\" target=\"_blank\" rel=\"nofollow noopener\">T\u00e4ss\u00e4 on yhti\u00f6verotuksen k\u00e4rki: Maksoi l\u00e4hes 400 miljoonaa euroa<\/a>&nbsp;&nbsp;Iltalehti<\/li>\n<\/ol>\n","protected":false},"excerpt":{"rendered":"Sattumakuvassa Sylvi Mattila ja nuoret esiintyv\u00e4t P\u00e4iv\u00e4n Nuorten 40-vuotisjuhlassa \u2013 lukijat tunnistivat l\u00e4hes kaikki kuorossa laulavat lapset, mutta&hellip;\n","protected":false},"author":2,"featured_media":91579,"comment_status":"","ping_status":"","sticky":false,"template":"","format":"standard","meta":{"footnotes":""},"categories":[76],"tags":[79,77,33,31,30,18262,32,78],"class_list":{"0":"post-91578","1":"post","2":"type-post","3":"status-publish","4":"format-standard","5":"has-post-thumbnail","7":"category-talous","8":"tag-business","9":"tag-economy","10":"tag-fi","11":"tag-finland","12":"tag-finnish","13":"tag-sattumakuva","14":"tag-suomi","15":"tag-talous"},"share_on_mastodon":{"url":"https:\/\/pubeurope.com\/@fi\/115559376276112124","error":""},"_links":{"self":[{"href":"https:\/\/www.europesays.com\/fi\/wp-json\/wp\/v2\/posts\/91578","targetHints":{"allow":["GET"]}}],"collection":[{"href":"https:\/\/www.europesays.com\/fi\/wp-json\/wp\/v2\/posts"}],"about":[{"href":"https:\/\/www.europesays.com\/fi\/wp-json\/wp\/v2\/types\/post"}],"author":[{"embeddable":true,"href":"https:\/\/www.europesays.com\/fi\/wp-json\/wp\/v2\/users\/2"}],"replies":[{"embeddable":true,"href":"https:\/\/www.europesays.com\/fi\/wp-json\/wp\/v2\/comments?post=91578"}],"version-history":[{"count":0,"href":"https:\/\/www.europesays.com\/fi\/wp-json\/wp\/v2\/posts\/91578\/revisions"}],"wp:featuredmedia":[{"embeddable":true,"href":"https:\/\/www.europesays.com\/fi\/wp-json\/wp\/v2\/media\/91579"}],"wp:attachment":[{"href":"https:\/\/www.europesays.com\/fi\/wp-json\/wp\/v2\/media?parent=91578"}],"wp:term":[{"taxonomy":"category","embeddable":true,"href":"https:\/\/www.europesays.com\/fi\/wp-json\/wp\/v2\/categories?post=91578"},{"taxonomy":"post_tag","embeddable":true,"href":"https:\/\/www.europesays.com\/fi\/wp-json\/wp\/v2\/tags?post=91578"}],"curies":[{"name":"wp","href":"https:\/\/api.w.org\/{rel}","templated":true}]}}