{"id":91588,"date":"2025-11-16T12:49:11","date_gmt":"2025-11-16T12:49:11","guid":{"rendered":"https:\/\/www.europesays.com\/fi\/91588\/"},"modified":"2025-11-16T12:49:11","modified_gmt":"2025-11-16T12:49:11","slug":"sami-valimaki-kohensi-huippukierroksellaan-roimasti-asemiaan-rahakkaassa-kilpailussa-urheilu","status":"publish","type":"post","link":"https:\/\/www.europesays.com\/fi\/91588\/","title":{"rendered":"Sami V\u00e4lim\u00e4ki kohensi huippukierroksellaan roimasti asemiaan rahakkaassa kilpailussa | Urheilu"},"content":{"rendered":"<p class=\"aw-1gybjub aw-5vja16 kEtdKx kmuxyA yle__article__paragraph\">Sami V\u00e4lim\u00e4ki on yhteistuloksessa kuusi alle parin Bermudassa PGA-kiertueen turnauksessa.<\/p>\n<p><img decoding=\"async\" alt=\"Sami V\u00e4lim\u00e4ki mietteli\u00e4\u00e4n\u00e4.\" src=\"https:\/\/www.europesays.com\/fi\/wp-content\/uploads\/2025\/11\/39-1554476691982d7c731e.jpeg\" class=\"aw-1l9m598 hKVVvP\"\/><\/p>\n<p>Avaa kuvien katselu<\/p>\n<p>Sami V\u00e4lim\u00e4ki onnistui Bermudassa kolmannella kierroksella. Kuva: EPA-EFE<\/p>\n<p class=\"aw-1gybjub aw-1p7kakr kEtdKx cEmitX yle__article__paragraph\">Suomalaisgolffari <strong class=\"aw-ak79eh KyCXm yle__article__strong\">Sami V\u00e4lim\u00e4ki<\/strong> nousi huippukierroksen my\u00f6t\u00e4 17:nneksi golfin miesten PGA-kiertueen kilpailussa Bermudassa. V\u00e4lim\u00e4ki k\u00e4ytti kolmanteen kierrokseen 67 ly\u00f6nti\u00e4 ja on yhteistuloksessa 207 ly\u00f6nti\u00e4, kuusi alle parin. V\u00e4lim\u00e4ki on parantanut kierros kierrokselta ja pelaa hyvist\u00e4 sijoituksista kilpailussa, jossa on jaossa palkintorahaa kuusi miljoonaa Yhdysvaltain dollaria eli noin 5,2 miljoonaa euroa.<\/p>\n<p class=\"aw-1gybjub aw-1p7kakr kEtdKx cEmitX yle__article__paragraph\">Yhdysvaltojen <strong class=\"aw-ak79eh KyCXm yle__article__strong\">Adam Schenk<\/strong> ja <strong class=\"aw-ak79eh KyCXm yle__article__strong\">Braden Thornberry<\/strong> jakavat k\u00e4rkipaikkaa Bermudassa tuloksella 12 alle parin.<\/p>\n<p class=\"aw-1gybjub aw-1p7kakr kEtdKx cEmitX yle__article__paragraph\">Tuuli on kiusannut kilpailijoita pitkin viikkoa ja vaikuttaa sunnuntaina paikallista aikaa kilpailijoiden l\u00e4ht\u00f6aikoihin.<\/p>\n<p class=\"aw-1gybjub aw-1p7kakr kEtdKx cEmitX yle__article__paragraph\">\u2013 Helvetin tiukka keli oli, mutta pelasin mallikkaasti. Tosi hyv\u00e4\u00e4 ly\u00f6mist\u00e4 tiilt\u00e4, ja pitk\u00e4t mailat toimivat muutenkin, V\u00e4lim\u00e4ki sanoi Golfpisteen verkkosivuilla.<\/p>\n<p class=\"aw-1gybjub aw-1p7kakr kEtdKx cEmitX yle__article__paragraph\">V\u00e4lim\u00e4ki on ollut viime aikoina vahvassa vireess\u00e4. Viime viikonloppuna h\u00e4n sijoittui toiseksi Meksikossa ja on varmistanut jo pelioikeuden ensi kaudelle.<\/p>\n","protected":false},"excerpt":{"rendered":"Sami V\u00e4lim\u00e4ki on yhteistuloksessa kuusi alle parin Bermudassa PGA-kiertueen turnauksessa. Avaa kuvien katselu Sami V\u00e4lim\u00e4ki onnistui Bermudassa kolmannella&hellip;\n","protected":false},"author":2,"featured_media":91589,"comment_status":"","ping_status":"","sticky":false,"template":"","format":"standard","meta":{"footnotes":""},"categories":[158],"tags":[33,31,30,3978,6217,3121,159,32,160],"class_list":{"0":"post-91588","1":"post","2":"type-post","3":"status-publish","4":"format-standard","5":"has-post-thumbnail","7":"category-urheilu","8":"tag-fi","9":"tag-finland","10":"tag-finnish","11":"tag-golf","12":"tag-golfaajat","13":"tag-sami-valimaki","14":"tag-sports","15":"tag-suomi","16":"tag-urheilu"},"share_on_mastodon":{"url":"https:\/\/pubeurope.com\/@fi\/115559462964911900","error":""},"_links":{"self":[{"href":"https:\/\/www.europesays.com\/fi\/wp-json\/wp\/v2\/posts\/91588","targetHints":{"allow":["GET"]}}],"collection":[{"href":"https:\/\/www.europesays.com\/fi\/wp-json\/wp\/v2\/posts"}],"about":[{"href":"https:\/\/www.europesays.com\/fi\/wp-json\/wp\/v2\/types\/post"}],"author":[{"embeddable":true,"href":"https:\/\/www.europesays.com\/fi\/wp-json\/wp\/v2\/users\/2"}],"replies":[{"embeddable":true,"href":"https:\/\/www.europesays.com\/fi\/wp-json\/wp\/v2\/comments?post=91588"}],"version-history":[{"count":0,"href":"https:\/\/www.europesays.com\/fi\/wp-json\/wp\/v2\/posts\/91588\/revisions"}],"wp:featuredmedia":[{"embeddable":true,"href":"https:\/\/www.europesays.com\/fi\/wp-json\/wp\/v2\/media\/91589"}],"wp:attachment":[{"href":"https:\/\/www.europesays.com\/fi\/wp-json\/wp\/v2\/media?parent=91588"}],"wp:term":[{"taxonomy":"category","embeddable":true,"href":"https:\/\/www.europesays.com\/fi\/wp-json\/wp\/v2\/categories?post=91588"},{"taxonomy":"post_tag","embeddable":true,"href":"https:\/\/www.europesays.com\/fi\/wp-json\/wp\/v2\/tags?post=91588"}],"curies":[{"name":"wp","href":"https:\/\/api.w.org\/{rel}","templated":true}]}}