{"id":91597,"date":"2025-11-16T12:55:11","date_gmt":"2025-11-16T12:55:11","guid":{"rendered":"https:\/\/www.europesays.com\/fi\/91597\/"},"modified":"2025-11-16T12:55:11","modified_gmt":"2025-11-16T12:55:11","slug":"poliisi-tutkii-sivullinen-loysi-ruumiin-nurmijarvelta-new-articles","status":"publish","type":"post","link":"https:\/\/www.europesays.com\/fi\/91597\/","title":{"rendered":"Poliisi tutkii: sivullinen l\u00f6ysi ruumiin Nurmij\u00e4rvelt\u00e4 | New Articles"},"content":{"rendered":"<p>It\u00e4-Uudenmaan poliisilaitos tutkii Nurmij\u00e4rvell\u00e4 tapahtunutta ep\u00e4selv\u00e4\u00e4 kuolemantapausta. Sivullinen ilmoitti h\u00e4t\u00e4keskukseen lauantaina 15.11. iltap\u00e4iv\u00e4ll\u00e4 l\u00f6yt\u00e4m\u00e4st\u00e4\u00e4n ruumiista, kerrotaan poliisin tiedotteessa.<\/p>\n<p>Poliisi on suorittanut asiaan liittyen tutkintatoimia, ja jatkaa tapahtumien kulun selvitt\u00e4mist\u00e4. Poliisi ei tule sunnuntaina tiedottamaan asiasta enemp\u00e4\u00e4, sill\u00e4 tutkinta on vasta alkuvaiheessa.<\/p>\n<p><a href=\"https:\/\/www.iltalehti.fi\/kotimaa\/a\/6009ee4b-e68d-4782-a1bb-f0ceaeb1fe54\" rel=\"nofollow noopener\" target=\"_blank\">Iltalehden tietojen mukaan<\/a> ruumis l\u00f6ytyi Palojoelta sorakuopan l\u00e4helt\u00e4.<\/p>\n","protected":false},"excerpt":{"rendered":"It\u00e4-Uudenmaan poliisilaitos tutkii Nurmij\u00e4rvell\u00e4 tapahtunutta ep\u00e4selv\u00e4\u00e4 kuolemantapausta. Sivullinen ilmoitti h\u00e4t\u00e4keskukseen lauantaina 15.11. iltap\u00e4iv\u00e4ll\u00e4 l\u00f6yt\u00e4m\u00e4st\u00e4\u00e4n ruumiista, kerrotaan poliisin tiedotteessa.&hellip;\n","protected":false},"author":2,"featured_media":91598,"comment_status":"","ping_status":"","sticky":false,"template":"","format":"standard","meta":{"footnotes":""},"categories":[12],"tags":[22,23,26,27,33,31,30,17,55,53,24,25,28,29,15,18,21,122,54,52,103,32,19,20,546,16],"class_list":{"0":"post-91597","1":"post","2":"type-post","3":"status-publish","4":"format-standard","5":"has-post-thumbnail","7":"category-suomi","8":"tag-breaking-news","9":"tag-breakingnews","10":"tag-featured-news","11":"tag-featurednews","12":"tag-fi","13":"tag-finland","14":"tag-finnish","15":"tag-headlines","16":"tag-lainvalvonta","17":"tag-laki-oikeus-ja-rikos","18":"tag-latest-news","19":"tag-latestnews","20":"tag-main-news","21":"tag-mainnews","22":"tag-news","23":"tag-otsikot","24":"tag-paauutiset","25":"tag-pelastaminen","26":"tag-pelastuspalvelut","27":"tag-poliisi","28":"tag-sosiaalikysymykset","29":"tag-suomi","30":"tag-top-stories","31":"tag-topstories","32":"tag-turvallisuus","33":"tag-uutiset"},"share_on_mastodon":{"url":"","error":""},"_links":{"self":[{"href":"https:\/\/www.europesays.com\/fi\/wp-json\/wp\/v2\/posts\/91597","targetHints":{"allow":["GET"]}}],"collection":[{"href":"https:\/\/www.europesays.com\/fi\/wp-json\/wp\/v2\/posts"}],"about":[{"href":"https:\/\/www.europesays.com\/fi\/wp-json\/wp\/v2\/types\/post"}],"author":[{"embeddable":true,"href":"https:\/\/www.europesays.com\/fi\/wp-json\/wp\/v2\/users\/2"}],"replies":[{"embeddable":true,"href":"https:\/\/www.europesays.com\/fi\/wp-json\/wp\/v2\/comments?post=91597"}],"version-history":[{"count":0,"href":"https:\/\/www.europesays.com\/fi\/wp-json\/wp\/v2\/posts\/91597\/revisions"}],"wp:featuredmedia":[{"embeddable":true,"href":"https:\/\/www.europesays.com\/fi\/wp-json\/wp\/v2\/media\/91598"}],"wp:attachment":[{"href":"https:\/\/www.europesays.com\/fi\/wp-json\/wp\/v2\/media?parent=91597"}],"wp:term":[{"taxonomy":"category","embeddable":true,"href":"https:\/\/www.europesays.com\/fi\/wp-json\/wp\/v2\/categories?post=91597"},{"taxonomy":"post_tag","embeddable":true,"href":"https:\/\/www.europesays.com\/fi\/wp-json\/wp\/v2\/tags?post=91597"}],"curies":[{"name":"wp","href":"https:\/\/api.w.org\/{rel}","templated":true}]}}