{"id":91605,"date":"2025-11-16T13:16:15","date_gmt":"2025-11-16T13:16:15","guid":{"rendered":"https:\/\/www.europesays.com\/fi\/91605\/"},"modified":"2025-11-16T13:16:15","modified_gmt":"2025-11-16T13:16:15","slug":"uusi-syke-elokuva-yllattaa-se-nayttaa-ihan-oikealta-draamalta-merikarvia-lehti","status":"publish","type":"post","link":"https:\/\/www.europesays.com\/fi\/91605\/","title":{"rendered":"Uusi Syke-elokuva yll\u00e4tt\u00e4\u00e4: se n\u00e4ytt\u00e4\u00e4 ihan oikealta draamalta &#8211; Merikarvia-lehti"},"content":{"rendered":"<ol>\n<li><a href=\"https:\/\/news.google.com\/rss\/articles\/CBMickFVX3lxTE80VHlUcmVZd0duRmVrNjMteW5FZVNCaTN5UlItcHlqdHJmVnB5aEQxakdYSEFzWGd6NlY2YV8tOGZGMFBYNkNkdmljS3hZUjJDRktCc2haMlVpRHhTbUgxVFRMS0FPcXVwSHduSlhfbnhsdw?oc=5\" target=\"_blank\" rel=\"nofollow noopener\">Uusi Syke-elokuva yll\u00e4tt\u00e4\u00e4: se n\u00e4ytt\u00e4\u00e4 ihan oikealta draamalta<\/a>&nbsp;&nbsp;Merikarvia-lehti<\/li>\n<li><a href=\"https:\/\/news.google.com\/rss\/articles\/CBMiQkFVX3lxTE5BTXRyLUZicXhYUmc4ek1qRTBfWk5PWFU1Tjd0VUphQk1sLUxwdFBWNjJRMm5zSGFVYjQ1T2NQYktGQQ?oc=5\" target=\"_blank\" rel=\"nofollow noopener\">\u201dMinulle tarjotaan bimbon ja sekop\u00e4isen rooleja\u201d, sanoo Helmi-Leena Nummela, joka n\u00e4hd\u00e4\u00e4n uutuuselokuvan p\u00e4\u00e4osassa<\/a>&nbsp;&nbsp;Yle<\/li>\n<li><a href=\"https:\/\/news.google.com\/rss\/articles\/CBMiZkFVX3lxTFA5NnlrdmVQRnpNU3VHWFQxd2dkbXYwMnNLQXZQRjF0U21fYnpqSlRxLXd2R1k5b0psZG5HdlBMZV9XLUhxTFdIOTJkZlNpTVB3NUs0eXBWMXpaTlpIWktHTDVPdF9kUQ?oc=5\" target=\"_blank\" rel=\"nofollow noopener\">K\u00f6mpel\u00f6 yksityiskohta h\u00e4iritsee katsojaa uudessa Syke-elokuvassa<\/a>&nbsp;&nbsp;Ilta-Sanomat<\/li>\n<li><a href=\"https:\/\/news.google.com\/rss\/articles\/CBMiqwFBVV95cUxOOHJubUV6ekdYRTFrbFVWUG53eGIwUmJmR3ZqZmY2RDRROHBUUVhrWmduajRSdjdmZEtjdERERXZDTUtnXy01Si1UZ0RyakFSMlpydXJteVhwVTdEMUFlWkdOWU54a2JaQTNGVkF1WXlYSkVVYlo5UUlrR1dpWWRjZkhfeGcyVjlWR0VUZThrYmdKV1VqVklubTFQbWtCMDlVV0hLS2dzdHdmT3c?oc=5\" target=\"_blank\" rel=\"nofollow noopener\">Helmi-Leena Nummela: Rehellinen tilitys raskauden aiheuttamista peloista<\/a>&nbsp;&nbsp;Seiska.fi<\/li>\n<li><a href=\"https:\/\/news.google.com\/rss\/articles\/CBMiS0FVX3lxTE8wNnFPTUc3UmJ6YjNBaDM0MFc2bUFqamlOY1poUFR5dVRfNzNHb2loYk1RSjU2M2pjbUl2cmpvaUphWXNOVGN4T0JGaw?oc=5\" target=\"_blank\" rel=\"nofollow noopener\">Elokuva-arvostelu | Uusi Syke n\u00e4ytt\u00e4\u00e4 kunnon elokuvalta, mutta tarina itsess\u00e4\u00e4n on t\u00e4ytt\u00e4 soopaa<\/a>&nbsp;&nbsp;ts.fi<\/li>\n<\/ol>\n","protected":false},"excerpt":{"rendered":"Uusi Syke-elokuva yll\u00e4tt\u00e4\u00e4: se n\u00e4ytt\u00e4\u00e4 ihan oikealta draamalta&nbsp;&nbsp;Merikarvia-lehti \u201dMinulle tarjotaan bimbon ja sekop\u00e4isen rooleja\u201d, sanoo Helmi-Leena Nummela, joka&hellip;\n","protected":false},"author":2,"featured_media":91606,"comment_status":"","ping_status":"","sticky":false,"template":"","format":"standard","meta":{"footnotes":""},"categories":[130],"tags":[137,33,31,30,1432,32,109],"class_list":{"0":"post-91605","1":"post","2":"type-post","3":"status-publish","4":"format-standard","5":"has-post-thumbnail","7":"category-viihde","8":"tag-entertainment","9":"tag-fi","10":"tag-finland","11":"tag-finnish","12":"tag-merikarvia-lehti","13":"tag-suomi","14":"tag-viihde"},"share_on_mastodon":{"url":"https:\/\/pubeurope.com\/@fi\/115559568695771518","error":""},"_links":{"self":[{"href":"https:\/\/www.europesays.com\/fi\/wp-json\/wp\/v2\/posts\/91605","targetHints":{"allow":["GET"]}}],"collection":[{"href":"https:\/\/www.europesays.com\/fi\/wp-json\/wp\/v2\/posts"}],"about":[{"href":"https:\/\/www.europesays.com\/fi\/wp-json\/wp\/v2\/types\/post"}],"author":[{"embeddable":true,"href":"https:\/\/www.europesays.com\/fi\/wp-json\/wp\/v2\/users\/2"}],"replies":[{"embeddable":true,"href":"https:\/\/www.europesays.com\/fi\/wp-json\/wp\/v2\/comments?post=91605"}],"version-history":[{"count":0,"href":"https:\/\/www.europesays.com\/fi\/wp-json\/wp\/v2\/posts\/91605\/revisions"}],"wp:featuredmedia":[{"embeddable":true,"href":"https:\/\/www.europesays.com\/fi\/wp-json\/wp\/v2\/media\/91606"}],"wp:attachment":[{"href":"https:\/\/www.europesays.com\/fi\/wp-json\/wp\/v2\/media?parent=91605"}],"wp:term":[{"taxonomy":"category","embeddable":true,"href":"https:\/\/www.europesays.com\/fi\/wp-json\/wp\/v2\/categories?post=91605"},{"taxonomy":"post_tag","embeddable":true,"href":"https:\/\/www.europesays.com\/fi\/wp-json\/wp\/v2\/tags?post=91605"}],"curies":[{"name":"wp","href":"https:\/\/api.w.org\/{rel}","templated":true}]}}