{"id":91621,"date":"2025-11-16T13:42:08","date_gmt":"2025-11-16T13:42:08","guid":{"rendered":"https:\/\/www.europesays.com\/fi\/91621\/"},"modified":"2025-11-16T13:42:08","modified_gmt":"2025-11-16T13:42:08","slug":"miss-suomi-petra-hamalainen-ja-liikemies-samuel-rossi-romanttinen-illallinen","status":"publish","type":"post","link":"https:\/\/www.europesays.com\/fi\/91621\/","title":{"rendered":"Miss Suomi Petra H\u00e4m\u00e4l\u00e4inen ja liikemies Samuel Rossi: Romanttinen illallinen!"},"content":{"rendered":"<p>\n            20240914 J\u00c4RVENP\u00c4\u00c4. Miss Suomi 2024 -finaali. Petra H\u00e4m\u00e4l\u00e4inen. KUVA: ATTE KAJOVA<br \/>\n            ATTE KAJOVA\n        <\/p>\n<p class=\"subtitle \">Instagram-kuvista paljastui, ett\u00e4 Petra H\u00e4m\u00e4l\u00e4inen ja Samuel Rossi illastivat romanttisissa tunnelmissa. Seiska tavoitti kaksikon kommentoimaan yll\u00e4tysuutista.<\/p>\n<p class=\"article-content article-content-width !bg-background\">Vuoden 2022 Miss Suomi   ja tunnettu liikemies   viihtyv\u00e4t yhdess\u00e4.<\/p>\n<p class=\"article-content article-content-width !bg-background\">Yll\u00e4tysuutinen paljastuu Petran sek\u00e4 Samuelin julkaisemista samankaltaisista somep\u00e4ivityksist\u00e4.\u00a0<\/p>\n<p class=\"article-content article-content-width !bg-background\">Petra lis\u00e4si eilen lauantaina (15.11.)\u00a0<a href=\"https:\/\/www.instagram.com\/stories\/hamalainen_petra\/\" target=\"_blank\" rel=\"nofollow noopener\">Instagram-videotarinoihinsa<\/a> mustavalkoisen kuvan, jossa h\u00e4n poseeraa n\u00e4ytt\u00e4v\u00e4ss\u00e4 peiliselfiess\u00e4.\u00a0<\/p>\n<p class=\"article-content article-content-width !bg-background\">Ex-missi ei n\u00e4yt\u00e4 kasvojaan, vaan h\u00e4n seisoo selk\u00e4 kohti peili\u00e4. Otoksessa korostuu Petran n\u00e4ytt\u00e4v\u00e4 mekko, jossa on eritt\u00e4in\u00a0avonainen\u00a0selk\u00e4. Petra piti vaaleita hiuksiaan tyylikk\u00e4\u00e4ss\u00e4 ponnarissa.<\/p>\n<p>        <a itemprop=\"url\" href=\"https:\/\/www.seiska.fi\/vain-seiskassa\/ohhoh-sometahti-heratti-huomiota-kaytoksellaan-espoossa-salakuva\/1694223\" rel=\"nofollow noopener\" target=\"_blank\"><\/p>\n<p>\nSomet\u00e4hti her\u00e4tti huomiota k\u00e4yt\u00f6ksell\u00e4\u00e4n\n<\/p>\n<p class=\"section-date\">\n        <strong class=\"article-section\" data-section=\"vain seiskassa\"><br \/>\n            vain seiskassa<br \/>\n        <\/strong><br \/>\n        11.5. 07:00\n    <\/p>\n<p>Ohhoh! Somet\u00e4hti her\u00e4tti huomiota k\u00e4yt\u00f6ksell\u00e4\u00e4n Espoossa \u2013 salakuva\n    <\/p>\n<p itemprop=\"description\" class=\"subtitle \">\n    Seiskan lukija oli huvittunut Ainon k\u00e4yt\u00f6ksest\u00e4.\n<\/p>\n<p>        <\/a><\/p>\n<p class=\"article-content article-content-width !bg-background\">Petra merkitsi kuvaan Hotel U14 -nimisen hotellin, joka sijaitsee Helsingin keskustassa.<\/p>\n<p>Romanttinen illallinen<\/p>\n<p class=\"article-content article-content-width !bg-background\">My\u00f6s Samuel on lauantaina 15.11. julkaissut mystisen mustavalkoisen otoksen <a href=\"https:\/\/www.instagram.com\/stories\/sampparossi\/3766504473838226851\/\" target=\"_blank\" rel=\"nofollow noopener\">Instagram-tarinoissaan<\/a>. Kuvassa h\u00e4n k\u00e4velee k\u00e4si k\u00e4dess\u00e4 edess\u00e4 olevan naisen kanssa.\u00a0<\/p>\n<p class=\"article-content article-content-width !bg-background\">Petran ja Samuelin kuvia vertaamalla selvi\u00e4\u00e4, ett\u00e4 Petra on Samuelin kuvissa n\u00e4kyv\u00e4 nainen. Petralla on molemmissa kuvissa yll\u00e4\u00e4n sama mekko.<\/p>\n<p class=\"article-content article-content-width !bg-background\">Asiaan saatiin viel\u00e4 lis\u00e4vahvistusta Samuelin toisesta <a href=\"https:\/\/www.instagram.com\/stories\/sampparossi\/3766667485681287315\/\" target=\"_blank\" rel=\"nofollow noopener\">Instagram-videotarinasta<\/a>.\u00a0<\/p>\n<p class=\"article-content article-content-width !bg-background\">Otoksessa Petra ja Samuel istuvat ravintolap\u00f6yd\u00e4n \u00e4\u00e4ress\u00e4, ja Samuel pit\u00e4\u00e4 Petran k\u00e4dest\u00e4 hell\u00e4sti kiinni.<\/p>\n<p class=\"article-content article-content-width !bg-background\">Kuva on rajattu niin, ett\u00e4 ainoastaan alaosa Petran kasvoista n\u00e4kyy.<\/p>\n<p>Petra ja Samuel vaikenevat<\/p>\n<p class=\"article-content article-content-width !bg-background\">Seiska tavoitti sek\u00e4 Petran ett\u00e4 Samuelin kommentoimaan romanttista illanviettoaan.<\/p>\n<p class=\"article-content article-content-width !bg-background\">Petraa vastasi Seiskan yhteydenottoon tekstiviestill\u00e4. Ex-missi totesi, ettei ole viel\u00e4 valmis kommentoimaan asiaa julkisesti.<\/p>\n<p class=\"article-content article-content-width !bg-background\">Samuel vastasi Seiskan toimittajan soittoon.<\/p>\n<p class=\"font-weight-bold m-font-weight-bold article-content article-content-width !bg-background\">Moi! Instagram-videotarinoistasi ilmenee, ett\u00e4 olit eilen ollut romanttisella illallisella. Kun vertailee sinun ja Petra H\u00e4m\u00e4l\u00e4isen julkaisemia somekuvia, niin sen perusteella h\u00e4n oli illallisseuralaisesi.<\/p>\n<p class=\"article-content article-content-width !bg-background\">\u2013 No, \u00f6\u00f6h. Ainoa virallinen, mit\u00e4 m\u00e4 voin sanoa on, ett\u00e4 mysteerinainen. En voi kommentoida mit\u00e4\u00e4n muuta t\u00e4ss\u00e4 vaiheessa, Samuel totesi salaper\u00e4isesti.<\/p>\n<p>Samuelin tuore ero<\/p>\n<p class=\"article-content article-content-width !bg-background\">Seiska uutisoi lokakuussa Samuelin erosta. H\u00e4n seurusteli aiemmin vuonna 2025 Miss Suomi -kilpailussa median suosikiksi valitun   kanssa.<\/p>\n<p>        <a itemprop=\"url\" href=\"https:\/\/www.seiska.fi\/kotimaa\/missi-eveliina-ja-tunnettu-liikemies-shokkiero\/1973599\" rel=\"nofollow noopener\" target=\"_blank\"><\/p>\n<p>\nMissi-Eveliina ja tunnettu liikemies\n<\/p>\n<p class=\"section-date\">\n        <strong class=\"article-section\" data-section=\"kotimaa\"><br \/>\n            kotimaa<br \/>\n        <\/strong><br \/>\n        25.10. 15:34\n    <\/p>\n<p>Missi-Eveliina ja tunnettu liikemies \u2013 shokkiero!\n    <\/p>\n<p itemprop=\"description\" class=\"subtitle \">\n    Eveliina kertoo h\u00e4nen ja Samuelin kasvaneen erilleen.\n<\/p>\n<p>        <\/a><\/p>\n<p class=\"article-content article-content-width !bg-background\">Pariskunta ehti olla yhdess\u00e4 noin kaksi vuotta.<\/p>\n<p class=\"article-content article-content-width !bg-background\">\u2013 Erilaiset arvot ja odotukset ajoivat meid\u00e4t erilleen. Pysymme kuitenkin yst\u00e4vin\u00e4.<\/p>\n<p class=\"article-content article-content-width !bg-background\">\u2013 Olimme Eveliinan kanssa monesti haaveilleet tietynlaisesta el\u00e4m\u00e4st\u00e4, mutta lopulta se ei ollut sellaista, mit\u00e4 olisin pystynyt tai en\u00e4\u00e4 edes halunnut tarjota. Parisuhteemme dynamiikka ei en\u00e4\u00e4 tuntunut oikealta minulle, ja p\u00e4\u00e4timme erota viikko sitten, Samuel totesi lokakuussa Seiskalle.<\/p>\n<p>                <img decoding=\"async\" src=\"https:\/\/www.europesays.com\/fi\/wp-content\/uploads\/2025\/11\/1973663.webp\" width=\"576\" height=\"720\" alt=\"Eveliina Liimatta kuvattuna Miss Suomi -kilpailun finaalissa 2025.\" loading=\"lazy\" \/>            <\/p>\n<p>\n            Eveliina Liimatta kuvattuna Miss Suomi -kilpailun finaalissa 2025.<br \/>\n            Timo Korhonen\n        <\/p>\n<p class=\"article-content article-content-width !bg-background\">Samuelin ja Eveliinan suhde sai alkunsa ty\u00f6paikalla, kun Samuel oli eronnut vaimostaan,  . Aino\u00a0on\u00a0yksi Suomen tunnetuimmista somevaikuttajista.\u00a0<\/p>\n<p>        <a itemprop=\"url\" href=\"https:\/\/www.seiska.fi\/kotimaa\/shokki-ilmoitus-sometahti-aino-rossin-14-vuotta-kestanyt-parisuhde-on-ohi-olisi-pitanyt-erota-jo-vuosia-sitten\/150364\" rel=\"nofollow noopener\" target=\"_blank\"><\/p>\n<p class=\"section-date\">\n        <strong class=\"article-section\" data-section=\"kotimaa\"><br \/>\n            kotimaa<br \/>\n        <\/strong><br \/>\n        31.1.2023 18:31\n    <\/p>\n<p>Shokki-ilmoitus! Somet\u00e4hti Aino Rossin 14 vuotta kest\u00e4nyt parisuhde on ohi: &#8221;Olisi pit\u00e4nyt erota jo vuosia sitten&#8221;\n    <\/p>\n<p>        <\/a><\/p>\n<p class=\"article-content article-content-width !bg-background\">Samuel ty\u00f6skentelee NordicShape-kauneusklinikan toimitusjohtajana, jossa kosmetologiksi valmistunut Eveliina ty\u00f6skenteli viel\u00e4 ennen Miss Suomi -kilpailuun hakemista.<\/p>\n<p>Petran suhdekuviot<\/p>\n<p class=\"article-content article-content-width !bg-background\">Petra kruunattiin Miss Suomeksi vuonna 2022.\u00a0<\/p>\n<p class=\"article-content article-content-width !bg-background\">Petra on viihtynyt sinkkumarkkinoilla jo jonkin aikaa. Petra seurusteli aiemmin It\u00e4-Suomessa asuvan miehen kanssa, mutta pariskunta p\u00e4\u00e4tyi eroamaan vuonna 2023.<\/p>\n<p class=\"article-content article-content-width !bg-background\">Viime vuonna Petra kertoi Seiskalle liittyneens\u00e4 per\u00e4ti kolmeen eri deittisovellukseen. Petra paljasti tuolloin tapailevansa er\u00e4st\u00e4 miest\u00e4, mutta ilmeisesti heid\u00e4n tiens\u00e4 erkanivat my\u00f6hemmin.<\/p>\n<p>        <a itemprop=\"url\" href=\"https:\/\/www.seiska.fi\/kotimaa\/eronnut-miss-suomi-petra-hamalainen-avautuu-seiskalle-pidemman-ajan-paatos\/1112439\" rel=\"nofollow noopener\" target=\"_blank\"><\/p>\n<p class=\"section-date\">\n        <strong class=\"article-section\" data-section=\"kotimaa\"><br \/>\n            kotimaa<br \/>\n        <\/strong><br \/>\n        15.8.2023 18:00\n    <\/p>\n<p>Eronnut Miss Suomi Petra H\u00e4m\u00e4l\u00e4inen avautuu Seiskalle: &#8221;Pidemm\u00e4n ajan p\u00e4\u00e4t\u00f6s&#8221;\n    <\/p>\n<p itemprop=\"description\" class=\"subtitle \">\n    Petran tulevaisuus sinkkuna n\u00e4ytt\u00e4\u00e4 kiireiselt\u00e4.\n<\/p>\n<p>        <\/a><\/p>\n<p class=\"article-content article-content-width !bg-background\">Malliksi Petra bongattiin casting-tilaisuudesta jo 16-vuotiaana, ja h\u00e4n on ty\u00f6skennellyt mallina muun muassa Italiassa. Malliura on nyt takana, ja kasvatustieteen maisteriksi valmistuneen Petran ty\u00f6n\u00e4 on opettaminen.<\/p>\n<p><script async src=\"\/\/www.instagram.com\/embed.js\"><\/script><\/p>\n","protected":false},"excerpt":{"rendered":"20240914 J\u00c4RVENP\u00c4\u00c4. Miss Suomi 2024 -finaali. Petra H\u00e4m\u00e4l\u00e4inen. KUVA: ATTE KAJOVA ATTE KAJOVA Instagram-kuvista paljastui, ett\u00e4 Petra H\u00e4m\u00e4l\u00e4inen&hellip;\n","protected":false},"author":2,"featured_media":91622,"comment_status":"","ping_status":"","sticky":false,"template":"","format":"standard","meta":{"footnotes":""},"categories":[130],"tags":[15765,137,4592,33,31,30,8575,5669,14826,18267,14160,18266,4590,6513,651,32,109],"class_list":{"0":"post-91621","1":"post","2":"type-post","3":"status-publish","4":"format-standard","5":"has-post-thumbnail","7":"category-viihde","8":"tag-aino-rossi","9":"tag-entertainment","10":"tag-eveliina-liimatta","11":"tag-fi","12":"tag-finland","13":"tag-finnish","14":"tag-illallinen","15":"tag-liikemies","16":"tag-missi","17":"tag-petra-hamalainen","18":"tag-romanssihuhut","19":"tag-romanttinen-illallinen","20":"tag-samuel-rossi","21":"tag-suhdehuhut","22":"tag-suhteet","23":"tag-suomi","24":"tag-viihde"},"share_on_mastodon":{"url":"https:\/\/pubeurope.com\/@fi\/115559671003537708","error":""},"_links":{"self":[{"href":"https:\/\/www.europesays.com\/fi\/wp-json\/wp\/v2\/posts\/91621","targetHints":{"allow":["GET"]}}],"collection":[{"href":"https:\/\/www.europesays.com\/fi\/wp-json\/wp\/v2\/posts"}],"about":[{"href":"https:\/\/www.europesays.com\/fi\/wp-json\/wp\/v2\/types\/post"}],"author":[{"embeddable":true,"href":"https:\/\/www.europesays.com\/fi\/wp-json\/wp\/v2\/users\/2"}],"replies":[{"embeddable":true,"href":"https:\/\/www.europesays.com\/fi\/wp-json\/wp\/v2\/comments?post=91621"}],"version-history":[{"count":0,"href":"https:\/\/www.europesays.com\/fi\/wp-json\/wp\/v2\/posts\/91621\/revisions"}],"wp:featuredmedia":[{"embeddable":true,"href":"https:\/\/www.europesays.com\/fi\/wp-json\/wp\/v2\/media\/91622"}],"wp:attachment":[{"href":"https:\/\/www.europesays.com\/fi\/wp-json\/wp\/v2\/media?parent=91621"}],"wp:term":[{"taxonomy":"category","embeddable":true,"href":"https:\/\/www.europesays.com\/fi\/wp-json\/wp\/v2\/categories?post=91621"},{"taxonomy":"post_tag","embeddable":true,"href":"https:\/\/www.europesays.com\/fi\/wp-json\/wp\/v2\/tags?post=91621"}],"curies":[{"name":"wp","href":"https:\/\/api.w.org\/{rel}","templated":true}]}}