{"id":91642,"date":"2025-11-16T14:12:16","date_gmt":"2025-11-16T14:12:16","guid":{"rendered":"https:\/\/www.europesays.com\/fi\/91642\/"},"modified":"2025-11-16T14:12:16","modified_gmt":"2025-11-16T14:12:16","slug":"yhdysvallat-ja-venaja-laativat-kilpailevat-suunnitelmat-gazan-tulevaisuudesta","status":"publish","type":"post","link":"https:\/\/www.europesays.com\/fi\/91642\/","title":{"rendered":"Yhdysvallat ja Ven\u00e4j\u00e4 laativat kilpailevat suunnitelmat Gazan tulevaisuudesta"},"content":{"rendered":"<p>L\u00e4hi-it\u00e4|AFP:n n\u00e4kem\u00e4n luonnoksen mukaan Gazaan perustettaisiin siirtym\u00e4hallinto ja sit\u00e4 johtaisi Donald Trump itse vuoteen 2027.<\/p>\n<p>15.11. 13:57<\/p>\n<p class=\"article-body mb-nof-24 px-nof-16\">Yhdistyneiden kansakuntien turvallisuusneuvosto \u00e4\u00e4nest\u00e4\u00e4 Yhdysvaltain presidentin <a class=\"article-personlink\" href=\"https:\/\/www.hs.fi\/haku\/?query=Donald%20Trumpin\" rel=\"nofollow noopener\" target=\"_blank\">Donald Trumpin<\/a> rauhansuunnitelmasta Gazaan maanantaina, kertovat diplomaattil\u00e4hteet.<\/p>\n<p class=\"article-body mb-nof-24 px-nof-16\">Yhdysvallat aloitti neuvottelut p\u00e4\u00e4t\u00f6slauselman luonnoksesta viime viikolla turvallisuusneuvoston j\u00e4senmaiden kanssa.<\/p>\n<p class=\"article-body mb-nof-24 px-nof-16\">Uutistoimisto AFP:n n\u00e4kem\u00e4ss\u00e4 luonnoksessa Gazaan oltaisiin perustamassa siirtym\u00e4ajan hallintoa, jonka mandaatti jatkuisi vuoden 2027 loppuun. T\u00e4m\u00e4n hallinnon nokkamiehen\u00e4 olisi teoriassa Trump itse. Luonnos my\u00f6s valtuuttaisi j\u00e4senmaat muodostamaan kansainv\u00e4liset joukot Gazan raja-alueiden turvaamiseksi ja kaistan demilitarisoimiseksi.<\/p>\n<p class=\"article-body mb-nof-24 px-nof-16\">N\u00e4m\u00e4 niin sanotut kansainv\u00e4liset vakautusjoukot (ISF) tekisiv\u00e4t p\u00e4\u00e4t\u00f6slauselmaluonnoksen mukaan yhteisty\u00f6t\u00e4 Israelin, Egyptin ja koulutettavien palestiinalaisten poliisien kanssa.<\/p>\n<p class=\"article-body mb-nof-24 px-nof-16\">Tuoreimmassa p\u00e4\u00e4t\u00f6slauselman luonnoksessa mainitaan my\u00f6s itsen\u00e4isen Palestiinan valtion mahdollisuus tulevaisuudessa. T\u00e4m\u00e4 maininta puuttui aiemmista versioista.<\/p>\n<p class=\"article-body mb-nof-24 px-nof-16\">Yhdysvaltojen ohella useat arabi- ja muslimimaat kehottivat perjantaina turvallisuusneuvostoa hyv\u00e4ksym\u00e4\u00e4n ripe\u00e4sti p\u00e4\u00e4t\u00f6slauselman. Tukijoita ovat muun muassa Egypti, Saudi-Arabia ja Turkki.<\/p>\n<p class=\"article-body mb-nof-24 px-nof-16\">Samaan aikaan Ven\u00e4j\u00e4 on kierr\u00e4tt\u00e4nyt turvallisuusneuvoston j\u00e4senten keskuudessa omaa kilpailevaa p\u00e4\u00e4t\u00f6slauselmaesityst\u00e4\u00e4n, josta puuttuu valtuutus v\u00e4liaikaishallinnolle ja kansainv\u00e4lisille joukoille. Ven\u00e4j\u00e4 on yksi turvallisuusneuvoston pysyvist\u00e4 j\u00e4senmaista.<\/p>\n<p class=\"article-body mb-nof-24 px-nof-16\">\u201dKielt\u00e4ytyminen [Yhdysvaltain] p\u00e4\u00e4t\u00f6slauselman tukemisesta on \u00e4\u00e4ni sen puolesta, ett\u00e4 Hamasin terroristien valta tai sota Israelin kanssa jatkuu. Se tuomitsisi alueen ja sen ihmiset p\u00e4\u00e4ttym\u00e4tt\u00f6m\u00e4\u00e4n konfliktiin\u201d, sanoi Yhdysvaltain YK-l\u00e4hettil\u00e4s <a class=\"article-personlink\" href=\"https:\/\/www.hs.fi\/haku\/?query=Mike%20Waltz\" rel=\"nofollow noopener\" target=\"_blank\">Mike Waltz<\/a> <a class=\"article-genericlink\" href=\"https:\/\/www.washingtonpost.com\/opinions\/2025\/11\/14\/united-nations-trump-israel-hamas-gaza-peace\/\" rel=\"nofollow noopener\" target=\"_blank\">mielipidekirjoituksessaan<\/a> sanomalehti The Washington Postissa.<\/p>\n<p class=\"article-body mb-nof-24 px-nof-16\">Sanomalehti <a class=\"article-genericlink\" href=\"https:\/\/www.theguardian.com\/world\/2025\/nov\/14\/us-military-plan-divided-gaza-green-zone\" rel=\"nofollow noopener\" target=\"_blank\">The Guardianin<\/a> mukaan Yhdysvallat suunnittelee, ett\u00e4 Gaza jaettaisiin kahteen vy\u00f6hykkeeseen. J\u00e4lleenrakennus aloitettaisiin \u201dvihre\u00e4ll\u00e4\u201d vy\u00f6hykkeell\u00e4, joka olisi kansainv\u00e4listen joukkojen valvonnassa.<\/p>\n<p class=\"article-body mb-nof-24 px-nof-16\">Suurin osa alueen palestiinalaisv\u00e4est\u00f6st\u00e4 on t\u00e4ll\u00e4 hetkell\u00e4 evakossa \u201dpunaisella\u201d vy\u00f6hykkeell\u00e4, joka j\u00e4tett\u00e4isiin toistaiseksi raunioituneeseen tilaansa.<\/p>\n<p class=\"article-body mb-nof-24 px-nof-16\">Raja vy\u00f6hykkeiden v\u00e4lill\u00e4 noudattaisi niin kutsuttua keltaista linjaa, joka on t\u00e4ll\u00e4 hetkell\u00e4 Israelin joukkojen valvoma.<\/p>\n<p class=\"article-body mb-nof-24 px-nof-16\">Toistaiseksi on ep\u00e4selv\u00e4\u00e4, mitk\u00e4 kaikki maat ISF-joukkoihin osallistuisivat. Lehden mukaan Yhdysvallat on itse kielt\u00e4ytynyt joukkojen l\u00e4hett\u00e4misest\u00e4 tai Gazan j\u00e4lleenrakennuksen kustannuksiin osallistumisesta.<\/p>\n<p class=\"article-body mb-nof-24 px-nof-16\">The Guardianin n\u00e4kemien asiakirjojen mukaan Yhdysvallat toivoi viel\u00e4 aiemmin t\u00e4ss\u00e4 kuussa, ett\u00e4 ISF-joukkojen kovaksi ytimeksi saataisiin jopa tuhansia eurooppalaisia sotilaita Britanniasta, Ranskasta ja Saksasta. Yhdysvallat olisi my\u00f6s halunnut joukkoja Hollannista ja Pohjoismaista py\u00f6ritt\u00e4m\u00e4\u00e4n kentt\u00e4sairaaloita, logistiikkaa ja tiedustelutoimintoja.<\/p>\n","protected":false},"excerpt":{"rendered":"L\u00e4hi-it\u00e4|AFP:n n\u00e4kem\u00e4n luonnoksen mukaan Gazaan perustettaisiin siirtym\u00e4hallinto ja sit\u00e4 johtaisi Donald Trump itse vuoteen 2027. 15.11. 13:57 Yhdistyneiden&hellip;\n","protected":false},"author":2,"featured_media":79326,"comment_status":"","ping_status":"","sticky":false,"template":"","format":"standard","meta":{"footnotes":""},"categories":[14],"tags":[22,23,26,27,33,31,30,17,46,24,25,28,29,15,18,21,32,19,20,56,16,59,60,61],"class_list":{"0":"post-91642","1":"post","2":"type-post","3":"status-publish","4":"format-standard","5":"has-post-thumbnail","7":"category-ulkomaat","8":"tag-breaking-news","9":"tag-breakingnews","10":"tag-featured-news","11":"tag-featurednews","12":"tag-fi","13":"tag-finland","14":"tag-finnish","15":"tag-headlines","16":"tag-helsingin-sanomat","17":"tag-latest-news","18":"tag-latestnews","19":"tag-main-news","20":"tag-mainnews","21":"tag-news","22":"tag-otsikot","23":"tag-paauutiset","24":"tag-suomi","25":"tag-top-stories","26":"tag-topstories","27":"tag-ulkomaat","28":"tag-uutiset","29":"tag-world","30":"tag-world-news","31":"tag-worldnews"},"share_on_mastodon":{"url":"https:\/\/pubeurope.com\/@fi\/115559788993111901","error":""},"_links":{"self":[{"href":"https:\/\/www.europesays.com\/fi\/wp-json\/wp\/v2\/posts\/91642","targetHints":{"allow":["GET"]}}],"collection":[{"href":"https:\/\/www.europesays.com\/fi\/wp-json\/wp\/v2\/posts"}],"about":[{"href":"https:\/\/www.europesays.com\/fi\/wp-json\/wp\/v2\/types\/post"}],"author":[{"embeddable":true,"href":"https:\/\/www.europesays.com\/fi\/wp-json\/wp\/v2\/users\/2"}],"replies":[{"embeddable":true,"href":"https:\/\/www.europesays.com\/fi\/wp-json\/wp\/v2\/comments?post=91642"}],"version-history":[{"count":0,"href":"https:\/\/www.europesays.com\/fi\/wp-json\/wp\/v2\/posts\/91642\/revisions"}],"wp:featuredmedia":[{"embeddable":true,"href":"https:\/\/www.europesays.com\/fi\/wp-json\/wp\/v2\/media\/79326"}],"wp:attachment":[{"href":"https:\/\/www.europesays.com\/fi\/wp-json\/wp\/v2\/media?parent=91642"}],"wp:term":[{"taxonomy":"category","embeddable":true,"href":"https:\/\/www.europesays.com\/fi\/wp-json\/wp\/v2\/categories?post=91642"},{"taxonomy":"post_tag","embeddable":true,"href":"https:\/\/www.europesays.com\/fi\/wp-json\/wp\/v2\/tags?post=91642"}],"curies":[{"name":"wp","href":"https:\/\/api.w.org\/{rel}","templated":true}]}}