{"id":91651,"date":"2025-11-16T14:33:11","date_gmt":"2025-11-16T14:33:11","guid":{"rendered":"https:\/\/www.europesays.com\/fi\/91651\/"},"modified":"2025-11-16T14:33:11","modified_gmt":"2025-11-16T14:33:11","slug":"kalle-palander-meni-sanattomaksi-eduard-hallbergin-tempusta-meni-tunteisiin","status":"publish","type":"post","link":"https:\/\/www.europesays.com\/fi\/91651\/","title":{"rendered":"Kalle Palander meni sanattomaksi Eduard Hallbergin tempusta \u2013 \u201dMeni tunteisiin\u201d"},"content":{"rendered":"<p>Suomen alppilegenda on uskonut Hallbergiin jo pitk\u00e4\u00e4n.<\/p>\n<p>Lue tiivistelm\u00e4<\/p>\n<p>Tiivistelm\u00e4 on teko\u00e4lyn tekem\u00e4 ja ihmisen tarkistama.<\/p>\n<p class=\"article-body mb-nof-24 px-nof-16 sndp-summary-bullet-point-font\">Alppihiiht\u00e4j\u00e4 Eduard Hallberg sijoittui Levin maailmancupin pujottelukisassa kolmanneksi ja oli ensimm\u00e4inen suomalaismies palkintosijalla sitten Kalle Palanderin vuodesta 2007.<\/p>\n<p class=\"article-body mb-nof-24 px-nof-16 sndp-summary-bullet-point-font\">Palander seurasi kisaa paikalla ja kertoi herkistyneens\u00e4 n\u00e4hdess\u00e4\u00e4n Hallbergin suorituksen.<\/p>\n<p class=\"article-body mb-nof-24 px-nof-16 sndp-summary-bullet-point-font\">Palanderin mukaan Hallberg voi voittaa olympiakultaa helmikuussa ja nostaa alppihiihdon takaisin suomalaisten tietoisuuteen.<\/p>\n<p class=\"article-body mb-nof-24 px-nof-16\">Alppihiiht\u00e4j\u00e4 <a class=\"article-personlink\" href=\"https:\/\/www.is.fi\/haku\/?query=Eduard%20Hallbergista\" rel=\"nofollow noopener\" target=\"_blank\">Eduard Hallbergista <\/a>tuli ensimm\u00e4inen suomalaismies sitten <a class=\"article-personlink\" href=\"https:\/\/www.is.fi\/haku\/?query=Kalle%20Palanderin\" rel=\"nofollow noopener\" target=\"_blank\">Kalle Palanderin <\/a>vuonna 2007, joka laski maailmancupin palkintosijalle.<\/p>\n<p class=\"article-body mb-nof-24 px-nof-16\">Hallberg oli Levin pujottelukisan kolmas.<\/p>\n<p class=\"article-body mb-nof-24 px-nof-16\">Palander oli paikan p\u00e4\u00e4ll\u00e4 seuraamassa Hallbergin laskua. Maailmanmestarin \u00e4\u00e4nest\u00e4 kuului suuri tunnekuohu, joka purkautui, kun Hallbergin jymysijoitus varmistui.<\/p>\n<p class=\"article-body mb-nof-24 px-nof-16\">\u2013\u2009Aivan t\u00f6rke\u00e4n mahtavaa. T\u00f6rke\u00e4n makea juttu. Se tuli kyll\u00e4&#8230; meni tunteisiin, Palander purki ajatuksiaan.<\/p>\n<p class=\"article-body mb-nof-24 px-nof-16\">\u2013\u2009Oikeasti meni&#8230; vier\u00e4hti kyynel silm\u00e4\u00e4n v**tu. Oli niin saamarin hienoa. Me kaikki alppi-ihmiset tiesimme, miten kovassa kunnossa Eduard on. J\u00e4\u00e4t\u00e4v\u00e4n kova suoritus, ei mit\u00e4\u00e4n j\u00e4rke\u00e4!<\/p>\n<p class=\"article-body mb-nof-24 px-nof-16\">Palander kertoo k\u00e4yneens\u00e4 katsomassa Hallbergin harjoituksiakin sen j\u00e4lkeen kun k\u00e4vi selv\u00e4ksi, millainen t\u00e4m\u00e4n nykyvire on. Hallberg v\u00e4l\u00e4ytteli kuntoaan jo viime kaudella, mutta ehj\u00e4t suoritukset j\u00e4iv\u00e4t viel\u00e4 v\u00e4hiin.<\/p>\n<p class=\"article-body mb-nof-24 px-nof-16\">Nyt sen sijaan t\u00e4r\u00e4hti, ja kunnolla. Ylisanoista ei ole tulla loppua, kun Palander p\u00e4\u00e4see vauhtiin kuvaillessaan Hallbergin vahvuuksia.<\/p>\n<p class=\"article-body mb-nof-24 px-nof-16\">\u2013\u2009H\u00e4n on todella taitava, ja h\u00e4nell\u00e4 on k\u00e4sitt\u00e4m\u00e4t\u00f6n suksi- ja lumituntuma. Laskijana Eduard on eritt\u00e4in lahjakas ja oivaltanut jotain sellaista, mit\u00e4 me laji-ihmisetk\u00e4\u00e4n emme ihan t\u00e4ysin tajua, mit\u00e4 h\u00e4n tekee niin hyvin.<\/p>\n<p class=\"article-body mb-nof-24 px-nof-16\">\u2013 H\u00e4nen k\u00e4\u00e4nn\u00f6ksen aloituksensa on erityisen hyv\u00e4, ja laskeminen on parhaimmillaan todella helpon n\u00e4k\u00f6ist\u00e4.<\/p>\n<p><img decoding=\"async\" src=\"https:\/\/www.europesays.com\/fi\/wp-content\/uploads\/2025\/10\/1761307688_178_468.jpg\" alt=\"Eduard Hallbergin suoritus maistui Kalle Palanderille.\" class=\"_Img_1rerz_1\" style=\"aspect-ratio:1.4169741697416973\" loading=\"eager\"\/><\/p>\n<p class=\"article-picture-caption\">Eduard Hallbergin suoritus maistui Kalle Palanderille. Kuva:\u00a0Ivan Bessedin<\/p>\n<p class=\"article-body mb-nof-24 px-nof-16\">Suomeen on odotettu pitk\u00e4\u00e4n Palanderin ja <a class=\"article-personlink\" href=\"https:\/\/www.is.fi\/haku\/?query=Tanja%20Poutiaisen\" rel=\"nofollow noopener\" target=\"_blank\">Tanja Poutiaisen <\/a>manttelinperij\u00e4\u00e4 maailman vuorille.<\/p>\n<p class=\"article-body mb-nof-24 px-nof-16\">Palander jopa v\u00e4l\u00e4ytt\u00e4\u00e4 Hallbergin menestysmahdollisuuksia helmikuun olympialaisissa.<\/p>\n<p class=\"article-body mb-nof-24 px-nof-16\">\u2013\u2009Viime vuonna oli uloslaskuja ja v\u00e4\u00e4r\u00e4lt\u00e4 puolelta vet\u00e4mist\u00e4. Mutta me, jotka seuraamme v\u00e4liaikoja, huomasimme, miten kovaa tulosta h\u00e4n teki. H\u00e4n voi voittaa vaikka ainoana suomalaisena kultaa olympialaisissa ensi vuonna, Palander pamauttaa.<\/p>\n<p class=\"article-body mb-nof-24 px-nof-16\">Palander uskoo, ett\u00e4 Hallbergin suoritukset nostavat alppihiihdon uudelleen koko kansan puheenaiheeksi Suomessa.<\/p>\n<p class=\"article-body mb-nof-24 px-nof-16\">Takavuosien alppi\u00e4ss\u00e4 ei j\u00e4t\u00e4 salaisuudeksi, miten paljon h\u00e4nt\u00e4 kaihertaa alppihiihdon katoaminen suomalaisten medioiden palstoilta.<\/p>\n<p class=\"article-body mb-nof-24 px-nof-16\">\u2013\u2009T\u00e4m\u00e4 on Suomen alppihiihdolle j\u00e4rjett\u00f6m\u00e4n hieno juttu, isompi kuin yksil\u00f6urheilija palkintopallilla. T\u00e4m\u00e4 oli koko lajille iso juttu. Alppihiihtoa on kohdeltu luokattomasti suomalaisessa mediassa. T\u00e4m\u00e4 on kuninkuuslaji, ja harva Suomessa ymm\u00e4rt\u00e4\u00e4, miten valtava laji t\u00e4m\u00e4 on maailmalla.<\/p>\n<p><img decoding=\"async\" src=\"https:\/\/www.europesays.com\/fi\/wp-content\/uploads\/2025\/11\/1763303591_153_468.jpg\" alt=\"Eduard Hallberg kuvattuna palkinopallilla.\" class=\"_Img_1rerz_1\" style=\"aspect-ratio:1.4490566037735848\" loading=\"eager\"\/><\/p>\n<p class=\"article-picture-caption\">Eduard Hallberg kuvattuna palkinopallilla. Kuva:\u00a0Roni Rekomaa \/ Lehtikuva<\/p>\n<p class=\"article-body mb-nof-24 px-nof-16\">Palander seurasi Levin kisaviikonloppua paikan p\u00e4\u00e4ll\u00e4. H\u00e4n hehkuttaa tunnelmaa hienoksi, ja erityisen riehakasta oli luonnollisesti kun Hallberg t\u00e4r\u00e4ytti palkintokorokkeelle.<\/p>\n<p class=\"article-body mb-nof-24 px-nof-16\">\u2013\u2009Oli makeeta, ja hieno fiilis. En itse koskaan menestynyt t\u00e4\u00e4ll\u00e4. Tanja voitti t\u00e4\u00e4ll\u00e4. Nyt on t\u00e4m\u00e4 tilanne. Ihan k\u00e4sitt\u00e4m\u00e4tt\u00f6m\u00e4n kova juttu, ja voi ensi vuonna olla v\u00e4h\u00e4n enemm\u00e4n porukkaa. Toivottavasti t\u00e4st\u00e4 syttyy buumi. Jumalauta, t\u00e4t\u00e4 tarvittiin!<\/p>\n","protected":false},"excerpt":{"rendered":"Suomen alppilegenda on uskonut Hallbergiin jo pitk\u00e4\u00e4n. Lue tiivistelm\u00e4 Tiivistelm\u00e4 on teko\u00e4lyn tekem\u00e4 ja ihmisen tarkistama. Alppihiiht\u00e4j\u00e4 Eduard&hellip;\n","protected":false},"author":2,"featured_media":91652,"comment_status":"","ping_status":"","sticky":false,"template":"","format":"standard","meta":{"footnotes":""},"categories":[158],"tags":[33,31,30,34,159,32,160],"class_list":{"0":"post-91651","1":"post","2":"type-post","3":"status-publish","4":"format-standard","5":"has-post-thumbnail","7":"category-urheilu","8":"tag-fi","9":"tag-finland","10":"tag-finnish","11":"tag-ilta-sanomat","12":"tag-sports","13":"tag-suomi","14":"tag-urheilu"},"share_on_mastodon":{"url":"https:\/\/pubeurope.com\/@fi\/115559872005511531","error":""},"_links":{"self":[{"href":"https:\/\/www.europesays.com\/fi\/wp-json\/wp\/v2\/posts\/91651","targetHints":{"allow":["GET"]}}],"collection":[{"href":"https:\/\/www.europesays.com\/fi\/wp-json\/wp\/v2\/posts"}],"about":[{"href":"https:\/\/www.europesays.com\/fi\/wp-json\/wp\/v2\/types\/post"}],"author":[{"embeddable":true,"href":"https:\/\/www.europesays.com\/fi\/wp-json\/wp\/v2\/users\/2"}],"replies":[{"embeddable":true,"href":"https:\/\/www.europesays.com\/fi\/wp-json\/wp\/v2\/comments?post=91651"}],"version-history":[{"count":0,"href":"https:\/\/www.europesays.com\/fi\/wp-json\/wp\/v2\/posts\/91651\/revisions"}],"wp:featuredmedia":[{"embeddable":true,"href":"https:\/\/www.europesays.com\/fi\/wp-json\/wp\/v2\/media\/91652"}],"wp:attachment":[{"href":"https:\/\/www.europesays.com\/fi\/wp-json\/wp\/v2\/media?parent=91651"}],"wp:term":[{"taxonomy":"category","embeddable":true,"href":"https:\/\/www.europesays.com\/fi\/wp-json\/wp\/v2\/categories?post=91651"},{"taxonomy":"post_tag","embeddable":true,"href":"https:\/\/www.europesays.com\/fi\/wp-json\/wp\/v2\/tags?post=91651"}],"curies":[{"name":"wp","href":"https:\/\/api.w.org\/{rel}","templated":true}]}}