{"id":91678,"date":"2025-11-16T15:18:08","date_gmt":"2025-11-16T15:18:08","guid":{"rendered":"https:\/\/www.europesays.com\/fi\/91678\/"},"modified":"2025-11-16T15:18:08","modified_gmt":"2025-11-16T15:18:08","slug":"topi-borg-ilouutinen-seiska","status":"publish","type":"post","link":"https:\/\/www.europesays.com\/fi\/91678\/","title":{"rendered":"Topi Borg: Ilouutinen! | Seiska"},"content":{"rendered":"<p>\n            20250210, Tampere. Topi Borg.<br \/>\n            Timo Korhonen\n        <\/p>\n<p class=\"subtitle \">Kirjolla -sarjasta tuttu Topi Borg kertoi todellisen ilouutisen Sointu-siskonsa somessa.<\/p>\n<p class=\"article-content article-content-width !bg-background\">Ylen Kirjolla -sarjasta tuttu  paljasti todellisen ilouutisen siskonsa, , somessa: Topi on ostanut itselleen asunnon.<\/p>\n<p class=\"article-content article-content-width !bg-background\">Asia selvi\u00e4\u00e4 Soinnun <a href=\"https:\/\/www.instagram.com\/sointuorvokki\/\" aria-label=\"Sointu Borgin instagram\" target=\"_blank\" rel=\"nofollow noopener\">Instagram-tilin<\/a> tarinat-osiosta, jossa Sointu on julkaissut videon kaksikon keskustelusta.<\/p>\n<p class=\"article-content article-content-width !bg-background\"> \u2013 T\u00e4\u00e4 on hieno p\u00e4iv\u00e4, mik\u00e4 p\u00e4iv\u00e4 t\u00e4\u00e4 on? Sointu kysyy veljelt\u00e4\u00e4n.<\/p>\n<p class=\"article-content article-content-width !bg-background\"> \u2013 T\u00e4n\u00e4\u00e4n on tupaantulijaiset uuteen asuntooni, jonka olen viimeinkin pystynyt saamaan lainan kautta. Ei vuokraa en\u00e4\u00e4, Topi iloitsee.<\/p>\n<p>        <a itemprop=\"url\" href=\"https:\/\/www.seiska.fi\/katso\/topi-borg-huomasi-siskossaan-sointu-borgissa-jotakin-outoa-taa-haisee\/1920999\" rel=\"nofollow noopener\" target=\"_blank\"><\/p>\n<p>\nTopi Borg uhrina\n<\/p>\n<p class=\"section-date\">\n        <strong class=\"article-section\" data-section=\"katso\"><br \/>\n            katso<br \/>\n        <\/strong><br \/>\n        5.9. 06:15\n    <\/p>\n<p>Topi Borg huomasi siskossaan Sointu Borgissa jotakin outoa: \u201dT\u00e4\u00e4 haisee\u201d\n    <\/p>\n<p itemprop=\"description\" class=\"subtitle \">\n    Sointu Borg joutui rikoksen uhriksi.\n<\/p>\n<p>        <\/a><\/p>\n<p class=\"article-content article-content-width !bg-background\">Tarinat ovat katsottavissa 24 tuntia julkaisustaan.<\/p>\n<p>Esikoiskirjailija<\/p>\n<p class=\"article-content article-content-width !bg-background\">Kirjolla-sarjassa katsojien syd\u00e4met puolelleen voittaneelta Topilta ilmestyi huhtikuussa h\u00e4nen esikoiskirjansa Normaaliusrodeo.<\/p>\n<p>        <a itemprop=\"url\" href=\"https:\/\/www.seiska.fi\/kotimaa\/topi-borgin-suuri-paiva-lahestyy-sointu-siskolta-tunteellinen-paivitys\/1666501\" rel=\"nofollow noopener\" target=\"_blank\"><\/p>\n<p>\nSoinnulta tunteellinen p\u00e4ivitys\n<\/p>\n<p class=\"section-date\">\n        <strong class=\"article-section\" data-section=\"kotimaa\"><br \/>\n            kotimaa<br \/>\n        <\/strong><br \/>\n        4.4. 20:30\n    <\/p>\n<p>Topi Borgin suuri p\u00e4iv\u00e4 l\u00e4hestyy \u2013 Sointu-siskolta tunteellinen p\u00e4ivitys\n    <\/p>\n<p itemprop=\"description\" class=\"subtitle \">\n    Topi Borgin esikoiskirja julkaistaan pian.\n<\/p>\n<p>        <\/a><\/p>\n<p class=\"article-content article-content-width !bg-background\">El\u00e4m\u00e4kerrallisessa kirjassa Topi kertoo omasta n\u00e4k\u00f6kulmastaan muun muassa siit\u00e4, millaista on el\u00e4\u00e4 autistina kauniissa mutta ep\u00e4t\u00e4ydellisess\u00e4 maailmassa.\u00a0<\/p>\n<p>Ty\u00f6skentelee kaupassa<\/p>\n<p class=\"article-content article-content-width !bg-background\">P\u00e4iv\u00e4t\u00f6ikseen mies ty\u00f6skentelee p\u00e4ivitt\u00e4istavarakaupassa.\u00a0<\/p>\n<p class=\"article-content article-content-width !bg-background\">Kirjolla-sarjassa katsojat p\u00e4\u00e4siv\u00e4t n\u00e4kem\u00e4\u00e4n, kuinka Topi sai paikallisesta ruokakaupasta ty\u00f6paikan hyllytt\u00e4j\u00e4n\u00e4.<\/p>\n<p>        <a itemprop=\"url\" href=\"https:\/\/www.seiska.fi\/kotimaa\/nyt-juhlitaan-topi-ja-sointu-borg-ilakoivat-ravintolassa-kuva\/1830610\" rel=\"nofollow noopener\" target=\"_blank\"><\/p>\n<p>\nKuva!\n<\/p>\n<p class=\"section-date\">\n        <strong class=\"article-section\" data-section=\"kotimaa\"><br \/>\n            kotimaa<br \/>\n        <\/strong><br \/>\n        10.6. 08:27\n    <\/p>\n<p>Nyt juhlitaan! Topi ja Sointu Borg ilakoivat ravintolassa \u2013 kuva!\n    <\/p>\n<p itemprop=\"description\" class=\"subtitle \">\n    Topi Borg l\u00e4hti ansaitulle juhla-aterialle Sointu-siskonsa kanssa.\n<\/p>\n<p>        <\/a><\/p>\n<p class=\"article-content article-content-width !bg-background\">Marraskuun alussa <a href=\"https:\/\/yhteishyva.fi\/elama\/topi-borg-paasi-unelmatyohonsa-teki-myos-elamansa-\/38UwrU3e5t3lDK7Kyq6NnS\/a\" aria-label=\"Yhteishyv\u00e4n juttu Topi Borgista 4.11.25\" target=\"_blank\" rel=\"nofollow noopener\">Yhteishyv\u00e4<\/a> kertoi, ett\u00e4 Topi on saanut vakituisen ty\u00f6sopimuksen, ja p\u00e4\u00e4ssyt toteuttamaan unelmansa kassalla ty\u00f6skentelyst\u00e4.<\/p>\n<p class=\"article-content article-content-width !bg-background\">Kassaty\u00f6 on opettanut el\u00e4m\u00e4st\u00e4 &#8211; ja ihmisist\u00e4:<\/p>\n<p class=\"article-content article-content-width !bg-background\"> \u2013 Uutisia lukemalla voi tulla olo, ett\u00e4 maailma on julma paikka, ja ihmiset tekev\u00e4t ilkeit\u00e4 asioita, eik\u00e4 kehenk\u00e4\u00e4n kannata luottaa. T\u00e4ss\u00e4 ty\u00f6ss\u00e4 kuitenkin huomaa, ett\u00e4 vain muutama on sellainen ihminen. Valtaosa vain yritt\u00e4\u00e4 p\u00e4rj\u00e4t\u00e4 p\u00e4iv\u00e4st\u00e4 toiseen, Topi kertoi lehdelle.<\/p>\n<p><script async src=\"\/\/www.instagram.com\/embed.js\"><\/script><\/p>\n","protected":false},"excerpt":{"rendered":"20250210, Tampere. Topi Borg. Timo Korhonen Kirjolla -sarjasta tuttu Topi Borg kertoi todellisen ilouutisen Sointu-siskonsa somessa. Ylen Kirjolla&hellip;\n","protected":false},"author":2,"featured_media":91679,"comment_status":"","ping_status":"","sticky":false,"template":"","format":"standard","meta":{"footnotes":""},"categories":[136],"tags":[542,3260,407,137,18270,33,31,30,408,18271,2680,32,8272,109],"class_list":{"0":"post-91678","1":"post","2":"type-post","3":"status-publish","4":"format-standard","5":"has-post-thumbnail","7":"category-julkkikset","8":"tag-asuminen","9":"tag-asunto","10":"tag-celebrities","11":"tag-entertainment","12":"tag-esikoiskirja","13":"tag-fi","14":"tag-finland","15":"tag-finnish","16":"tag-julkkikset","17":"tag-kirjolla","18":"tag-sointu-borg","19":"tag-suomi","20":"tag-topi-borg","21":"tag-viihde"},"share_on_mastodon":{"url":"https:\/\/pubeurope.com\/@fi\/115560048467476686","error":""},"_links":{"self":[{"href":"https:\/\/www.europesays.com\/fi\/wp-json\/wp\/v2\/posts\/91678","targetHints":{"allow":["GET"]}}],"collection":[{"href":"https:\/\/www.europesays.com\/fi\/wp-json\/wp\/v2\/posts"}],"about":[{"href":"https:\/\/www.europesays.com\/fi\/wp-json\/wp\/v2\/types\/post"}],"author":[{"embeddable":true,"href":"https:\/\/www.europesays.com\/fi\/wp-json\/wp\/v2\/users\/2"}],"replies":[{"embeddable":true,"href":"https:\/\/www.europesays.com\/fi\/wp-json\/wp\/v2\/comments?post=91678"}],"version-history":[{"count":0,"href":"https:\/\/www.europesays.com\/fi\/wp-json\/wp\/v2\/posts\/91678\/revisions"}],"wp:featuredmedia":[{"embeddable":true,"href":"https:\/\/www.europesays.com\/fi\/wp-json\/wp\/v2\/media\/91679"}],"wp:attachment":[{"href":"https:\/\/www.europesays.com\/fi\/wp-json\/wp\/v2\/media?parent=91678"}],"wp:term":[{"taxonomy":"category","embeddable":true,"href":"https:\/\/www.europesays.com\/fi\/wp-json\/wp\/v2\/categories?post=91678"},{"taxonomy":"post_tag","embeddable":true,"href":"https:\/\/www.europesays.com\/fi\/wp-json\/wp\/v2\/tags?post=91678"}],"curies":[{"name":"wp","href":"https:\/\/api.w.org\/{rel}","templated":true}]}}