{"id":91711,"date":"2025-11-16T15:58:09","date_gmt":"2025-11-16T15:58:09","guid":{"rendered":"https:\/\/www.europesays.com\/fi\/91711\/"},"modified":"2025-11-16T15:58:09","modified_gmt":"2025-11-16T15:58:09","slug":"talous-jumahti-suomen-tarkeimmilla-vientimarkkinoilla","status":"publish","type":"post","link":"https:\/\/www.europesays.com\/fi\/91711\/","title":{"rendered":"Talous jumahti Suomen t\u00e4rkeimmill\u00e4 vientimarkkinoilla"},"content":{"rendered":"<p><strong class=\"typography-bold\">Kuluvana vuonna Saksan talous kasvaa vain noin 0,2 prosenttia. Ensi vuonna talousn\u00e4kym\u00e4t ovat jo paremmat, mutta taloutta vauhdittaa ennen kaikkea julkisten menojen kasvaminen.<\/strong><\/p>\n<p>Selke\u00e4\u00e4 kasvua, mutta mihin hintaan?<\/p>\n<p>Saksan johtavat talousinstituutit <a class=\"underline\" data-testid=\"external-link\" href=\"https:\/\/www.tagesschau.de\/wirtschaft\/konjunktur\/konjunkturprognosen-deutschland-100.html\" rel=\"noopener noreferrer nofollow\" target=\"_blank\" data-sentry-component=\"ExternalLink\" data-sentry-source-file=\"ExternalLink.tsx\">ennustavat<\/a> vuodelle 2026 per\u00e4ti 1,3 prosentin talouskasvua, mik\u00e4 on melkoinen parannus t\u00e4st\u00e4 vuodesta.\u00a0<\/p>\n<p>Kuluvana vuonna kasvu on nollan tuntumassa tai korkeintaan 0,2 prosentin luokkaa.<\/p>\n<p><img decoding=\"async\" fetchpriority=\"low\" loading=\"lazy\" alt=\"1111, saksan talous, kasvua luvassa\" class=\"block h-auto w-full\" src=\"https:\/\/www.europesays.com\/fi\/wp-content\/uploads\/2025\/11\/1111-saksan-talous-kasvua-luvassa.jpg\"\/>Vuosi 2025 on p\u00e4\u00e4ttym\u00e4ss\u00e4 vain hienoiselle plussalle, mutta seuraavina vuosina kasvu n\u00e4ytt\u00e4\u00e4 jo reippaammalta.MTV<\/p>\n<p>Saksalais-suomalaisen kauppakamarin toimitusjohtajan <strong class=\"typography-bold\">Jan Fellerin <\/strong>mukaan on selkeit\u00e4 merkkej\u00e4 siit\u00e4, ett\u00e4 Saksan talouskasvu on alkanut.\u00a0<\/p>\n<p>\u2013 T\u00e4m\u00e4 vuosi on ollut suvantovaihetta, mutta aikaiset indeksit kuten ostop\u00e4\u00e4llikk\u00f6indeksi ovat nyt korkeampia kuin ennen koronakriisi\u00e4, h\u00e4n sanoo.\u00a0<\/p>\n<p>Ostop\u00e4\u00e4llikk\u00f6indeksi mittaa n\u00e4kemyksi\u00e4 talouden tilasta eri yritysten ostop\u00e4\u00e4llik\u00f6ille teht\u00e4v\u00e4n kyselyn avulla.<\/p>\n<p>Samaa mielt\u00e4 on saksalaisessa ifo-taloustutkimusinstituutissa M\u00fcncheniss\u00e4 ty\u00f6skentelev\u00e4 <strong class=\"typography-bold\">Panu Poutvaara.<\/strong><\/p>\n<p>Tutkija kuitenkin muistuttaa, ett\u00e4 Saksan talouskasvusta suurin osa muodostuu lis\u00e4yksest\u00e4 julkisiin menoihin.<\/p>\n<p>\u2013 Kasvu on velkarahoitteista, eli se ei mielest\u00e4ni ole kest\u00e4v\u00e4ll\u00e4 pohjalla.<\/p>\n<p>Lokakuun alussa <a class=\"underline\" data-testid=\"external-link\" href=\"https:\/\/gemeinschaftsdiagnose.de\/wp-content\/uploads\/2025\/10\/IfW_Kiel_GD_2_2025_V46_WEB.pdf\" rel=\"noopener noreferrer nofollow\" target=\"_blank\" data-sentry-component=\"ExternalLink\" data-sentry-source-file=\"ExternalLink.tsx\">julkaistussa raportissa<\/a> eri Saksan talousinstituutit ifo mukaan lukien varoittavat, ett\u00e4 Saksan talouden perustavat rakenteelliset ongelmat ovat edelleen ratkaisematta.<\/p>\n<p><strong class=\"typography-bold\">Enn\u00e4tykselliset puolustusmenot kasvattavat taloutta<\/strong><\/p>\n<p>Rakenteellisia ongelmia yritet\u00e4\u00e4n ratkaista muun muassa pitk\u00e4n aikav\u00e4lin investoinneilla infrastruktuuriin, eli parantamalla teit\u00e4 ja junaratoja. Yhteens\u00e4 liittokansleri <strong class=\"typography-bold\">Friedrich Merzin <\/strong>hallitus on laittamassa noin 500 miljardia euroa infrastruktuuriprojekteihin.<\/p>\n<p>Lis\u00e4ksi Saksa on avannut rahahanat puolustushankinnoille. Puolustusmenoja varten Saksan liittop\u00e4iv\u00e4t p\u00e4\u00e4tti luopua maan lainanottoa s\u00e4\u00e4telev\u00e4st\u00e4 velkajarrusta.<\/p>\n<p>\u2013 Puolustusmenojen osalta vain taivas on oikeastaan rajana. T\u00e4ss\u00e4 tulee isoa kasvua, arvioi kauppakamarin Jan Feller.<\/p>\n<p>H\u00e4nen mukaansa infrastruktuurin ja puolustuksen rahoituspaketit yhteens\u00e4 kasvattavat noin 0,7 prosenttia Saksan bkt:ta vuonna 2026.<\/p>\n<p>Maan puolustusvoimia modernisoidaan nopeaa vauhtia. Lis\u00e4ksi Ukrainalle tehd\u00e4\u00e4n asehankintoja.<\/p>\n<p>Jo lokakuussa Saksan liittop\u00e4iv\u00e4t p\u00e4\u00e4tti heti valtion budjetin hyv\u00e4ksymisen j\u00e4lkeen <a class=\"underline\" data-testid=\"external-link\" href=\"https:\/\/www.handelsblatt.com\/politik\/deutschland\/verteidigung-bundesregierung-plant-offenbar-weitere-ruestungskaeufe\/100172712.html\" rel=\"noopener noreferrer nofollow\" target=\"_blank\" data-sentry-component=\"ExternalLink\" data-sentry-source-file=\"ExternalLink.tsx\">18 uudesta puolustusprojektista<\/a> yli 14 miljardin euron edest\u00e4. Vuoden loppuun menness\u00e4 liittop\u00e4ivien on tarkoitus hyv\u00e4ksy\u00e4 viel\u00e4 useampi suurtilaus.<\/p>\n<p><strong class=\"typography-bold\">Yksityiset investoinnit painuivat pohjalukemiin<\/strong><\/p>\n<p>J\u00e4tti-investoinnit pirist\u00e4v\u00e4t hetkellisesti talouden n\u00e4kymi\u00e4. Mutta bkt:n olisi seurattava kasvussa per\u00e4ss\u00e4, asiantuntijat varoittavat.<\/p>\n<p>Kuvaavin on mahdollisesti ifo-talousinstituutin grafiikka, jonka mukaan Saksan bkt on j\u00e4m\u00e4ht\u00e4nyt vuoden 2019 tasolle.<\/p>\n<p>Yksityiset investoinnit taas ovat lasketelleet takaisin kymmenen vuoden takaisiin lukemiin.<\/p>\n<p><img decoding=\"async\" fetchpriority=\"low\" loading=\"lazy\" alt=\"1111, Saksan talouden kehitys, graafi\" class=\"block h-auto w-full\" src=\"https:\/\/www.europesays.com\/fi\/wp-content\/uploads\/2025\/11\/1111-saksan-talouden-kehitys-graafi.jpg\"\/>Saksan johtava ifo-instituutti on laskenut, ett\u00e4 Saksan bkt on k\u00e4yt\u00e4nn\u00f6ss\u00e4 samalla tasolla kuin kuusi vuotta sitten.MTV<\/p>\n<p>\u2013Merz on itse nimennyt kuvan h\u00e4nen hallituksensa kohtalonk\u00e4yriksi, Jan Feller muistuttaa.<\/p>\n<p>Jos k\u00e4yr\u00e4t eiv\u00e4t l\u00e4henny toisiaan, sitten hallitus ei ole p\u00e4\u00e4ssyt tavoitteeseensa. Erityisesti investointik\u00e4yr\u00e4 pit\u00e4isi saada noususuhdanteiseksi.<\/p>\n<p><strong class=\"typography-bold\">Raskas teollisuus k\u00e4rsii Yhdysvaltojen asettamista tulleista<\/strong><\/p>\n<p>EU:n tulliriidat Yhdysvaltojen kanssa ovat rasittaneet Saksan vientivetoista taloutta. Perinteiset teollisuudenalat, kuten auto- ja ter\u00e4steollisuus, k\u00e4rvistelev\u00e4t keskell\u00e4 kriisi\u00e4.<\/p>\n<p>Liittokansleri Friedrich Merzin mukaan Yhdysvaltojen tullit sek\u00e4 toisaalta Aasiasta Eurooppaan tuleva halvempi ter\u00e4s tarkoittavat, ett\u00e4 ala tarvitsee erityist\u00e4 suojelua.<\/p>\n<p>\u2013 Saksan ja Euroopan ter\u00e4steollisuutta on suojeltava. Sit\u00e4 haastaa globaali talouspolitiikka, Merz sanoi lokakuussa j\u00e4rjest\u00e4m\u00e4ss\u00e4\u00e4n ter\u00e4steollisuuden toimijoiden kokouksessa.<\/p>\n<p>Ifo-laitoksen Poutvaaran mukaan Saksalla on kaksi keskeist\u00e4 teollisuuden alaa, jotka ovat t\u00e4ll\u00e4 hetkell\u00e4 suurissa vaikeuksissa: autoteollisuus ja kemianteollisuus.\u00a0<\/p>\n<p>\u2013 Saksa on valitettavasti j\u00e4\u00e4nyt j\u00e4lkeen s\u00e4hk\u00f6autoissa, kun sit\u00e4 verrataan etenkin kiinalaisiin valmistajiin. Kysymys on, pystyv\u00e4tk\u00f6 saksalaiset autovalmistajat korjaamaan t\u00e4m\u00e4n tilanteen, Poutvaara kuvailee.<\/p>\n<p>Toisaalta tullienkin osalta saattaa olla luvassa helpotusta. Tutkija kertoo, ett\u00e4 Saksassa seurataan tarkasti Yhdysvaltojen korkeimman oikeuden p\u00e4\u00e4t\u00f6st\u00e4 siit\u00e4, ovatko presidentti <strong class=\"typography-bold\">Donald Trumpin <\/strong>asettamat tullit lainvastaisia.<\/p>\n<p>\u2013 Saksan kaltaisille vientivetoisille maille Yhdysvaltojen lis\u00e4tullit ovat olleet huomattava rasite, Panu Poutvaara summaa.<\/p>\n<p>Vaikka yritysinvestoinnit yleisesti ottaen ovat Saksassa laskeneet, l\u00f6ytyy my\u00f6s vuodelle 2026 joitakin valonpilkahduksia.\u00a0<\/p>\n<p>Esimerkiksi ulkomaiset investoinnit puolijohdeteollisuuteen tarkoittavat Saksassa kymmeni\u00e4 tuhansia uusia ty\u00f6paikkoja.\u00a0<\/p>\n<p><strong class=\"typography-bold\">Ty\u00f6paikat kiinni raskaassa teollisuudessa<\/strong><\/p>\n<p>Yli 83,5 miljoonan asukkaan Saksassa noin kahdeksan miljoonaa ihmist\u00e4 on t\u00f6iss\u00e4 teollisessa tuotannossa.<\/p>\n<p>Teollisuuden ty\u00f6paikat v\u00e4henev\u00e4t kuitenkin silmiss\u00e4. <a class=\"underline\" data-testid=\"external-link\" href=\"https:\/\/www.spiegel.de\/wirtschaft\/unternehmen\/industrie-in-deutschland-paradebranchen-schrumpfen-und-streichen-stellen-a-afdac83c-58ef-4af7-8f98-23945432539e\" rel=\"noopener noreferrer nofollow\" target=\"_blank\" data-sentry-component=\"ExternalLink\" data-sentry-source-file=\"ExternalLink.tsx\">Spiegel-lehden mukaan<\/a> noin 10 000 ty\u00f6paikkaa katoaa t\u00e4ll\u00e4 hetkell\u00e4 per kuukausi niin metalli-, s\u00e4hk\u00f6, kuin ter\u00e4steollisuudesta.<\/p>\n<p>Elokuussa Saksan ty\u00f6voimatoimisto laski, ett\u00e4 teollisuuden piiriss\u00e4 oli h\u00e4vinnyt vuoden aikana 157 000 ty\u00f6paikkaa.<\/p>\n<p>Taustalla on v\u00e4hentynyt tuotanto, jota puolestaan sy\u00f6 pienempi kysynt\u00e4 maailmanmarkkinoilla. Ifo-instituutin mukaan teollisuuden ylituotanto on noin 22 prosenttia. Erityisen huonolta tilanne n\u00e4ytt\u00e4\u00e4 kemianteollisuudessa.<\/p>\n<p>Sen sijaan auto- ja l\u00e4\u00e4keteollisuudessa ty\u00f6llisyystilanne on s\u00e4ilynyt varsin vakaana.<\/p>\n<p>Saksan ylip\u00e4\u00e4t\u00e4\u00e4n matala ty\u00f6tt\u00f6myys tarkoittaa suomalaisyrityksille sit\u00e4, ett\u00e4 helpoiten suuriin julkisen sektorin investointeihin p\u00e4\u00e4see kiinni ryhtym\u00e4ll\u00e4 saksalaisen yrityksen alihankkijaksi, sanoo saksalais-suomalaisen kauppakamarin Jan Feller.<\/p>\n<p>H\u00e4nen mukaansa prosentin kasvu Saksan bkt:ssa merkitsee, ett\u00e4 Suomen vienti Saksaan kasvaa nelj\u00e4 prosenttia.\u00a0<\/p>\n<p>\u2013 Myyntiponnistelujen kanssa ei kannata odottaa siihen asti, ett\u00e4 talous on jo kasvusuuntainen. Nyt on aika rakentaa suhteita saksalaisiin yrityksiin ja rekister\u00f6ity\u00e4 alihankkijaksi paikallisiin tietokantoihin, Feller summaa.<\/p>\n","protected":false},"excerpt":{"rendered":"Kuluvana vuonna Saksan talous kasvaa vain noin 0,2 prosenttia. Ensi vuonna talousn\u00e4kym\u00e4t ovat jo paremmat, mutta taloutta vauhdittaa&hellip;\n","protected":false},"author":2,"featured_media":91712,"comment_status":"","ping_status":"","sticky":false,"template":"","format":"standard","meta":{"footnotes":""},"categories":[5],"tags":[22,23,26,27,33,31,30,17,24,25,28,29,15,18,21,32,19,20,16],"class_list":{"0":"post-91711","1":"post","2":"type-post","3":"status-publish","4":"format-standard","5":"has-post-thumbnail","7":"category-otsikot","8":"tag-breaking-news","9":"tag-breakingnews","10":"tag-featured-news","11":"tag-featurednews","12":"tag-fi","13":"tag-finland","14":"tag-finnish","15":"tag-headlines","16":"tag-latest-news","17":"tag-latestnews","18":"tag-main-news","19":"tag-mainnews","20":"tag-news","21":"tag-otsikot","22":"tag-paauutiset","23":"tag-suomi","24":"tag-top-stories","25":"tag-topstories","26":"tag-uutiset"},"share_on_mastodon":{"url":"https:\/\/pubeurope.com\/@fi\/115560205906430537","error":""},"_links":{"self":[{"href":"https:\/\/www.europesays.com\/fi\/wp-json\/wp\/v2\/posts\/91711","targetHints":{"allow":["GET"]}}],"collection":[{"href":"https:\/\/www.europesays.com\/fi\/wp-json\/wp\/v2\/posts"}],"about":[{"href":"https:\/\/www.europesays.com\/fi\/wp-json\/wp\/v2\/types\/post"}],"author":[{"embeddable":true,"href":"https:\/\/www.europesays.com\/fi\/wp-json\/wp\/v2\/users\/2"}],"replies":[{"embeddable":true,"href":"https:\/\/www.europesays.com\/fi\/wp-json\/wp\/v2\/comments?post=91711"}],"version-history":[{"count":0,"href":"https:\/\/www.europesays.com\/fi\/wp-json\/wp\/v2\/posts\/91711\/revisions"}],"wp:featuredmedia":[{"embeddable":true,"href":"https:\/\/www.europesays.com\/fi\/wp-json\/wp\/v2\/media\/91712"}],"wp:attachment":[{"href":"https:\/\/www.europesays.com\/fi\/wp-json\/wp\/v2\/media?parent=91711"}],"wp:term":[{"taxonomy":"category","embeddable":true,"href":"https:\/\/www.europesays.com\/fi\/wp-json\/wp\/v2\/categories?post=91711"},{"taxonomy":"post_tag","embeddable":true,"href":"https:\/\/www.europesays.com\/fi\/wp-json\/wp\/v2\/tags?post=91711"}],"curies":[{"name":"wp","href":"https:\/\/api.w.org\/{rel}","templated":true}]}}