{"id":91713,"date":"2025-11-16T16:10:08","date_gmt":"2025-11-16T16:10:08","guid":{"rendered":"https:\/\/www.europesays.com\/fi\/91713\/"},"modified":"2025-11-16T16:10:08","modified_gmt":"2025-11-16T16:10:08","slug":"vappu-pimia-vetaytyi-aikuisten-viikonlopulle-sitten-iski-outo-tunne","status":"publish","type":"post","link":"https:\/\/www.europesays.com\/fi\/91713\/","title":{"rendered":"Vappu Pimi\u00e4 vet\u00e4ytyi aikuisten viikonlopulle &#8211; sitten iski outo tunne"},"content":{"rendered":"<p>Vappu Pimi\u00e4 on vet\u00e4ytynyt m\u00f6kille viikonlopuksi miehens\u00e4 Teemun kanssa.<\/p>\n<p>Vappu julkaisee usein somemateriaalia kiusoitellen Teemua. H\u00e4n kutsuu t\u00e4t\u00e4 Erkki Metsolaksi tutun takavuosien tv-sarjan mukaan.<\/p>\n<p>Lue my\u00f6s: <a href=\"https:\/\/www.como.fi\/uutiset\/il-vappu-pimia-kimpaantui-siivella-elamisvaitteista-piti-myos-juhlissa-saarnan-sugardaddysta-kertoneelle-nuorelle-naiselle\/\" title=\"IL: Vappu Pimi\u00e4 kimpaantui siivell\u00e4el\u00e4misv\u00e4itteist\u00e4 \u2013 piti my\u00f6s juhlissa saarnan sugardaddyst\u00e4 kertoneelle nuorelle naiselle\" class=\"underline-custom !font-montserrat !font-bold !underline-offset-4 !decoration-4 !decoration-red-600 !text-md\" rel=\"nofollow noopener\" target=\"_blank\">IL: Vappu Pimi\u00e4 kimpaantui siivell\u00e4el\u00e4misv\u00e4itteist\u00e4 \u2013 piti my\u00f6s juhlissa saarnan sugardaddyst\u00e4 kertoneelle nuorelle naiselle<\/a><\/p>\n<p>V\u00e4lill\u00e4 videoista ja kuvista n\u00e4kyy, ett\u00e4 Vapun huomioiminen ei oikein innosta Teemua, t\u00e4m\u00e4 seisoo kivikasvoisena ja j\u00e4hmein tunneliikkein taustalla.<\/p>\n<p>Sitten Vappu nuolee Teemun naaman pusuista m\u00e4r\u00e4ksi \u2013 noin niin kuin kuvainnollisesti \u2013 ja Teemultakin p\u00e4\u00e4see Vapun hersyv\u00e4n persoonan vuoksi hymynkare.<\/p>\n<p>Kaksikko on ollut naimisissa jo 12 vuotta. Pariskunnan dynamiikka tuntuu somen perusteella toimivan paremmin kuin hyvin.<\/p>\n<p>Kahden kesken m\u00f6ks\u00e4ll\u00e4<\/p>\n<p>Nyt pari on siis ollut m\u00f6kkeilem\u00e4ss\u00e4.<\/p>\n<p>Tilanteessa on poikkeuksellista se, ett\u00e4 he ovat kahden. Parilla on 9- ja 12-vuotiaat tytt\u00e4ret.<\/p>\n<p>\u2013 Lapset viett\u00e4\u00e4 viikonlopun sukuloiden, joten ollaan Erkin kanssa oltu m\u00f6kill\u00e4 ihan kahdestaan. Vitsit miten tuntuu, ett\u00e4 p\u00e4iv\u00e4t menee paljon hitaammin ilman lapsia! Vappu p\u00e4hk\u00e4ilee somessa.<\/p>\n<p>Kivaa kaksikolla on silti, mutta erityiselt\u00e4 tuntuu.<\/p>\n<p>Lue my\u00f6s: <a href=\"https:\/\/www.como.fi\/uutiset\/harvinaiset-kuvat-vappu-pimian-aiti-ja-isa-juhlivat-50-vuotishaapaivaa\/\" title=\"Harvinaiset kuvat: Vappu Pimi\u00e4n \u00e4iti ja is\u00e4 juhlivat 50-vuotish\u00e4\u00e4p\u00e4iv\u00e4\u00e4\" class=\"underline-custom !font-montserrat !font-bold !underline-offset-4 !decoration-4 !decoration-red-600 !text-md\" rel=\"nofollow noopener\" target=\"_blank\">Harvinaiset kuvat: Vappu Pimi\u00e4n \u00e4iti ja is\u00e4 juhlivat 50-vuotish\u00e4\u00e4p\u00e4iv\u00e4\u00e4<\/a><\/p>\n<p>\u2013 Vaikka meill\u00e4 kivaa kahdestaan onkin, mutta kyll\u00e4 sit\u00e4 jotenkin tuntuu olo orvolta, kun kukaan ei nahistele tai joku ei koko ajan ole pyyt\u00e4m\u00e4ss\u00e4 jotakin\u2026<\/p>\n<p>Vappu huokaisee, ett\u00e4 onneksi saman talouden mahdollistavaa vanhemmuutta on viel\u00e4 j\u00e4ljell\u00e4<\/p>\n<p>\u2013 Onneksi t\u00e4h\u00e4n ei tarvitse ihan viel\u00e4 tottua ja t\u00e4m\u00e4 itsen\u00e4istyminen tapahtuu asteittain.<\/p>\n<p>Lue my\u00f6s: <a href=\"https:\/\/www.como.fi\/tilaa-comon-uutiskirje\/\" title=\"Tilaa Comon uutiskirje ja tied\u00e4t mist\u00e4 kahvitauolla puhutaan! Nappaa kotimaan tv-vinkit ja puheenaiheet suoraan s\u00e4hk\u00f6postiin t\u00e4st\u00e4.\" class=\"underline-custom !font-montserrat !font-bold !underline-offset-4 !decoration-4 !decoration-red-600 !text-md\" rel=\"nofollow noopener\" target=\"_blank\">Tilaa Comon uutiskirje ja tied\u00e4t mist\u00e4 kahvitauolla puhutaan! Nappaa kotimaan tv-vinkit ja puheenaiheet suoraan s\u00e4hk\u00f6postiin t\u00e4st\u00e4.<\/a><\/p>\n","protected":false},"excerpt":{"rendered":"Vappu Pimi\u00e4 on vet\u00e4ytynyt m\u00f6kille viikonlopuksi miehens\u00e4 Teemun kanssa. Vappu julkaisee usein somemateriaalia kiusoitellen Teemua. H\u00e4n kutsuu t\u00e4t\u00e4&hellip;\n","protected":false},"author":2,"featured_media":66718,"comment_status":"","ping_status":"","sticky":false,"template":"","format":"standard","meta":{"footnotes":""},"categories":[136],"tags":[407,137,33,31,30,408,32,7258,109],"class_list":{"0":"post-91713","1":"post","2":"type-post","3":"status-publish","4":"format-standard","5":"has-post-thumbnail","7":"category-julkkikset","8":"tag-celebrities","9":"tag-entertainment","10":"tag-fi","11":"tag-finland","12":"tag-finnish","13":"tag-julkkikset","14":"tag-suomi","15":"tag-vappu-pimiu00e4","16":"tag-viihde"},"share_on_mastodon":{"url":"https:\/\/pubeurope.com\/@fi\/115560252929682770","error":""},"_links":{"self":[{"href":"https:\/\/www.europesays.com\/fi\/wp-json\/wp\/v2\/posts\/91713","targetHints":{"allow":["GET"]}}],"collection":[{"href":"https:\/\/www.europesays.com\/fi\/wp-json\/wp\/v2\/posts"}],"about":[{"href":"https:\/\/www.europesays.com\/fi\/wp-json\/wp\/v2\/types\/post"}],"author":[{"embeddable":true,"href":"https:\/\/www.europesays.com\/fi\/wp-json\/wp\/v2\/users\/2"}],"replies":[{"embeddable":true,"href":"https:\/\/www.europesays.com\/fi\/wp-json\/wp\/v2\/comments?post=91713"}],"version-history":[{"count":0,"href":"https:\/\/www.europesays.com\/fi\/wp-json\/wp\/v2\/posts\/91713\/revisions"}],"wp:featuredmedia":[{"embeddable":true,"href":"https:\/\/www.europesays.com\/fi\/wp-json\/wp\/v2\/media\/66718"}],"wp:attachment":[{"href":"https:\/\/www.europesays.com\/fi\/wp-json\/wp\/v2\/media?parent=91713"}],"wp:term":[{"taxonomy":"category","embeddable":true,"href":"https:\/\/www.europesays.com\/fi\/wp-json\/wp\/v2\/categories?post=91713"},{"taxonomy":"post_tag","embeddable":true,"href":"https:\/\/www.europesays.com\/fi\/wp-json\/wp\/v2\/tags?post=91713"}],"curies":[{"name":"wp","href":"https:\/\/api.w.org\/{rel}","templated":true}]}}