{"id":91720,"date":"2025-11-16T16:21:32","date_gmt":"2025-11-16T16:21:32","guid":{"rendered":"https:\/\/www.europesays.com\/fi\/91720\/"},"modified":"2025-11-16T16:21:32","modified_gmt":"2025-11-16T16:21:32","slug":"selvitimme-sotkamon-viranhaltijoiden-tulot-vuodelta-2024","status":"publish","type":"post","link":"https:\/\/www.europesays.com\/fi\/91720\/","title":{"rendered":"Selvitimme Sotkamon viranhaltijoiden tulot vuodelta 2024"},"content":{"rendered":"<p>                                  Paikallisuutiset<\/p>\n<p>                <img loading=\"lazy\" decoding=\"async\" itemprop=\"contentUrl\" class=\"figure-img img-fluid\"  src=\"https:\/\/www.europesays.com\/fi\/wp-content\/uploads\/2025\/11\/1763310091_901_imengine.public.prod.hil.infomaker.io\" width=\"4000\" height=\"2250\"  alt=\"\"\/><\/p>\n<p>                                    Sotkamon kunnanjohtaja Mika Kilpel\u00e4isen verotettavat tulot olivat Kainuun kunnanjohtajista suurimmat vuonna 2024.<br \/>\n                                                    Kuva:<br \/>\n                    Marjukka V\u00e4is\u00e4nen<\/p>\n<p>      MAINOS &#8211; juttu jatkuu mainoksen j\u00e4lkeen<\/p>\n<p>      MAINOS &#8211; mainos p\u00e4\u00e4ttyy<\/p>\n<p class=\"ew-body\">Keskiviikkona 12. marraskuuta julkaistiin vuoden 2024 tuloverotuksen julkiset tiedot. Selvitimme verottajalta, kuinka paljon Sotkamon viranhaltijat ansaitsivat. Avoimuuden vuoksi julkaisemme my\u00f6s Sotkamo-lehden p\u00e4\u00e4toimittaja Hanna Turusen verotiedot.<\/p>\n<p class=\"ew-body\">Kaikkea henkil\u00f6n tuloista julkiset verotiedot eiv\u00e4<\/p>\n<p>  <a class=\"btn btn-secondary btn-icon-left\" href=\"#coral_thread\"><br \/>\n    <img decoding=\"async\" src=\"https:\/\/www.sotkamolehti.fi\/wp-content\/themes\/hilla-theme\/assets\/img\/icon_comments.svg\" alt=\"\"\/><br \/>\n    Kommentoi<br \/>\n  <\/a><\/p>\n<p>  <a class=\"btn btn-secondary btn-icon-left mailto_web\" href=\"mailto:toimitus@sotkamolehti.fi?subject=Ilmoita%20asiavirheest%C3%A4&amp;body=Otsikko%3A%20Selvitimme%20Sotkamon%20viranhaltijoiden%20tulot%20vuodelta%202024%0AUuid%3A%20e3b315a3-9253-4299-b4c2-afa5ef11ca09%0AUrl%3A%20https%3A%2F%2Fwww.sotkamolehti.fi%2Fartikkeli%2Fselvitimme-sotkamon-viranhaltijoiden-tulot-vuodelta-2024\"><br \/>\n    <img decoding=\"async\" src=\"https:\/\/www.sotkamolehti.fi\/wp-content\/themes\/hilla-theme\/assets\/img\/icon_feedback.svg\" alt=\"\"\/><br \/>\n    Ilmoita asiavirheest\u00e4<br \/>\n  <\/a><\/p>\n","protected":false},"excerpt":{"rendered":"Paikallisuutiset Sotkamon kunnanjohtaja Mika Kilpel\u00e4isen verotettavat tulot olivat Kainuun kunnanjohtajista suurimmat vuonna 2024. Kuva: Marjukka V\u00e4is\u00e4nen MAINOS &#8211;&hellip;\n","protected":false},"author":2,"featured_media":91721,"comment_status":"","ping_status":"","sticky":false,"template":"","format":"standard","meta":{"footnotes":""},"categories":[76],"tags":[79,77,33,31,30,32,78],"class_list":{"0":"post-91720","1":"post","2":"type-post","3":"status-publish","4":"format-standard","5":"has-post-thumbnail","7":"category-talous","8":"tag-business","9":"tag-economy","10":"tag-fi","11":"tag-finland","12":"tag-finnish","13":"tag-suomi","14":"tag-talous"},"share_on_mastodon":{"url":"https:\/\/pubeurope.com\/@fi\/115560296483245704","error":""},"_links":{"self":[{"href":"https:\/\/www.europesays.com\/fi\/wp-json\/wp\/v2\/posts\/91720","targetHints":{"allow":["GET"]}}],"collection":[{"href":"https:\/\/www.europesays.com\/fi\/wp-json\/wp\/v2\/posts"}],"about":[{"href":"https:\/\/www.europesays.com\/fi\/wp-json\/wp\/v2\/types\/post"}],"author":[{"embeddable":true,"href":"https:\/\/www.europesays.com\/fi\/wp-json\/wp\/v2\/users\/2"}],"replies":[{"embeddable":true,"href":"https:\/\/www.europesays.com\/fi\/wp-json\/wp\/v2\/comments?post=91720"}],"version-history":[{"count":0,"href":"https:\/\/www.europesays.com\/fi\/wp-json\/wp\/v2\/posts\/91720\/revisions"}],"wp:featuredmedia":[{"embeddable":true,"href":"https:\/\/www.europesays.com\/fi\/wp-json\/wp\/v2\/media\/91721"}],"wp:attachment":[{"href":"https:\/\/www.europesays.com\/fi\/wp-json\/wp\/v2\/media?parent=91720"}],"wp:term":[{"taxonomy":"category","embeddable":true,"href":"https:\/\/www.europesays.com\/fi\/wp-json\/wp\/v2\/categories?post=91720"},{"taxonomy":"post_tag","embeddable":true,"href":"https:\/\/www.europesays.com\/fi\/wp-json\/wp\/v2\/tags?post=91720"}],"curies":[{"name":"wp","href":"https:\/\/api.w.org\/{rel}","templated":true}]}}