{"id":91724,"date":"2025-11-16T16:23:09","date_gmt":"2025-11-16T16:23:09","guid":{"rendered":"https:\/\/www.europesays.com\/fi\/91724\/"},"modified":"2025-11-16T16:23:09","modified_gmt":"2025-11-16T16:23:09","slug":"oulun-tyovaen-nayttamon-esitys-jouduttiin-keskeyttamaan-syyna-huonosti-kayttaytyneet-aikuiset-pohjois-pohjanmaa","status":"publish","type":"post","link":"https:\/\/www.europesays.com\/fi\/91724\/","title":{"rendered":"Oulun Ty\u00f6v\u00e4en n\u00e4ytt\u00e4m\u00f6n esitys jouduttiin keskeytt\u00e4m\u00e4\u00e4n \u2013 syyn\u00e4 huonosti k\u00e4ytt\u00e4ytyneet aikuiset | Pohjois-Pohjanmaa"},"content":{"rendered":"<p class=\"aw-1gybjub aw-5vja16 kEtdKx kmuxyA yle__article__paragraph\">Esitysten keskeytt\u00e4minen on harvinaista, kertoo Oulun Ty\u00f6v\u00e4en n\u00e4ytt\u00e4m\u00f6n puheenjohtaja Riitta Rusila.<\/p>\n<p><img decoding=\"async\" alt=\"Tyhj\u00e4t kuohuviinipullot odottivat ottajaansa Musiikkitalon edess\u00e4 Helsingiss\u00e4 marraskuussa 2020.\" src=\"https:\/\/www.europesays.com\/fi\/wp-content\/uploads\/2025\/11\/39-7445815fb7c1186cdd1.jpeg\" class=\"aw-1l9m598 hKVVvP\"\/><\/p>\n<p>Avaa kuvien katselu<\/p>\n<p>H\u00e4irik\u00f6iv\u00e4 seurue oli salakuljettanut omat juomat esitykseen. Arkistokuva. Kuva: Silja Viitala \/ Yle                                                                                                             <\/p>\n<p>16:42\u2022P\u00e4ivitetty 17:43<\/p>\n<p class=\"aw-1gybjub aw-1p7kakr kEtdKx cEmitX yle__article__paragraph\">Oulun Ty\u00f6v\u00e4en n\u00e4ytt\u00e4m\u00f6n esitys keskeytettiin perjantaina, kun pikkujoulutunnelmissa ollut ryhm\u00e4 h\u00e4iritsi tekij\u00f6it\u00e4 ja muuta yleis\u00f6\u00e4.<\/p>\n<p class=\"aw-1gybjub aw-1p7kakr kEtdKx cEmitX yle__article__paragraph\">\u2013 Siell\u00e4 k\u00e4ytettiin puhelimia ja juteltiin n\u00e4yt\u00f6ksen aikana. Lis\u00e4ksi he olivat jotenkin saaneet tuotua omat alkoholijuomat esitykseen, kertoo Oulun Ty\u00f6v\u00e4en n\u00e4ytt\u00e4m\u00f6n puheenjohtaja <strong class=\"aw-ak79eh KyCXm yle__article__strong\">Riitta Rusila<\/strong>.<\/p>\n<p class=\"aw-1gybjub aw-1p7kakr kEtdKx cEmitX yle__article__paragraph\">Oulun Ty\u00f6v\u00e4en n\u00e4ytt\u00e4m\u00f6ll\u00e4 ei ole anniskeluoikeuksia, eiv\u00e4tk\u00e4 omat juomat ole sallittuja.<\/p>\n<p class=\"aw-1gybjub aw-1p7kakr kEtdKx cEmitX yle__article__paragraph\">N\u00e4yttelij\u00e4 oli lopulta keskeytt\u00e4nyt esityksen ja tuijottanut h\u00e4iri\u00f6t\u00e4 aiheuttanutta ryhm\u00e4\u00e4 lavalta, jolloin porukka oli hiljentynyt.<\/p>\n<p class=\"aw-1gybjub aw-1p7kakr kEtdKx cEmitX yle__article__paragraph\">V\u00e4liajalla h\u00e4iritsij\u00f6it\u00e4 k\u00e4ytiin viel\u00e4 huomauttamassa huonosta k\u00e4yt\u00f6ksest\u00e4. T\u00e4st\u00e4 huolimatta h\u00e4iritsev\u00e4 k\u00e4yt\u00f6s jatkui viel\u00e4 esityksen toisella puolikkaalla.<\/p>\n<p class=\"aw-1gybjub aw-1p7kakr kEtdKx cEmitX yle__article__paragraph\">H\u00e4iri\u00f6t loppuivat, kun porukka uhattiin poistaa esityksest\u00e4.<\/p>\n<p class=\"aw-1gybjub aw-1p7kakr kEtdKx cEmitX yle__article__paragraph\">\u2013 Harmittaa ja surettaa. On harvinaista, ett\u00e4 esitys joudutaan keskeytt\u00e4m\u00e4\u00e4n, Rusila sanoo.<\/p>\n<p class=\"aw-1gybjub aw-1p7kakr kEtdKx cEmitX yle__article__paragraph\">Oulun Ty\u00f6v\u00e4en teatteri pahoittelee tapausta <a class=\"aw-iao6s4 iHOxEa yle__article__link\" href=\"https:\/\/www.facebook.com\/photo?fbid=1483833469809395&amp;set=a.562325768626841\" role=\"link\" rel=\"nofollow noopener\" target=\"_blank\">Facebookissa<\/a> ja muistuttaa, ettei esityst\u00e4 saa kuvata tai muulla tavoin tallentaa.<\/p>\n<p class=\"aw-1gybjub aw-1p7kakr kEtdKx cEmitX yle__article__paragraph\">\u2013 Olemme saaneet runsaasti palautetta tapahtumien johdosta ja pyrimme parantamaan palveluamme ja keinovalikoimaa puuttua asiattomaan k\u00e4yt\u00f6kseen n\u00e4yt\u00f6sten yhteydess\u00e4, p\u00e4ivityksess\u00e4 sanotaan.<\/p>\n<p class=\"aw-1gybjub aw-1p7kakr kEtdKx cEmitX yle__article__paragraph\">Nuorten huono k\u00e4yt\u00f6s kulttuuritapahtumissa on ollut esill\u00e4 mediassa viime aikoina. <a class=\"aw-iao6s4 iHOxEa yle__article__link\" href=\"https:\/\/www.hs.fi\/kulttuuri\/art-2000011607654.html\" role=\"link\" rel=\"nofollow noopener\" target=\"_blank\">Helsingin Sanomat uutisoi <\/a>marraskuun alussa, ett\u00e4 kahdeksasluokkalaisten h\u00e4iri\u00f6k\u00e4ytt\u00e4ytyminen pilasi esityksen Kansallisbaletissa. Oulussa h\u00e4irik\u00f6ij\u00e4t olivat kuitenkin aikuisia.<\/p>\n<p class=\"aw-1gybjub aw-1p7kakr kEtdKx cEmitX yle__article__paragraph\">Oulun poliisin <a class=\"aw-iao6s4 iHOxEa yle__article__link\" href=\"https:\/\/yle.fi\/a\/74-20194373\" role=\"link\" rel=\"nofollow noopener\" target=\"_blank\">tiedotti aiemmin sunnuntaina<\/a>, ett\u00e4 se joutui puuttumaan useisiin h\u00e4iri\u00f6ihin viikonlopun aikana. Syyn\u00e4 lis\u00e4\u00e4ntyneisiin h\u00e4iri\u00f6ihin on alkanut pikkujoulukausi.<\/p>\n","protected":false},"excerpt":{"rendered":"Esitysten keskeytt\u00e4minen on harvinaista, kertoo Oulun Ty\u00f6v\u00e4en n\u00e4ytt\u00e4m\u00f6n puheenjohtaja Riitta Rusila. Avaa kuvien katselu H\u00e4irik\u00f6iv\u00e4 seurue oli salakuljettanut&hellip;\n","protected":false},"author":2,"featured_media":91725,"comment_status":"","ping_status":"","sticky":false,"template":"","format":"standard","meta":{"footnotes":""},"categories":[12],"tags":[22,23,26,27,33,31,30,17,108,24,25,28,29,8971,15,18,952,18285,21,728,32,484,3336,19,20,16],"class_list":{"0":"post-91724","1":"post","2":"type-post","3":"status-publish","4":"format-standard","5":"has-post-thumbnail","7":"category-suomi","8":"tag-breaking-news","9":"tag-breakingnews","10":"tag-featured-news","11":"tag-featurednews","12":"tag-fi","13":"tag-finland","14":"tag-finnish","15":"tag-headlines","16":"tag-kulttuuri","17":"tag-latest-news","18":"tag-latestnews","19":"tag-main-news","20":"tag-mainnews","21":"tag-naytelmat","22":"tag-news","23":"tag-otsikot","24":"tag-oulu","25":"tag-oulun-tyovaen-nayttamo","26":"tag-paauutiset","27":"tag-pohjois-pohjanmaa","28":"tag-suomi","29":"tag-taiteellinen-ilmaisu-ja-mediat","30":"tag-teatteri","31":"tag-top-stories","32":"tag-topstories","33":"tag-uutiset"},"share_on_mastodon":{"url":"https:\/\/pubeurope.com\/@fi\/115560304203778173","error":""},"_links":{"self":[{"href":"https:\/\/www.europesays.com\/fi\/wp-json\/wp\/v2\/posts\/91724","targetHints":{"allow":["GET"]}}],"collection":[{"href":"https:\/\/www.europesays.com\/fi\/wp-json\/wp\/v2\/posts"}],"about":[{"href":"https:\/\/www.europesays.com\/fi\/wp-json\/wp\/v2\/types\/post"}],"author":[{"embeddable":true,"href":"https:\/\/www.europesays.com\/fi\/wp-json\/wp\/v2\/users\/2"}],"replies":[{"embeddable":true,"href":"https:\/\/www.europesays.com\/fi\/wp-json\/wp\/v2\/comments?post=91724"}],"version-history":[{"count":0,"href":"https:\/\/www.europesays.com\/fi\/wp-json\/wp\/v2\/posts\/91724\/revisions"}],"wp:featuredmedia":[{"embeddable":true,"href":"https:\/\/www.europesays.com\/fi\/wp-json\/wp\/v2\/media\/91725"}],"wp:attachment":[{"href":"https:\/\/www.europesays.com\/fi\/wp-json\/wp\/v2\/media?parent=91724"}],"wp:term":[{"taxonomy":"category","embeddable":true,"href":"https:\/\/www.europesays.com\/fi\/wp-json\/wp\/v2\/categories?post=91724"},{"taxonomy":"post_tag","embeddable":true,"href":"https:\/\/www.europesays.com\/fi\/wp-json\/wp\/v2\/tags?post=91724"}],"curies":[{"name":"wp","href":"https:\/\/api.w.org\/{rel}","templated":true}]}}