{"id":91726,"date":"2025-11-16T16:24:07","date_gmt":"2025-11-16T16:24:07","guid":{"rendered":"https:\/\/www.europesays.com\/fi\/91726\/"},"modified":"2025-11-16T16:24:07","modified_gmt":"2025-11-16T16:24:07","slug":"jauhelihaan-hurja-uudistus-nyt-kajahti-lukemat-ruotsista-iltalehti","status":"publish","type":"post","link":"https:\/\/www.europesays.com\/fi\/91726\/","title":{"rendered":"Jauhelihaan hurja uudistus \u2013 Nyt kajahti lukemat Ruotsista &#8211; Iltalehti"},"content":{"rendered":"<ol>\n<li><a href=\"https:\/\/news.google.com\/rss\/articles\/CBMie0FVX3lxTE5rY3E5Q204YzhSZWdZWlQ0SkVQQzdNcmRNOW1DVHRVQUIyQWlRaTNkd3ByckxIUzFKc1oxd2ZlZllVdFA0bU1tUFBZbERxQUZNYjU4ck1qRDg3eWdtU2VmempRRDdhM250RGUwMWdFMGlWQ0VCU3pJb0dfNA?oc=5\" target=\"_blank\" rel=\"nofollow noopener\">Jauhelihaan hurja uudistus \u2013 Nyt kajahti lukemat Ruotsista<\/a>&nbsp;&nbsp;Iltalehti<\/li>\n<li><a href=\"https:\/\/news.google.com\/rss\/articles\/CBMib0FVX3lxTFBSeUxuZUJWclRsSVhRd1BxZk43WDZKdlBqYmlvNEQtaHBpVEZDa00xcktaeVF5cFlKUmhSc01BYjUxV3otRklKeEVPdmJMNC1rZ3NVb1hhcjBRVk9PcllNWGRPVjQ1aEhBOENjeXI0bw?oc=5\" target=\"_blank\" rel=\"nofollow noopener\">Jauhelihaan hurja muutos<\/a>&nbsp;&nbsp;Ilta-Sanomat<\/li>\n<li><a href=\"https:\/\/news.google.com\/rss\/articles\/CBMiV0FVX3lxTFBPMzJQbmNkejlhcElsbFBRWEF3OFpGQUl4eXJXSFczUHNHSzhyUEoyUGlmUlUxenpQcWg2RDlOcV9wLS03N0p3WlhEUjVqaXRvdGNzZ0FHcw?oc=5\" target=\"_blank\" rel=\"nofollow noopener\">Snellman alkaa laittaa jauhelihaan hernett\u00e4<\/a>&nbsp;&nbsp;Keskisuomalainen<\/li>\n<li><a href=\"https:\/\/news.google.com\/rss\/articles\/CBMijwFBVV95cUxQbEZMSkVsMW8yU3g3VXlXaGpwUFVydTgxWm80VHQ3UDgyNmc0MWkwSUszbjUyRzRWQk95UTdPeTdtck40d1I2TmdWb1E3Z1JoR0ppaDZldHhwSmNRQzNnUXpkMk1jOWNBRWdNVWJYYlFYWjJTM2JPZ0piWVVIeUs0UGRSb0VrMy1qbjVMMTZXYw?oc=5\" target=\"_blank\" rel=\"nofollow noopener\">Ennenn\u00e4kem\u00e4t\u00f6n jauheliha kauppoihin<\/a>&nbsp;&nbsp;mtvuutiset.fi<\/li>\n<li><a href=\"https:\/\/news.google.com\/rss\/articles\/CBMiXEFVX3lxTE13ZUJWQVVYcVVFRlpCQ0ZnNS1lYkhsa0Q4X19MbmtFdG1hRXJKRGYzUnpXXzBRd3lDSmpPUlF4V1NTczI2TS1ldDNhbHowVkM3NE9YVklLY3BibWN4?oc=5\" target=\"_blank\" rel=\"nofollow noopener\">Suomeen tulee t\u00e4ysin uudenlainen jauheliha<\/a>&nbsp;&nbsp;Helsingin Uutiset<\/li>\n<\/ol>\n","protected":false},"excerpt":{"rendered":"Jauhelihaan hurja uudistus \u2013 Nyt kajahti lukemat Ruotsista&nbsp;&nbsp;Iltalehti Jauhelihaan hurja muutos&nbsp;&nbsp;Ilta-Sanomat Snellman alkaa laittaa jauhelihaan hernett\u00e4&nbsp;&nbsp;Keskisuomalainen Ennenn\u00e4kem\u00e4t\u00f6n jauheliha&hellip;\n","protected":false},"author":2,"featured_media":91727,"comment_status":"","ping_status":"","sticky":false,"template":"","format":"standard","meta":{"footnotes":""},"categories":[5],"tags":[35,22,23,26,27,33,31,30,17,2870,24,25,28,29,2349,3003,15,18,21,900,2331,32,19,20,16],"class_list":{"0":"post-91726","1":"post","2":"type-post","3":"status-publish","4":"format-standard","5":"has-post-thumbnail","7":"category-otsikot","8":"tag-24h","9":"tag-breaking-news","10":"tag-breakingnews","11":"tag-featured-news","12":"tag-featurednews","13":"tag-fi","14":"tag-finland","15":"tag-finnish","16":"tag-headlines","17":"tag-kaupankaynti","18":"tag-latest-news","19":"tag-latestnews","20":"tag-main-news","21":"tag-mainnews","22":"tag-myynti","23":"tag-myyntireskontra","24":"tag-news","25":"tag-otsikot","26":"tag-paauutiset","27":"tag-ruoka","28":"tag-ruoka-ja-juoma","29":"tag-suomi","30":"tag-top-stories","31":"tag-topstories","32":"tag-uutiset"},"share_on_mastodon":{"url":"https:\/\/pubeurope.com\/@fi\/115560307938968081","error":""},"_links":{"self":[{"href":"https:\/\/www.europesays.com\/fi\/wp-json\/wp\/v2\/posts\/91726","targetHints":{"allow":["GET"]}}],"collection":[{"href":"https:\/\/www.europesays.com\/fi\/wp-json\/wp\/v2\/posts"}],"about":[{"href":"https:\/\/www.europesays.com\/fi\/wp-json\/wp\/v2\/types\/post"}],"author":[{"embeddable":true,"href":"https:\/\/www.europesays.com\/fi\/wp-json\/wp\/v2\/users\/2"}],"replies":[{"embeddable":true,"href":"https:\/\/www.europesays.com\/fi\/wp-json\/wp\/v2\/comments?post=91726"}],"version-history":[{"count":0,"href":"https:\/\/www.europesays.com\/fi\/wp-json\/wp\/v2\/posts\/91726\/revisions"}],"wp:featuredmedia":[{"embeddable":true,"href":"https:\/\/www.europesays.com\/fi\/wp-json\/wp\/v2\/media\/91727"}],"wp:attachment":[{"href":"https:\/\/www.europesays.com\/fi\/wp-json\/wp\/v2\/media?parent=91726"}],"wp:term":[{"taxonomy":"category","embeddable":true,"href":"https:\/\/www.europesays.com\/fi\/wp-json\/wp\/v2\/categories?post=91726"},{"taxonomy":"post_tag","embeddable":true,"href":"https:\/\/www.europesays.com\/fi\/wp-json\/wp\/v2\/tags?post=91726"}],"curies":[{"name":"wp","href":"https:\/\/api.w.org\/{rel}","templated":true}]}}