{"id":91738,"date":"2025-11-16T16:47:08","date_gmt":"2025-11-16T16:47:08","guid":{"rendered":"https:\/\/www.europesays.com\/fi\/91738\/"},"modified":"2025-11-16T16:47:08","modified_gmt":"2025-11-16T16:47:08","slug":"tasta-syysta-harjavallasta-kotoisin-oleva-pankinjohtaja-on-yritysmaailman-vaikutusvaltaisin-nainen-han-tapaa-paivittain-suomen-suurimpien-yritysten-johtajia","status":"publish","type":"post","link":"https:\/\/www.europesays.com\/fi\/91738\/","title":{"rendered":"T\u00e4st\u00e4 syyst\u00e4 Harjavallasta kotoisin oleva pankinjohtaja on yritysmaailman vaikutusvaltaisin nainen \u2013 h\u00e4n tapaa p\u00e4ivitt\u00e4in Suomen suurimpien yritysten johtajia"},"content":{"rendered":"<p>Satakunnan taloudessa on paljon positiivisia merkkej\u00e4. OP Yrityspankin toimitusjohtaja Katja Keitaanniemi kertoo, miksi nyt voisi olla oikea aika investoida ja mist\u00e4 l\u00f6ytyy usko tulevaisuuteen.<\/p>\n<p class=\"article-body mb-nof-24 px-nof-16\">Pori<\/p>\n<p class=\"article-body mb-nof-24 px-nof-16\">Satakunta n\u00e4ytt\u00e4ytyy nyt taloudellisesti vahvana maakuntana.<\/p>\n<p class=\"article-body mb-nof-24 px-nof-16\">N\u00e4in sanoo OP Yrityspankin toimitusjohtaja <a class=\"article-personlink\" href=\"https:\/\/www.satakunnankansa.fi\/haku\/?query=Katja%20Keitaanniemi\" rel=\"nofollow noopener\" target=\"_blank\">Katja Keitaanniemi<\/a>.<\/p>\n<p class=\"article-body mb-nof-24 px-nof-16\">\u201dKasvu n\u00e4ytt\u00e4\u00e4 hyv\u00e4lt\u00e4 t\u00e4ll\u00e4 hetkell\u00e4, jopa v\u00e4h\u00e4n Suomen keskitasoa paremmalta\u201d, Keitaanniemi sanoo.<\/p>\n<p class=\"article-body mb-nof-24 px-nof-16\">OP L\u00e4nsi-Suomen toimitusjohtaja <a class=\"article-personlink\" href=\"https:\/\/www.satakunnankansa.fi\/haku\/?query=Matti%20Kiurun\" rel=\"nofollow noopener\" target=\"_blank\">Matti Kiurun<\/a> mukaan tiedossa on Satakuntaan kohdistuvia investointip\u00e4\u00e4t\u00f6ksi\u00e4, jotka lupaavat hyv\u00e4\u00e4 ensi vuodelle. H\u00e4n odottaa, ett\u00e4 positiivinen kehitys alkaa heijastua Satakunnassa esimerkiksi yritysten kassavirtoihin ja kotitalouksien talouteen, my\u00f6s asuntokauppaan.<\/p>\n","protected":false},"excerpt":{"rendered":"Satakunnan taloudessa on paljon positiivisia merkkej\u00e4. OP Yrityspankin toimitusjohtaja Katja Keitaanniemi kertoo, miksi nyt voisi olla oikea aika&hellip;\n","protected":false},"author":2,"featured_media":91739,"comment_status":"","ping_status":"","sticky":false,"template":"","format":"standard","meta":{"footnotes":""},"categories":[76],"tags":[79,77,33,31,30,80,32,78],"class_list":{"0":"post-91738","1":"post","2":"type-post","3":"status-publish","4":"format-standard","5":"has-post-thumbnail","7":"category-talous","8":"tag-business","9":"tag-economy","10":"tag-fi","11":"tag-finland","12":"tag-finnish","13":"tag-satakunnan-kansa","14":"tag-suomi","15":"tag-talous"},"share_on_mastodon":{"url":"https:\/\/pubeurope.com\/@fi\/115560398437721084","error":""},"_links":{"self":[{"href":"https:\/\/www.europesays.com\/fi\/wp-json\/wp\/v2\/posts\/91738","targetHints":{"allow":["GET"]}}],"collection":[{"href":"https:\/\/www.europesays.com\/fi\/wp-json\/wp\/v2\/posts"}],"about":[{"href":"https:\/\/www.europesays.com\/fi\/wp-json\/wp\/v2\/types\/post"}],"author":[{"embeddable":true,"href":"https:\/\/www.europesays.com\/fi\/wp-json\/wp\/v2\/users\/2"}],"replies":[{"embeddable":true,"href":"https:\/\/www.europesays.com\/fi\/wp-json\/wp\/v2\/comments?post=91738"}],"version-history":[{"count":0,"href":"https:\/\/www.europesays.com\/fi\/wp-json\/wp\/v2\/posts\/91738\/revisions"}],"wp:featuredmedia":[{"embeddable":true,"href":"https:\/\/www.europesays.com\/fi\/wp-json\/wp\/v2\/media\/91739"}],"wp:attachment":[{"href":"https:\/\/www.europesays.com\/fi\/wp-json\/wp\/v2\/media?parent=91738"}],"wp:term":[{"taxonomy":"category","embeddable":true,"href":"https:\/\/www.europesays.com\/fi\/wp-json\/wp\/v2\/categories?post=91738"},{"taxonomy":"post_tag","embeddable":true,"href":"https:\/\/www.europesays.com\/fi\/wp-json\/wp\/v2\/tags?post=91738"}],"curies":[{"name":"wp","href":"https:\/\/api.w.org\/{rel}","templated":true}]}}