{"id":91742,"date":"2025-11-16T16:49:08","date_gmt":"2025-11-16T16:49:08","guid":{"rendered":"https:\/\/www.europesays.com\/fi\/91742\/"},"modified":"2025-11-16T16:49:08","modified_gmt":"2025-11-16T16:49:08","slug":"kaikkonen-syyttaa-sote-yhteistyon-torjunutta-orpoa-ylimielisyydesta","status":"publish","type":"post","link":"https:\/\/www.europesays.com\/fi\/91742\/","title":{"rendered":"Kaikkonen syytt\u00e4\u00e4 sote-yhteisty\u00f6n torjunutta Orpoa ylimielisyydest\u00e4"},"content":{"rendered":"<p>Hyvinvointialueet|Keskustan puheenjohtaja my\u00f6nt\u00e4\u00e4, ett\u00e4 Marinin hallituksen sorvaama sote-uudistus valmistui keskener\u00e4isen\u00e4.<\/p>\n<p>Lue tiivistelm\u00e4<\/p>\n<p>Tiivistelm\u00e4 on teko\u00e4lyn tekem\u00e4 ja ihmisen tarkistama.<\/p>\n<p class=\"article-body mb-nof-24 px-nof-16 sndp-summary-bullet-point-font\">Keskustan puheenjohtaja Antti Kaikkonen olisi toivonut, ett\u00e4 p\u00e4\u00e4ministeri Petteri Orpo olisi tarttunut opposition yhteisty\u00f6tarjoukseen.<\/p>\n<p class=\"article-body mb-nof-24 px-nof-16 sndp-summary-bullet-point-font\">Kaikkonen my\u00f6nt\u00e4\u00e4, ett\u00e4 edellisen hallituksen sote-uudistus valmistui keskener\u00e4isen\u00e4 ja palkankorotukset ovat osasyy kriisiin.<\/p>\n<p class=\"article-body mb-nof-24 px-nof-16 sndp-summary-bullet-point-font\">Keskusta vastustaa alueiden m\u00e4\u00e4r\u00e4n v\u00e4hent\u00e4mist\u00e4 ja esitt\u00e4\u00e4 ratkaisuksi muun muassa Kela-kyyttien siirt\u00e4mist\u00e4 alueille.<\/p>\n<p class=\"article-body mb-nof-24 px-nof-16\">Keskustan puheenjohtaja <a class=\"article-personlink\" href=\"https:\/\/www.hs.fi\/haku\/?query=Antti%20Kaikkonen\" rel=\"nofollow noopener\" target=\"_blank\">Antti Kaikkonen<\/a> kertoo yll\u00e4ttyneens\u00e4 siit\u00e4, ettei p\u00e4\u00e4ministeri <a class=\"article-personlink\" href=\"https:\/\/www.hs.fi\/haku\/?query=Petteri%20Orpo\" rel=\"nofollow noopener\" target=\"_blank\">Petteri Orpo<\/a> (kok) tarttunut opposition tarjoamaan yhteisty\u00f6h\u00f6n sote-asioissa.<\/p>\n<p class=\"article-body mb-nof-24 px-nof-16\">Oppositio <a class=\"article-genericlink\" href=\"https:\/\/www.hs.fi\/politiikka\/art-2000011626045.html\" rel=\"nofollow noopener\" target=\"_blank\">vetosi<\/a> torstaina yhteisesti Orpoon ja pyysi t\u00e4t\u00e4 k\u00e4ynnist\u00e4m\u00e4\u00e4n parlamentaarisen yhteisty\u00f6n hyvinvointialueiden rahoituskriisin ratkaisemiseksi. P\u00e4\u00e4ministeri Orpo ja kokoomuksen eduskuntaryhm\u00e4n johtaja <a class=\"article-personlink\" href=\"https:\/\/www.hs.fi\/haku\/?query=Jukka%20Kopra\" rel=\"nofollow noopener\" target=\"_blank\">Jukka Kopra<\/a> eiv\u00e4t tarjouksesta <a class=\"article-genericlink\" href=\"https:\/\/www.hs.fi\/politiikka\/art-2000011626045.html\" rel=\"nofollow noopener\" target=\"_blank\">innostuneet<\/a>.<\/p>\n<p class=\"article-body mb-nof-24 px-nof-16\">\u201dPid\u00e4n t\u00e4llaista suhtautumista hieman ylimielisen\u00e4\u201d, Kaikkonen kertoo HS:lle.<\/p>\n<p class=\"article-body mb-nof-24 px-nof-16\">\u201dViime aikoina on saatu hyvi\u00e4 tuloksia isoista asioista. On pystytty sopimaan maanpuolustuksen lis\u00e4panostuksista ja velkajarrusta. Sanoisin, ett\u00e4 t\u00e4m\u00e4 sote-kriisi on mittaluokaltaan ja merkitykselt\u00e4\u00e4n kuitenkin yht\u00e4 lailla hyvin t\u00e4rke\u00e4 kysymys\u201d, h\u00e4n pohtii.<\/p>\n<p class=\"article-body mb-nof-24 px-nof-16\">Oppositio vaati my\u00f6s hyvinvointialueiden alij\u00e4\u00e4m\u00e4n kattamisvelvoitteen lykk\u00e4\u00e4mist\u00e4 vuodesta 2026. Hallitus on pit\u00e4nyt kiinni siit\u00e4, ett\u00e4 mik\u00e4li hyvinvointialueet eiv\u00e4t saa talouttaan tasapainoon m\u00e4\u00e4r\u00e4aikaan menness\u00e4, valtio ei jatkossa kata alij\u00e4\u00e4mi\u00e4. Erityisen huono tilanne on Keski-Suomessa ja It\u00e4-Uudellamaalla.<\/p>\n<p class=\"article-body mb-nof-24 px-nof-16\">Kaikkonen katsoo, ett\u00e4 vaikka ongelmat ovat rakenteellisia, v\u00e4lit\u00f6n ratkaisu olisi nimenomaan armonajan jatkaminen.<\/p>\n<p class=\"article-body mb-nof-24 px-nof-16\">\u201dSe on ensiapu. T\u00e4m\u00e4 toive tulee useilta alueilta.\u201d<\/p>\n<p class=\"article-body mb-nof-24 px-nof-16\">Onko keskustalla kriisin ratkaisemiseksi muita keinoja kuin takarajan lykk\u00e4\u00e4minen?<\/p>\n<p class=\"article-body mb-nof-24 px-nof-16\">\u201dMeill\u00e4 on marraskuun aikana tarkoitus esitell\u00e4 terveydenhuollon korjaussarja, jossa on omia ehdotuksia soten korjaamiseksi. Mutta t\u00e4ss\u00e4 kohtaa haluan painottaa, ett\u00e4 olemme tehneet vakavin mielin yhteisty\u00f6tarjouksen hallitukselle\u201d, Kaikkonen sanoo ja lis\u00e4\u00e4, ett\u00e4 korjattavaa j\u00e4\u00e4 varmasti seuraavallekin hallitukselle.<\/p>\n<p class=\"article-body mb-nof-24 px-nof-16\">\u201dSiksi t\u00e4m\u00e4 puoluerajat ylitt\u00e4v\u00e4 yhteisty\u00f6 olisi viisainta aloittaa nopeasti.\u201d<\/p>\n<p class=\"article-body mb-nof-24 px-nof-16\">Voisiko syyn\u00e4 Orpon penseyteen olla se, ettei oppositiolla ole ollut konkreettista tarjottavaa keskusteluun?<\/p>\n<p class=\"article-body mb-nof-24 px-nof-16\">\u201dEn oikein usko, ett\u00e4 kysymys olisi siit\u00e4. Kyll\u00e4 esityksi\u00e4 on tehty ja niit\u00e4 on valmius tuoda lis\u00e4\u00e4kin.\u201d<\/p>\n<p class=\"article-body mb-nof-24 px-nof-16\">Kaikkoselle ei ole selv\u00e4\u00e4, onko kielt\u00e4ytyminen vain p\u00e4\u00e4ministerin vai koko h\u00e4nen hallituksensa kanta.<\/p>\n<p class=\"article-body mb-nof-24 px-nof-16\">Yksi keino s\u00e4\u00e4st\u00f6jen etsimiseen olisi Kaikkosen mielest\u00e4 Kela-kyytien siirt\u00e4minen alueille.<\/p>\n<p class=\"article-body mb-nof-24 px-nof-16\">\u201dT\u00e4ll\u00e4 hetkell\u00e4 tilanne on se, ett\u00e4 hyvinvointialueen kirjanpidossa l\u00e4hipalvelun lakkauttaminen voi n\u00e4ytt\u00e4\u00e4 j\u00e4rkev\u00e4lt\u00e4. Siit\u00e4 syntyy kuitenkin kuljetuskustannuksia ihmisille itselleen ja Kelalle, josta lasku taas menee Helsinkiin. Samat verorahat siin\u00e4 ovat kyseess\u00e4\u201d, Kaikkonen kummastelee.<\/p>\n<p class=\"article-body mb-nof-24 px-nof-16\">\u201dJos kyytikorvaukset olisivat alueiden vastuulla, l\u00e4hipalveluiden lakkauttaminen ei ehk\u00e4 n\u00e4ytt\u00e4isi niin j\u00e4rkev\u00e4lt\u00e4.\u201d<\/p>\n<p class=\"article-body mb-nof-24 px-nof-16\">Kokoomuksessa syit\u00e4 hyvinvointialueiden rahoituskriisiin ja siit\u00e4 seuranneisiin hoitajien irtisanomisiin on etsitty muun muassa palkankorotuksista. Vuonna 2022 solmitun hyvinvointialueiden ty\u00f6ehtosopimuksen my\u00f6t\u00e4 esimerkiksi hoitajien palkkoja on nostettu yleist\u00e4 linjaa enemm\u00e4n.<\/p>\n<p class=\"article-body mb-nof-24 px-nof-16\">Kaikkonen my\u00f6nt\u00e4\u00e4, ett\u00e4 vaikka hoitajat ovat palkkansa ansainneet, korotukset ovat osasyy kriisiytyneelle rahoitukselle.<\/p>\n<p class=\"article-body mb-nof-24 px-nof-16\">\u201dSoten k\u00e4ynnistysvaiheessa kustannuksia nostivat lis\u00e4ksi muun muassa korkea inflaatio ja vuokral\u00e4\u00e4k\u00e4rien kustannukset. Sote sai vaikean startin\u201d, Kaikkonen harmittelee.<\/p>\n<p class=\"article-body mb-nof-24 px-nof-16\">Hyvinvointialueisiin nojaava sote-uudistus vietiin maaliin edellisen p\u00e4\u00e4ministeri <a class=\"article-personlink\" href=\"https:\/\/www.hs.fi\/haku\/?query=Sanna%20Marinin\" rel=\"nofollow noopener\" target=\"_blank\">Sanna Marinin<\/a> (sd) hallituksen toimesta. Hallituksessa istui tuolloin my\u00f6s keskusta, joka ajoi uudistukseen nykyisen hyvinvointialueiden m\u00e4\u00e4r\u00e4n. Alueita on kaksikymment\u00e4yksi.<\/p>\n<p class=\"article-body mb-nof-24 px-nof-16\">Menik\u00f6 viime hallituksen sote-uudistus m\u00f6nk\u00e4\u00e4n?<\/p>\n<p class=\"article-body mb-nof-24 px-nof-16\">\u201dNo, se ei ollut t\u00e4ydellinen, eik\u00e4 siit\u00e4 tullut valmista. Kun on k\u00e4ytt\u00e4j\u00e4kokemuksia, on n\u00e4ht\u00e4viss\u00e4 my\u00f6s ne ongelmat, joita siin\u00e4 on. Niit\u00e4 pit\u00e4isi nyt l\u00e4hte\u00e4 korjaamaan.\u201d<\/p>\n<p class=\"article-body mb-nof-24 px-nof-16\">Kaikkonen uskoo, ettei kaikkia sote-uudistuksen aiheuttamia ongelmia kyetty ennakoimaan. Yll\u00e4tyksen\u00e4 on tullut esimerkiksi se, kuinka paljon alueet ovat eriytyneet. Osa alueista on kriisiss\u00e4, osa p\u00e4rj\u00e4\u00e4 ongelmitta. Usein ratkaisuksi esitetty alueiden m\u00e4\u00e4r\u00e4n v\u00e4hent\u00e4minen ei kuitenkaan keskustalle maistu:<\/p>\n<p class=\"article-body mb-nof-24 px-nof-16\">\u201dEn usko, ett\u00e4 uusi hallintohumppa ratkaisisi rahoituskriisi\u00e4. Jos alueita l\u00e4hdett\u00e4isiin yhdistelem\u00e4\u00e4n, s\u00e4\u00e4st\u00f6t katoaisivat tietoj\u00e4rjestelm\u00e4kustannuksiin ja palkkaharmonisointiin\u201d, Kaikkonen arvelee.<\/p>\n<p class=\"article-body mb-nof-24 px-nof-16\">\u201dEi se ole niin yksinkertaista, ett\u00e4 alueita yhdist\u00e4m\u00e4ll\u00e4 vanhukset nuorenisivat tai sairaat paranisivat.\u201d<\/p>\n","protected":false},"excerpt":{"rendered":"Hyvinvointialueet|Keskustan puheenjohtaja my\u00f6nt\u00e4\u00e4, ett\u00e4 Marinin hallituksen sorvaama sote-uudistus valmistui keskener\u00e4isen\u00e4. Lue tiivistelm\u00e4 Tiivistelm\u00e4 on teko\u00e4lyn tekem\u00e4 ja ihmisen&hellip;\n","protected":false},"author":2,"featured_media":91743,"comment_status":"","ping_status":"","sticky":false,"template":"","format":"standard","meta":{"footnotes":""},"categories":[12],"tags":[22,23,26,27,33,31,30,17,46,24,25,28,29,15,18,21,32,19,20,16],"class_list":{"0":"post-91742","1":"post","2":"type-post","3":"status-publish","4":"format-standard","5":"has-post-thumbnail","7":"category-suomi","8":"tag-breaking-news","9":"tag-breakingnews","10":"tag-featured-news","11":"tag-featurednews","12":"tag-fi","13":"tag-finland","14":"tag-finnish","15":"tag-headlines","16":"tag-helsingin-sanomat","17":"tag-latest-news","18":"tag-latestnews","19":"tag-main-news","20":"tag-mainnews","21":"tag-news","22":"tag-otsikot","23":"tag-paauutiset","24":"tag-suomi","25":"tag-top-stories","26":"tag-topstories","27":"tag-uutiset"},"share_on_mastodon":{"url":"https:\/\/pubeurope.com\/@fi\/115560406283812985","error":""},"_links":{"self":[{"href":"https:\/\/www.europesays.com\/fi\/wp-json\/wp\/v2\/posts\/91742","targetHints":{"allow":["GET"]}}],"collection":[{"href":"https:\/\/www.europesays.com\/fi\/wp-json\/wp\/v2\/posts"}],"about":[{"href":"https:\/\/www.europesays.com\/fi\/wp-json\/wp\/v2\/types\/post"}],"author":[{"embeddable":true,"href":"https:\/\/www.europesays.com\/fi\/wp-json\/wp\/v2\/users\/2"}],"replies":[{"embeddable":true,"href":"https:\/\/www.europesays.com\/fi\/wp-json\/wp\/v2\/comments?post=91742"}],"version-history":[{"count":0,"href":"https:\/\/www.europesays.com\/fi\/wp-json\/wp\/v2\/posts\/91742\/revisions"}],"wp:featuredmedia":[{"embeddable":true,"href":"https:\/\/www.europesays.com\/fi\/wp-json\/wp\/v2\/media\/91743"}],"wp:attachment":[{"href":"https:\/\/www.europesays.com\/fi\/wp-json\/wp\/v2\/media?parent=91742"}],"wp:term":[{"taxonomy":"category","embeddable":true,"href":"https:\/\/www.europesays.com\/fi\/wp-json\/wp\/v2\/categories?post=91742"},{"taxonomy":"post_tag","embeddable":true,"href":"https:\/\/www.europesays.com\/fi\/wp-json\/wp\/v2\/tags?post=91742"}],"curies":[{"name":"wp","href":"https:\/\/api.w.org\/{rel}","templated":true}]}}