{"id":91744,"date":"2025-11-16T16:50:11","date_gmt":"2025-11-16T16:50:11","guid":{"rendered":"https:\/\/www.europesays.com\/fi\/91744\/"},"modified":"2025-11-16T16:50:11","modified_gmt":"2025-11-16T16:50:11","slug":"kolmanneksi-pujotellut-eduard-hallberg-kertoo-lapimurrostaan","status":"publish","type":"post","link":"https:\/\/www.europesays.com\/fi\/91744\/","title":{"rendered":"Kolmanneksi pujotellut Eduard Hallberg kertoo l\u00e4pimurrostaan"},"content":{"rendered":"<p>Alppihiihto|Hallberg ehti pel\u00e4sty\u00e4 toisen laskun alkupuolella. H\u00e4n kuitenkin kasasi itsens\u00e4.<\/p>\n<p>Lue tiivistelm\u00e4<\/p>\n<p>Tiivistelm\u00e4 on teko\u00e4lyn tekem\u00e4 ja ihmisen tarkistama.<\/p>\n<p class=\"article-body mb-nof-24 px-nof-16 sndp-summary-bullet-point-font\">Sipoolainen Eduard Hallberg sijoittui kolmanneksi pujottelun maailmancupin avauskilpailussa Levill\u00e4 ja palautti Suomen alppihiihdon podiumille l\u00e4hes 13 vuoden tauon j\u00e4lkeen.<\/p>\n<p class=\"article-body mb-nof-24 px-nof-16 sndp-summary-bullet-point-font\">Kaksikymment\u00e4kaksivuotias Hallberg oli ensimm\u00e4isen kierroksen j\u00e4lkeen viidenten\u00e4, mutta toisessa laskussa vauhtia riitti virheist\u00e4 huolimatta.<\/p>\n<p class=\"article-body mb-nof-24 px-nof-16 sndp-summary-bullet-point-font\">Kolmas sija toi Hallbergille l\u00e4hes nelj\u00e4ntoista tuhatta euroa palkintorahaa.<\/p>\n<p class=\"article-body mb-nof-24 px-nof-16 sndp-summary-bullet-point-font\">Kilpailun voitti brasilialaisnorjalainen Lucas Pinheiro Braathen, joka on historian ensimm\u00e4inen Brasiliaa edustava maailmancupkisan voittaja.<\/p>\n<p class=\"article-body mb-nof-24 px-nof-16\">Eduard Hallberg teki sunnuntaina suomalaista alppihiihtohistoriaa sijoittumalla kolmanneksi pujottelun maailmancupin avauskilpailussa Levill\u00e4. H\u00e4n palautti sinivalkoiset v\u00e4rit alppihiihdon maailmancupin podiumille l\u00e4hes 13 vuoden tauon j\u00e4lkeen.<\/p>\n<p class=\"article-body mb-nof-24 px-nof-16\">Saavutus veti jopa pujotteluspesialistin itsens\u00e4kin sanattomaksi.<\/p>\n<p class=\"article-body mb-nof-24 px-nof-16\">\u201dVaikeaa laittaa t\u00e4t\u00e4 sanoiksi. Ihan uskomatonta. Tosi siisti\u00e4\u201d, Hallberg kommentoi tuoreeltaan kisan j\u00e4lkeen.<\/p>\n<p class=\"article-body mb-nof-24 px-nof-16\">Hallberg oli ensimm\u00e4isen kierroksen j\u00e4lkeen viidenten\u00e4. Toisessa laskussa vauhtia riitti, vaikka siihen mahtui my\u00f6s virheit\u00e4.<\/p>\n<p class=\"article-body mb-nof-24 px-nof-16\">\u201dLasku l\u00e4hti ihan hyvin, mutta sitten tuli iso virhe ja ajattelin, ett\u00e4 se oli siin\u00e4. Sitten sain taas suksen kulkemaan ja yritin vain laskea niin kovaa kuin mahdollista\u201d, Hallberg kertasi.<\/p>\n<p class=\"article-body mb-nof-24 px-nof-16\">Lopun tasaisella osuudella h\u00e4n kuuli yleis\u00f6n huudon ja p\u00e4\u00e4tti painaa kaasun pohjaan. Maaliin tullessaan h\u00e4n l\u00e4v\u00e4ytti vihre\u00e4n valon tulostauluun ja sai yleis\u00f6n hurmioon.<\/p>\n<p class=\"article-body mb-nof-24 px-nof-16\">Hallberg tuuletti maalialueella vapautuneesti ja kiitti kotiyleis\u00f6\u00e4.<\/p>\n<p><img decoding=\"async\" src=\"https:\/\/www.europesays.com\/fi\/wp-content\/uploads\/2025\/11\/1763311810_37_468.jpg\" alt=\"Eduard Hallberg villitsi yleis\u00f6\u00e4 toisen laskunsa j\u00e4lkeen.\" class=\"_Img_1rerz_1\" style=\"aspect-ratio:1.5\" loading=\"eager\"\/><\/p>\n<p class=\"article-picture-caption\">Eduard Hallberg villitsi yleis\u00f6\u00e4 toisen laskunsa j\u00e4lkeen. Kuva:\u00a0Roni Rekomaa \/ Lehtikuva<\/p>\n<p class=\"article-body mb-nof-24 px-nof-16\">22-vuotiaalle sipoolaiselle sijoittuminen maailmancupin palkintokorokkeelle on t\u00e4rke\u00e4 virstanpylv\u00e4s. Hallbergilla on viime kaudelta yksi top 10 -sijoitus maailmancupista, kun h\u00e4n ylsi Gurglin pujottelussa kahdeksanneksi noin vuosi sitten.<\/p>\n<p class=\"article-body mb-nof-24 px-nof-16\">\u201dOn tosi hyv\u00e4 merkki, ett\u00e4 suksi kulkee. Olemme tehneet paljon duunia ja on kiva n\u00e4hd\u00e4, ett\u00e4 se n\u00e4kyy kisoissa\u201d, Hallberg iloitsee.<\/p>\n<p class=\"article-body mb-nof-24 px-nof-16\">Hallberg kertoi uskoneensa l\u00e4pimurtoon, mutta silti tulos yll\u00e4tti.<\/p>\n<p class=\"article-body mb-nof-24 px-nof-16\">\u201dT\u00e4m\u00e4 on pikkupojan unelma. Olen ollut paljon t\u00e4\u00e4ll\u00e4 juniorina ja katsonut maailmancupin kisoja. Silloin unelmoin, ett\u00e4 p\u00e4\u00e4sisin itse joskus laskemaan n\u00e4it\u00e4 kilpailuja. Ja t\u00e4n\u00e4\u00e4n palkintopallisija\u2026 Se on ihan kreisi\u00e4.\u201d<\/p>\n<p class=\"article-body mb-nof-24 px-nof-16\">Starttaaminen toiselle kierrokselle k\u00e4rkiporukassa ja viimeisten laskijoiden joukossa vaati kovaa henkist\u00e4 kanttia. Hallberg pystyi pit\u00e4m\u00e4\u00e4n p\u00e4\u00e4ns\u00e4 kylm\u00e4n\u00e4 vakuuttavalla tavalla.<\/p>\n<p class=\"article-body mb-nof-24 px-nof-16\">\u201dOli mukavaa olla startissa. Olen kes\u00e4n aikana ja alkukaudesta valmistautunut t\u00e4llaiseen tilanteeseen, jossa on tullut hyv\u00e4 ensimm\u00e4inen lasku. Ja niihin tunteisiin, joita siit\u00e4 tulee. Oli yll\u00e4tt\u00e4v\u00e4n rento olo ja kiva l\u00e4hte\u00e4 vet\u00e4m\u00e4\u00e4n\u201d<\/p>\n<p class=\"article-body mb-nof-24 px-nof-16\">Kolmas sija toi Hallbergille mukavan potin palkintorahaa: 13\u202f968 euroa.<\/p>\n<p class=\"article-body mb-nof-24 px-nof-16\">Maailmancupin pujottelukauden avaus tarjosi muitakin syk\u00e4hdytt\u00e4vi\u00e4 urheiluhetki\u00e4. Brasilialaisnorjalainen <a class=\"article-personlink\" href=\"https:\/\/www.hs.fi\/haku\/?query=Lucas%20Pinheiro%20Braathen\" rel=\"nofollow noopener\" target=\"_blank\">Lucas Pinheiro Braathen<\/a> kirjoitti nimens\u00e4 historiankirjoihin kaikkien aikojen ensimm\u00e4isen\u00e4 Brasiliaa edustaneena maailmancupkisan voittajana. Ranskan <a class=\"article-personlink\" href=\"https:\/\/www.hs.fi\/haku\/?query=Cl%C3%A9ment%20No%C3%ABl\" rel=\"nofollow noopener\" target=\"_blank\">Cl\u00e9ment No\u00ebl<\/a> oli kisassa toinen.<\/p>\n<p class=\"article-body mb-nof-24 px-nof-16\">\u201dT\u00e4t\u00e4 tunnetta on vaikeaa kuvailla. T\u00e4m\u00e4 on ainutlaatuista. En usko, ett\u00e4 moni ihminen p\u00e4\u00e4see ikin\u00e4 kokemaan mit\u00e4\u00e4n t\u00e4llaista\u201d, Braathen tunnelmoi.<\/p>\n<p class=\"article-body mb-nof-24 px-nof-16\">Palkintojenjaossa Braathen antoi eleill\u00e4\u00e4n tunnustusta Hallbergille, jonka kanssa h\u00e4n on my\u00f6s harjoittelut joitakin kertoja.<\/p>\n<p class=\"article-body mb-nof-24 px-nof-16\">Hallbergin saavutus herkisti monia suomalaisia alppihiihtofaneja, mutta tuliko tippa linssiin laskijalle itselleen?<\/p>\n<p class=\"article-body mb-nof-24 px-nof-16\">\u201dEi ole viel\u00e4 tullut. Tai ehk\u00e4 ihan pikkuisen siin\u00e4 voittotuolilla. Pit\u00e4\u00e4 antaa sille viel\u00e4 hetki.\u201d<\/p>\n<p><img decoding=\"async\" src=\"https:\/\/www.europesays.com\/fi\/wp-content\/uploads\/2025\/11\/1763311810_26_468.jpg\" alt=\"K\u00e4rkikolmikko Lucas Pinheiro Braathen (kesk.), Cl\u00e9ment No\u00ebl (vas.) ja Eduard Hallberg.\" class=\"_Img_1rerz_1\" style=\"aspect-ratio:1.5\" loading=\"eager\"\/><\/p>\n<p class=\"article-picture-caption\">K\u00e4rkikolmikko Lucas Pinheiro Braathen (kesk.), Cl\u00e9ment No\u00ebl (vas.) ja Eduard Hallberg. Kuva:\u00a0Roni Rekomaa \/ Lehtikuva<\/p>\n","protected":false},"excerpt":{"rendered":"Alppihiihto|Hallberg ehti pel\u00e4sty\u00e4 toisen laskun alkupuolella. H\u00e4n kuitenkin kasasi itsens\u00e4. Lue tiivistelm\u00e4 Tiivistelm\u00e4 on teko\u00e4lyn tekem\u00e4 ja ihmisen&hellip;\n","protected":false},"author":2,"featured_media":91745,"comment_status":"","ping_status":"","sticky":false,"template":"","format":"standard","meta":{"footnotes":""},"categories":[5],"tags":[22,23,26,27,33,31,30,17,46,24,25,28,29,15,18,21,32,19,20,16],"class_list":{"0":"post-91744","1":"post","2":"type-post","3":"status-publish","4":"format-standard","5":"has-post-thumbnail","7":"category-otsikot","8":"tag-breaking-news","9":"tag-breakingnews","10":"tag-featured-news","11":"tag-featurednews","12":"tag-fi","13":"tag-finland","14":"tag-finnish","15":"tag-headlines","16":"tag-helsingin-sanomat","17":"tag-latest-news","18":"tag-latestnews","19":"tag-main-news","20":"tag-mainnews","21":"tag-news","22":"tag-otsikot","23":"tag-paauutiset","24":"tag-suomi","25":"tag-top-stories","26":"tag-topstories","27":"tag-uutiset"},"share_on_mastodon":{"url":"https:\/\/pubeurope.com\/@fi\/115560410396726582","error":""},"_links":{"self":[{"href":"https:\/\/www.europesays.com\/fi\/wp-json\/wp\/v2\/posts\/91744","targetHints":{"allow":["GET"]}}],"collection":[{"href":"https:\/\/www.europesays.com\/fi\/wp-json\/wp\/v2\/posts"}],"about":[{"href":"https:\/\/www.europesays.com\/fi\/wp-json\/wp\/v2\/types\/post"}],"author":[{"embeddable":true,"href":"https:\/\/www.europesays.com\/fi\/wp-json\/wp\/v2\/users\/2"}],"replies":[{"embeddable":true,"href":"https:\/\/www.europesays.com\/fi\/wp-json\/wp\/v2\/comments?post=91744"}],"version-history":[{"count":0,"href":"https:\/\/www.europesays.com\/fi\/wp-json\/wp\/v2\/posts\/91744\/revisions"}],"wp:featuredmedia":[{"embeddable":true,"href":"https:\/\/www.europesays.com\/fi\/wp-json\/wp\/v2\/media\/91745"}],"wp:attachment":[{"href":"https:\/\/www.europesays.com\/fi\/wp-json\/wp\/v2\/media?parent=91744"}],"wp:term":[{"taxonomy":"category","embeddable":true,"href":"https:\/\/www.europesays.com\/fi\/wp-json\/wp\/v2\/categories?post=91744"},{"taxonomy":"post_tag","embeddable":true,"href":"https:\/\/www.europesays.com\/fi\/wp-json\/wp\/v2\/tags?post=91744"}],"curies":[{"name":"wp","href":"https:\/\/api.w.org\/{rel}","templated":true}]}}