{"id":91752,"date":"2025-11-16T17:10:10","date_gmt":"2025-11-16T17:10:10","guid":{"rendered":"https:\/\/www.europesays.com\/fi\/91752\/"},"modified":"2025-11-16T17:10:10","modified_gmt":"2025-11-16T17:10:10","slug":"maajussille-morsian-pekka-ja-reetta-kihlat","status":"publish","type":"post","link":"https:\/\/www.europesays.com\/fi\/91752\/","title":{"rendered":"Maajussille morsian -Pekka ja Reetta: Kihlat!"},"content":{"rendered":"<p>Maajussille morsian -ohjelmassa viime vuonna rakastuneet Pekka ja Reetta ovat menneet kihloihin.<\/p>\n<p><img decoding=\"async\" class=\"image image-show image-preview\" src=\"https:\/\/www.europesays.com\/fi\/wp-content\/uploads\/2025\/11\/c9bbcffbfddc74220723784b5f9c17357d8682293f65591e5c7c82708f4e826b.jpg\" alt=\"\"\/><img decoding=\"async\" class=\"image image-show\" src=\"https:\/\/www.europesays.com\/fi\/wp-content\/uploads\/2025\/11\/1763313009_390_c9bbcffbfddc74220723784b5f9c17357d8682293f65591e5c7c82708f4e826b.jpg\" alt=\"\"\/><\/p>\n<p>Maajussi-Pekka ja Reetta edustivat yhdess\u00e4 sunnuntain Tanssii t\u00e4htien kanssa -l\u00e4hetyksess\u00e4. Atte Kajova<\/p>\n<p class=\"paragraph\">Maajussille morsian -ohjelmassa vuonna 2024 rakastuneet <strong>Pekka<\/strong> ja <strong>Reetta<\/strong> ovat menneet kihloihin.<\/p>\n<p class=\"paragraph\">Pari kertoi ilouutisen Iltalehdelle sunnuntaina ennen Tanssii t\u00e4htien kanssa -ohjelman semifinaalia. Kihlapari oli tullut yhdess\u00e4 seuraamaan suoraa l\u00e4hetyst\u00e4 paikan p\u00e4\u00e4lle studiolle.<\/p>\n<p class=\"paragraph\">Kihlat vaihdettiin elokuussa Yyteriss\u00e4.<\/p>\n<p class=\"paragraph\">\u2013 L\u00e4hdimme rannalle k\u00e4velem\u00e4\u00e4n. Ajattelimme k\u00e4yd\u00e4 katsomassa, miss\u00e4 viimeiset treffimme farmiviikolla kuvattiin. L\u00f6ydettiin se paikka. Katselin siin\u00e4 merelle ja kun k\u00e4\u00e4nnyin, Pekka oli polvistunut ja kirjoittanut hiekkaan, ett\u00e4 Marry me Reetta. H\u00e4n oli siin\u00e4 sormuksen kanssa polvistuneena. Oli ihan superromanttinen kosinta, Reetta kertoo.<\/p>\n<p>Maajussi-Pekka ja Reetta kertovat kihlautuneensa Yyteriss\u00e4. Atte Kajova<\/p>\n<p class=\"paragraph\">H\u00e4it\u00e4 on jo jonkin verran ehditty mietti\u00e4.<\/p>\n<p class=\"paragraph\">\u2013 Ei varmaan ensi vuonna viel\u00e4, voi tulla v\u00e4h\u00e4n kiire, mutta ehk\u00e4 seuraavana, Reetta arvioi tulevien h\u00e4iden ajankohtaa.<\/p>\n<p>Pekka kertoi ohjelmassa olleensa erityisen ihastunut Reettaan. Reetta on kuvassa vasemmalla. MTV<\/p>\n<p class=\"paragraph\">Pekka ja Reetta n\u00e4htiin Maajussille morsian -ohjelman viime vuonna esitetyll\u00e4 kaudella. Pekka kertoi jo ohjelman aikana ihastuneensa palavasti Reettaan. Kaksikko pussaili farmiviikon p\u00e4\u00e4tteeksi ja he kertoivat olevansa onnellisia toistensa kanssa.<\/p>\n<p class=\"paragraph\">Kauden lopussa esitetyss\u00e4 Mit\u00e4 heille kuuluu nyt? -jaksossa <a href=\"https:\/\/www.iltalehti.fi\/tv-ja-leffat\/c60cf7eb-a37c-4af9-92b8-ef42255dbe6e\" rel=\"nofollow noopener\" target=\"_blank\">Pekka kertoi tajunneensa jo ohjelman alussa<\/a>, ett\u00e4 Reetta on h\u00e4nelle \u201dse oikea\u201d.<\/p>\n<p class=\"paragraph\">\u2013 Ensin kuului klik ja sitten meni palikat kohdilleen. Se huvitti minua, koska Reetta kuvaili sen t\u00e4ysin samalla tavalla, Pekka sanoi jaksossa.<\/p>\n<p class=\"paragraph\">\u2013 Minulla ja Reetalla, ei se en\u00e4\u00e4 ihastumista ole. Kyll\u00e4 se on rakastumista, Pekka paljasti.<\/p>\n<p class=\"paragraph\">\u2013 Koko ajan vain vahvistuvat tunteet ja on oikean valinnan tehnyt. Ei ole sit\u00e4 ep\u00e4r\u00f6inyt kyll\u00e4 hetke\u00e4k\u00e4\u00e4n. Nyt on kyll\u00e4 todella hyv\u00e4 fiilis, l\u00f6ysin sen, mit\u00e4 etsin, Pekka jatkoi.<\/p>\n<p class=\"paragraph\">Jos upotus ei toimi, n\u00e4et parin Instagram-kuvan my\u00f6s <a href=\"https:\/\/www.instagram.com\/p\/DDfNaTuIOge\/\" target=\"_blank\" rel=\"noopener nofollow\">t\u00e4st\u00e4 linkist\u00e4<\/a>.<\/p>\n<p class=\"paragraph\">Reetan ja Pekan kihloista uutisoi ensimm\u00e4isen\u00e4 <a href=\"https:\/\/www.mtvuutiset.fi\/artikkeli\/maajussi-pekka-ja-reetta-kihlat\/9256730\" target=\"_blank\" rel=\"noopener nofollow\">MTV<\/a>.<\/p>\n<p><script async src=\"\/\/www.instagram.com\/embed.js\"><\/script><\/p>\n","protected":false},"excerpt":{"rendered":"Maajussille morsian -ohjelmassa viime vuonna rakastuneet Pekka ja Reetta ovat menneet kihloihin. Maajussi-Pekka ja Reetta edustivat yhdess\u00e4 sunnuntain&hellip;\n","protected":false},"author":2,"featured_media":91753,"comment_status":"","ping_status":"","sticky":false,"template":"","format":"standard","meta":{"footnotes":""},"categories":[130],"tags":[35,1074,137,33,31,30,2718,32,2140,140,139,109],"class_list":{"0":"post-91752","1":"post","2":"type-post","3":"status-publish","4":"format-standard","5":"has-post-thumbnail","7":"category-viihde","8":"tag-24h","9":"tag-avioliitto-ja-parisuhde","10":"tag-entertainment","11":"tag-fi","12":"tag-finland","13":"tag-finnish","14":"tag-romantiikka","15":"tag-suomi","16":"tag-tosi-tv-ohjelmat","17":"tag-tv-ja-elokuvat","18":"tag-tv-ohjelmat","19":"tag-viihde"},"share_on_mastodon":{"url":"https:\/\/pubeurope.com\/@fi\/115560489021902502","error":""},"_links":{"self":[{"href":"https:\/\/www.europesays.com\/fi\/wp-json\/wp\/v2\/posts\/91752","targetHints":{"allow":["GET"]}}],"collection":[{"href":"https:\/\/www.europesays.com\/fi\/wp-json\/wp\/v2\/posts"}],"about":[{"href":"https:\/\/www.europesays.com\/fi\/wp-json\/wp\/v2\/types\/post"}],"author":[{"embeddable":true,"href":"https:\/\/www.europesays.com\/fi\/wp-json\/wp\/v2\/users\/2"}],"replies":[{"embeddable":true,"href":"https:\/\/www.europesays.com\/fi\/wp-json\/wp\/v2\/comments?post=91752"}],"version-history":[{"count":0,"href":"https:\/\/www.europesays.com\/fi\/wp-json\/wp\/v2\/posts\/91752\/revisions"}],"wp:featuredmedia":[{"embeddable":true,"href":"https:\/\/www.europesays.com\/fi\/wp-json\/wp\/v2\/media\/91753"}],"wp:attachment":[{"href":"https:\/\/www.europesays.com\/fi\/wp-json\/wp\/v2\/media?parent=91752"}],"wp:term":[{"taxonomy":"category","embeddable":true,"href":"https:\/\/www.europesays.com\/fi\/wp-json\/wp\/v2\/categories?post=91752"},{"taxonomy":"post_tag","embeddable":true,"href":"https:\/\/www.europesays.com\/fi\/wp-json\/wp\/v2\/tags?post=91752"}],"curies":[{"name":"wp","href":"https:\/\/api.w.org\/{rel}","templated":true}]}}