{"id":91754,"date":"2025-11-16T17:13:09","date_gmt":"2025-11-16T17:13:09","guid":{"rendered":"https:\/\/www.europesays.com\/fi\/91754\/"},"modified":"2025-11-16T17:13:09","modified_gmt":"2025-11-16T17:13:09","slug":"apple-tutki-kuluttajille-tarkoitetut-rahat-menivat-muiden-taskuihin","status":"publish","type":"post","link":"https:\/\/www.europesays.com\/fi\/91754\/","title":{"rendered":"Apple tutki: Kuluttajille tarkoitetut rahat meniv\u00e4t muiden taskuihin"},"content":{"rendered":"<p>Apple julkaisi tilaamansa Analysis Groupin tekem\u00e4n tutkimuksen.<\/p>\n<p>Tutkimus tarkasteli App Storen hintakehityst\u00e4 ennen <a href=\"https:\/\/www.macrumors.com\/2025\/11\/12\/dma-no-lower-fees-study\/\" target=\"_blank\" rel=\"noreferrer noopener nofollow\">ja<\/a> j\u00e4lkeen EU:n Digital Markets Act (DMA) -lains\u00e4\u00e4d\u00e4nt\u00f6\u00e4. Kyseinen Digimarkkinas\u00e4\u00e4d\u00f6s pakotti Applen alentamaan App Storessa veloittamiaan komissioita.<\/p>\n<p>DMA pyrkii varmistamaan, ett\u00e4 digitaaliset markkinat pysyv\u00e4t kilpailukykyisin\u00e4 ja innovatiivisina, ja ett\u00e4 kuluttajat ja pienemm\u00e4t yritykset eiv\u00e4t joudu suurten alustojen monopolin uhriksi. Applen tilaaman tutkimuksen mukaan Digimarkkinas\u00e4\u00e4d\u00f6s ei kuitenkaan ole johtanut alempiin hintoihin kuluttajille.<\/p>\n<p>Applen mukaan 91 prosentissa tapauksista hinnat eiv\u00e4t laskeneet, vaikka komissiot alenivat keskim\u00e4\u00e4rin 10 prosenttiyksikk\u00f6\u00e4. Joissakin tapauksissa kehitt\u00e4j\u00e4t jopa nostivat hintoja. Viisi suurinta EU:ssa majaansa pit\u00e4v\u00e4\u00e4 sovelluskehitt\u00e4j\u00e4\u00e4 ei puolestaan muuttanut hintojaan, vaan piti ylim\u00e4\u00e4r\u00e4iset tulot itsell\u00e4\u00e4n.<\/p>\n<p>Apple v\u00e4itt\u00e4\u00e4, ett\u00e4 muutosten j\u00e4lkeen kehitt\u00e4j\u00e4t maksoivat Applelle noin 20,1 miljoonaa euroa v\u00e4hemm\u00e4n komissioita, ja yli 86 prosenttia s\u00e4\u00e4st\u00f6ist\u00e4 meni EU:n ulkopuolisille kehitt\u00e4jille.<\/p>\n<p>Jos kehitt\u00e4j\u00e4t laskivat hintoja, keskim\u00e4\u00e4r\u00e4inen alennus oli 2,5 prosenttia, eik\u00e4 alennuksista Applen mukaan voitu kiitt\u00e4\u00e4 Digimarkkinas\u00e4\u00e4d\u00f6st\u00e4.<\/p>\n<p>Apple ei vaikuta pit\u00e4v\u00e4n Digimarkkinas\u00e4\u00e4d\u00f6ksest\u00e4. Yritys sanoo, ett\u00e4 se heikent\u00e4\u00e4 eurooppalaisten kuluttajien kokemusta v\u00e4hent\u00e4en turvallisuutta, yksityisyytt\u00e4 ja innovaatioita sek\u00e4 lis\u00e4\u00e4 monimutkaisuutta.<\/p>\n","protected":false},"excerpt":{"rendered":"Apple julkaisi tilaamansa Analysis Groupin tekem\u00e4n tutkimuksen. Tutkimus tarkasteli App Storen hintakehityst\u00e4 ennen ja j\u00e4lkeen EU:n Digital Markets&hellip;\n","protected":false},"author":2,"featured_media":91755,"comment_status":"","ping_status":"","sticky":false,"template":"","format":"standard","meta":{"footnotes":""},"categories":[76],"tags":[1029,79,77,33,31,30,4705,32,78],"class_list":{"0":"post-91754","1":"post","2":"type-post","3":"status-publish","4":"format-standard","5":"has-post-thumbnail","7":"category-talous","8":"tag-apple","9":"tag-business","10":"tag-economy","11":"tag-fi","12":"tag-finland","13":"tag-finnish","14":"tag-markkinat","15":"tag-suomi","16":"tag-talous"},"share_on_mastodon":{"url":"https:\/\/pubeurope.com\/@fi\/115560500815658505","error":""},"_links":{"self":[{"href":"https:\/\/www.europesays.com\/fi\/wp-json\/wp\/v2\/posts\/91754","targetHints":{"allow":["GET"]}}],"collection":[{"href":"https:\/\/www.europesays.com\/fi\/wp-json\/wp\/v2\/posts"}],"about":[{"href":"https:\/\/www.europesays.com\/fi\/wp-json\/wp\/v2\/types\/post"}],"author":[{"embeddable":true,"href":"https:\/\/www.europesays.com\/fi\/wp-json\/wp\/v2\/users\/2"}],"replies":[{"embeddable":true,"href":"https:\/\/www.europesays.com\/fi\/wp-json\/wp\/v2\/comments?post=91754"}],"version-history":[{"count":0,"href":"https:\/\/www.europesays.com\/fi\/wp-json\/wp\/v2\/posts\/91754\/revisions"}],"wp:featuredmedia":[{"embeddable":true,"href":"https:\/\/www.europesays.com\/fi\/wp-json\/wp\/v2\/media\/91755"}],"wp:attachment":[{"href":"https:\/\/www.europesays.com\/fi\/wp-json\/wp\/v2\/media?parent=91754"}],"wp:term":[{"taxonomy":"category","embeddable":true,"href":"https:\/\/www.europesays.com\/fi\/wp-json\/wp\/v2\/categories?post=91754"},{"taxonomy":"post_tag","embeddable":true,"href":"https:\/\/www.europesays.com\/fi\/wp-json\/wp\/v2\/tags?post=91754"}],"curies":[{"name":"wp","href":"https:\/\/api.w.org\/{rel}","templated":true}]}}