{"id":91766,"date":"2025-11-16T17:33:08","date_gmt":"2025-11-16T17:33:08","guid":{"rendered":"https:\/\/www.europesays.com\/fi\/91766\/"},"modified":"2025-11-16T17:33:08","modified_gmt":"2025-11-16T17:33:08","slug":"joonas-nordmanin-luotsaama-dokumenttisarja-alkaa-pian-mukana-muun-muassa-niina-lahtinen-jani-volanen-ja-jenni-paaskysaari","status":"publish","type":"post","link":"https:\/\/www.europesays.com\/fi\/91766\/","title":{"rendered":"Joonas Nordmanin luotsaama dokumenttisarja alkaa pian &#8211; mukana muun muassa Niina Lahtinen, Jani Volanen ja Jenni P\u00e4\u00e4skysaari"},"content":{"rendered":"<p><strong>Joonas Nordmanin<\/strong> luotsaama uusi dokumenttisarja Olipa kerran televisio alkaa Ylell\u00e4 tammikuussa.<\/p>\n<p>Dokumenttisarjassa tutkitaan, miten televisio on muuttanut arkemme, ajattelumme ja tunteemme, ja kuinka lukemattomat, unohtumattomat hetket ovat yhdist\u00e4neet kansan ruutujen \u00e4\u00e4rell\u00e4. Katsojat p\u00e4\u00e4sev\u00e4t sarjan parissa kokemaan uudelleen esimerkiksi <strong>Lasse Vir\u00e9nin<\/strong> dramaattisen kaatumisen, Putouksen sketsihahmot ja Big Brotherin kuohut.<\/p>\n<p><a href=\"https:\/\/www.voice.fi\/viihde\/a-240515\" rel=\"nofollow noopener\" target=\"_blank\"><strong>Lue my\u00f6s: Kotimainen menestyssarja jatkuu uusin jaksoin joulukuussa<\/strong><\/a><\/p>\n<p><a href=\"https:\/\/www.voice.fi\/viihde\/a-240245\" rel=\"nofollow noopener\" target=\"_blank\"><strong>Lue my\u00f6s: Uusi kotimainen draamasarja alkaa \u2013 rooleissa Samuli Edelmann, Matleena Kuusniemi ja Elina Knihtil\u00e4<\/strong><\/a><\/p>\n<p>Nordmanin lis\u00e4ksi sarjassa n\u00e4hd\u00e4\u00e4n liuta suomalaisia tv:n katsojia ja tekij\u00f6it\u00e4. Mukana ovat muun muassa <strong>Niina Lahtinen<\/strong>, <strong>Neil Hardwick<\/strong>, <strong>Jani Volanen<\/strong>, <strong>Jenni P\u00e4\u00e4skysaari<\/strong>, <strong>Max Malka<\/strong> ja <strong>Oskari Onninen<\/strong>.\u00a0<\/p>\n<p>Sarja on osa ensi vuonna 100 vuotta t\u00e4ytt\u00e4v\u00e4n Yleisradion juhlaohjelmistoa.<\/p>\n<p>Olipa kerran televisio ilmestyy Yle Areenaan 5. tammikuuta. Yle TV1:ss\u00e4 ohjelma n\u00e4hd\u00e4\u00e4n 8.1. alkaen ja 12.1. alkaen Yle TV2:ssa.<\/p>\n<p><img loading=\"lazy\" height=\"683\" width=\"1024\" class=\"wp-image-116277 sp-no-webp perfmatters-lazy\" alt=\"\" decoding=\"async\" src=\"https:\/\/www.europesays.com\/fi\/wp-content\/uploads\/2025\/11\/1.04379456-1024x683.jpg\"  data-\/> Sarjan juontaja Joonas Nordman on itsekin ollut mukana useissa kotimaisissa tv-ohjelmissa. <\/p>\n<p><a href=\"https:\/\/www.voice.fi\/viihde\/a-236822\" rel=\"nofollow noopener\" target=\"_blank\"><strong>Lue lis\u00e4\u00e4: Kuinka hyvin muistat vanhat kotimaiset tv-sarjat? Testaa tietosi kiper\u00e4ss\u00e4 visassa<br \/><\/strong><\/a><\/p>\n","protected":false},"excerpt":{"rendered":"Joonas Nordmanin luotsaama uusi dokumenttisarja Olipa kerran televisio alkaa Ylell\u00e4 tammikuussa. Dokumenttisarjassa tutkitaan, miten televisio on muuttanut arkemme,&hellip;\n","protected":false},"author":2,"featured_media":91767,"comment_status":"","ping_status":"","sticky":false,"template":"","format":"standard","meta":{"footnotes":""},"categories":[131],"tags":[4416,155,137,33,173,31,30,18061,18288,172,18289,32,109],"class_list":{"0":"post-91766","1":"post","2":"type-post","3":"status-publish","4":"format-standard","5":"has-post-thumbnail","7":"category-elokuvat","8":"tag-dokumenttisarja","9":"tag-elokuvat","10":"tag-entertainment","11":"tag-fi","12":"tag-film","13":"tag-finland","14":"tag-finnish","15":"tag-joonas-nordman","16":"tag-kotimaiset-sarjat","17":"tag-movies","18":"tag-olipa-kerran-televisio","19":"tag-suomi","20":"tag-viihde"},"share_on_mastodon":{"url":"https:\/\/pubeurope.com\/@fi\/115560579410160690","error":""},"_links":{"self":[{"href":"https:\/\/www.europesays.com\/fi\/wp-json\/wp\/v2\/posts\/91766","targetHints":{"allow":["GET"]}}],"collection":[{"href":"https:\/\/www.europesays.com\/fi\/wp-json\/wp\/v2\/posts"}],"about":[{"href":"https:\/\/www.europesays.com\/fi\/wp-json\/wp\/v2\/types\/post"}],"author":[{"embeddable":true,"href":"https:\/\/www.europesays.com\/fi\/wp-json\/wp\/v2\/users\/2"}],"replies":[{"embeddable":true,"href":"https:\/\/www.europesays.com\/fi\/wp-json\/wp\/v2\/comments?post=91766"}],"version-history":[{"count":0,"href":"https:\/\/www.europesays.com\/fi\/wp-json\/wp\/v2\/posts\/91766\/revisions"}],"wp:featuredmedia":[{"embeddable":true,"href":"https:\/\/www.europesays.com\/fi\/wp-json\/wp\/v2\/media\/91767"}],"wp:attachment":[{"href":"https:\/\/www.europesays.com\/fi\/wp-json\/wp\/v2\/media?parent=91766"}],"wp:term":[{"taxonomy":"category","embeddable":true,"href":"https:\/\/www.europesays.com\/fi\/wp-json\/wp\/v2\/categories?post=91766"},{"taxonomy":"post_tag","embeddable":true,"href":"https:\/\/www.europesays.com\/fi\/wp-json\/wp\/v2\/tags?post=91766"}],"curies":[{"name":"wp","href":"https:\/\/api.w.org\/{rel}","templated":true}]}}