{"id":91787,"date":"2025-11-16T18:05:09","date_gmt":"2025-11-16T18:05:09","guid":{"rendered":"https:\/\/www.europesays.com\/fi\/91787\/"},"modified":"2025-11-16T18:05:09","modified_gmt":"2025-11-16T18:05:09","slug":"tasta-syysta-kahvipaketti-voi-olla-100-grammaa-pienempi","status":"publish","type":"post","link":"https:\/\/www.europesays.com\/fi\/91787\/","title":{"rendered":"T\u00e4st\u00e4 syyst\u00e4 kahvipaketti voi olla 100 grammaa pienempi"},"content":{"rendered":"<p class=\"article-body mb-nof-24 px-nof-16\">Ilta-Sanomien lukija ihmettelee kaupassa havaitsemaansa \u201dmielet\u00f6nt\u00e4\u201d kahvitarjousta. Kaupan kanta-asiakaskortin haltijalle tarjotaan Pauligin niin sanottuja kaupunkikahveja hieman tavallista edullisemmin.<\/p>\n<p class=\"article-body mb-nof-24 px-nof-16\">H\u00e4mment\u00e4v\u00e4 lis\u00e4tieto kuitenkin kertoo, ett\u00e4 pakettien paino ja sen my\u00f6t\u00e4 kilohinta vaihtelevat kovasti, vaikka ulkoisesti paketit ovat samankokoisia.<\/p>\n<p class=\"article-body mb-nof-24 px-nof-16\">Tarkempi tutustuminen paljastaakin, ett\u00e4 Sydney- ja New York -kahvipaketeissa kahvia on 500 grammaa, mutta Reykjavik- ja Napoli-paketeissa 475 grammaa. Vastaavasti Barcelona- ja Singapore-kahvia saa paketissa 425 grammaa, kun keveimm\u00e4ss\u00e4 p\u00e4\u00e4ss\u00e4 Parisien-kahvia saa en\u00e4\u00e4 vain 400 grammaa.<\/p>\n<p class=\"article-body mb-nof-24 px-nof-16\">Pauligilta kerrotaan, ett\u00e4 painoerot johtuvat kahvin fysikaalisista ominaisuuksista ja valmistusprosessista.<\/p>\n<p class=\"article-body mb-nof-24 px-nof-16\">\u2013\u2009K\u00e4yt\u00e4mme tilavuudeltaan samankokoisia vakuumipakkauksia, mutta eri kahvilaadut t\u00e4ytt\u00e4v\u00e4t ne eri tavoin, kahvin tuotekehitys- ja tutkimusjohtaja <a class=\"article-personlink\" href=\"https:\/\/www.is.fi\/haku\/?query=Mari%20Outinen-Lahti\" rel=\"nofollow noopener\" target=\"_blank\">Mari Outinen-Lahti<\/a> Pauligilta kertoo Ilta-Sanomille.<\/p>\n<p class=\"article-body mb-nof-24 px-nof-16\">T\u00e4m\u00e4 johtuu siit\u00e4, ett\u00e4 kahvia paahdettaessa kahvin tilavuus kasvaa ja paino hieman kevenee kosteuden haihtuessa. N\u00e4in ollen tilavuus on tummapaahtoisilla kahveilla suurempi kuin vaaleapaahtoisilla kahveilla. Siten tilavuudeltaan samankokoiset kahvipaketit ovat eripainoisia paahtoasteesta riippuen.<\/p>\n<p class=\"article-body mb-nof-24 px-nof-16\">\u2013\u2009Kahvipakettiin mahtuu paahtoasteesta, sekoituksesta ja jauhatuksesta riippuen eri m\u00e4\u00e4r\u00e4 kahvia painossa mitattuna. Selkeimmin t\u00e4m\u00e4 n\u00e4kyy siin\u00e4, ett\u00e4 tummapaahtoisia kahveja voidaan pakata tilavuudeltaan samankokoiseen pakkaukseen v\u00e4hemm\u00e4n kuin vaaleapaahtoisia. Jokaiselle kahville m\u00e4\u00e4ritell\u00e4\u00e4n sopiva pakkauspaino, joka mahtuu vakiokokoiseen pakkaukseen, Outinen-Lahti sanoo.<\/p>\n","protected":false},"excerpt":{"rendered":"Ilta-Sanomien lukija ihmettelee kaupassa havaitsemaansa \u201dmielet\u00f6nt\u00e4\u201d kahvitarjousta. Kaupan kanta-asiakaskortin haltijalle tarjotaan Pauligin niin sanottuja kaupunkikahveja hieman tavallista edullisemmin.&hellip;\n","protected":false},"author":2,"featured_media":91788,"comment_status":"","ping_status":"","sticky":false,"template":"","format":"standard","meta":{"footnotes":""},"categories":[76],"tags":[79,77,33,31,30,34,32,78],"class_list":{"0":"post-91787","1":"post","2":"type-post","3":"status-publish","4":"format-standard","5":"has-post-thumbnail","7":"category-talous","8":"tag-business","9":"tag-economy","10":"tag-fi","11":"tag-finland","12":"tag-finnish","13":"tag-ilta-sanomat","14":"tag-suomi","15":"tag-talous"},"share_on_mastodon":{"url":"https:\/\/pubeurope.com\/@fi\/115560705259777656","error":""},"_links":{"self":[{"href":"https:\/\/www.europesays.com\/fi\/wp-json\/wp\/v2\/posts\/91787","targetHints":{"allow":["GET"]}}],"collection":[{"href":"https:\/\/www.europesays.com\/fi\/wp-json\/wp\/v2\/posts"}],"about":[{"href":"https:\/\/www.europesays.com\/fi\/wp-json\/wp\/v2\/types\/post"}],"author":[{"embeddable":true,"href":"https:\/\/www.europesays.com\/fi\/wp-json\/wp\/v2\/users\/2"}],"replies":[{"embeddable":true,"href":"https:\/\/www.europesays.com\/fi\/wp-json\/wp\/v2\/comments?post=91787"}],"version-history":[{"count":0,"href":"https:\/\/www.europesays.com\/fi\/wp-json\/wp\/v2\/posts\/91787\/revisions"}],"wp:featuredmedia":[{"embeddable":true,"href":"https:\/\/www.europesays.com\/fi\/wp-json\/wp\/v2\/media\/91788"}],"wp:attachment":[{"href":"https:\/\/www.europesays.com\/fi\/wp-json\/wp\/v2\/media?parent=91787"}],"wp:term":[{"taxonomy":"category","embeddable":true,"href":"https:\/\/www.europesays.com\/fi\/wp-json\/wp\/v2\/categories?post=91787"},{"taxonomy":"post_tag","embeddable":true,"href":"https:\/\/www.europesays.com\/fi\/wp-json\/wp\/v2\/tags?post=91787"}],"curies":[{"name":"wp","href":"https:\/\/api.w.org\/{rel}","templated":true}]}}