{"id":91799,"date":"2025-11-16T18:28:09","date_gmt":"2025-11-16T18:28:09","guid":{"rendered":"https:\/\/www.europesays.com\/fi\/91799\/"},"modified":"2025-11-16T18:28:09","modified_gmt":"2025-11-16T18:28:09","slug":"kymppirivi-tama-ttk-esitys-rajaytti-somen-ja-tuomarit-ilta-sanomat","status":"publish","type":"post","link":"https:\/\/www.europesays.com\/fi\/91799\/","title":{"rendered":"Kymppirivi! T\u00e4m\u00e4 TTK-esitys r\u00e4j\u00e4ytti somen ja tuomarit &#8211; Ilta-Sanomat"},"content":{"rendered":"<ol>\n<li><a href=\"https:\/\/news.google.com\/rss\/articles\/CBMiW0FVX3lxTFB0VzVPTlRNTUlyQUdvZUhPMjJPaUVFUjJSSzQ5eWRZVEJFMEhQSG9WYVEtSW45LVFqajVTdWQ4TzNMWUhZTlhiTGlMbmUxUV9fWDNnT3VrOFVKNEE?oc=5\" target=\"_blank\" rel=\"nofollow noopener\">Kymppirivi! T\u00e4m\u00e4 TTK-esitys r\u00e4j\u00e4ytti somen ja tuomarit<\/a>&nbsp;&nbsp;Ilta-Sanomat<\/li>\n<li><a href=\"https:\/\/news.google.com\/rss\/articles\/CBMiggFBVV95cUxQdVN6SGhISk9UczRmajVaelh3ZWw0d19Zb3cwTE1DZTJMUFhKV1IzRWo4c2JTREZSUXJGUzM2eU03WExlbEplS18zTVRzZE9sNFM5YVNtNi1IbncyTmRlMGRtdTRqVGdPRFVXZjU0eFdGTl9WMlloWXktVnNIM0Y1VHBn?oc=5\" target=\"_blank\" rel=\"nofollow noopener\">TTK: Johannes Holopaisen tanssi villitsi studioyleis\u00f6n \u2013 Tuomaripisteet loksauttivat leuan<\/a>&nbsp;&nbsp;Iltalehti<\/li>\n<li><a href=\"https:\/\/news.google.com\/rss\/articles\/CBMi1AFBVV95cUxQbTlIWEp4cC1QTEN2Zm1MeTRwZGpsTnhWWGV3ZWVvSlktUkxxcjVtcXhfbUpSWnN6cWdpQWJKSkhBOEZNanZWSmVWYmlnQXYtUVFkQVAzNFFmSFV1TlRuSUJ5ajBSWnoxc2J5SmhNeE1lWWpuMVVxSGMxc1lMZDBGeUpDaW9hdGVSQ0hnb2tSb0FrWEl2emFPclN3WGZXc2RZVTlRc0x1dDVpZk1DTTJCQlBCZnN3YUZEbk5RaEZFQVJjRTZJd2xicUZxcEdHdDlKanJzRg?oc=5\" target=\"_blank\" rel=\"nofollow noopener\">Johannes Holopainen koki h\u00e4mment\u00e4v\u00e4n hetken suorassa l\u00e4hetyksess\u00e4: &#8221;Tuli ihan semmoinen outo olo&#8221;<\/a>&nbsp;&nbsp;mtvuutiset.fi<\/li>\n<li><a href=\"https:\/\/news.google.com\/rss\/articles\/CBMimgFBVV95cUxNd2U2RUJCNzFyOXpzNlVITXVUTlVUR3FaZFRiMm9pdnhYeFplekM3Z1NJb2JEdURpRlZDTS1BaENhMUNHMFNqR0dkbDJzcV9ZZmI4ZUxjeVhtUlJObHVJY1o5cm02dFpEZld4bmp5QkNHeENCbEhLNUQyWGpfU0pQeFFPV0I4RkZmODh2U01Sa3pCTlROMkUxUWpn?oc=5\" target=\"_blank\" rel=\"nofollow noopener\">Johannes Holopaisen esitys TTK:ssa sai Jorma Uotisen kiroilemaan<\/a>&nbsp;&nbsp;Newsner Suomi<\/li>\n<li><a href=\"https:\/\/news.google.com\/rss\/articles\/CBMi8wFBVV95cUxNWkgzaXp0MVdBWGtYNllnY1doRzN5YmhjdE9yUmdNdzkwZXIxS01CdXkya0ZJMk5hdWJGRnZadnViZnJ4cHh6eDgyN1hhUHdJX0tmTkpqOGFjbmhGekM4M1poejhWalp0WWgzQnN3RnFIbFJvM3pQNTdKVkROWWZ3ejBzRlM5d0NUVXU0UHNnc0htYXphR1BlMXlZalNmTlhIbGZyVklINE9rY09BNDcxaUN0LXoyeFAyQUZreFF0Q04wUTRtZmJHanlyczYtWW94dDk0SVhFOUgyVnBGNUI4OHp0aS12UUVnZFdLdjFsRmR5eHc?oc=5\" target=\"_blank\" rel=\"nofollow noopener\">Johannes Holopainen ja Katri Riihilahti h\u00e4mm\u00e4styttiv\u00e4t onnistumisellaan haastavan k\u00f6mm\u00e4hdyksen j\u00e4lkeen<\/a>&nbsp;&nbsp;mtvuutiset.fi<\/li>\n<\/ol>\n","protected":false},"excerpt":{"rendered":"Kymppirivi! T\u00e4m\u00e4 TTK-esitys r\u00e4j\u00e4ytti somen ja tuomarit&nbsp;&nbsp;Ilta-Sanomat TTK: Johannes Holopaisen tanssi villitsi studioyleis\u00f6n \u2013 Tuomaripisteet loksauttivat leuan&nbsp;&nbsp;Iltalehti Johannes&hellip;\n","protected":false},"author":2,"featured_media":91800,"comment_status":"","ping_status":"","sticky":false,"template":"","format":"standard","meta":{"footnotes":""},"categories":[130],"tags":[137,33,31,30,34,32,109],"class_list":{"0":"post-91799","1":"post","2":"type-post","3":"status-publish","4":"format-standard","5":"has-post-thumbnail","7":"category-viihde","8":"tag-entertainment","9":"tag-fi","10":"tag-finland","11":"tag-finnish","12":"tag-ilta-sanomat","13":"tag-suomi","14":"tag-viihde"},"share_on_mastodon":{"url":"https:\/\/pubeurope.com\/@fi\/115560795520058640","error":""},"_links":{"self":[{"href":"https:\/\/www.europesays.com\/fi\/wp-json\/wp\/v2\/posts\/91799","targetHints":{"allow":["GET"]}}],"collection":[{"href":"https:\/\/www.europesays.com\/fi\/wp-json\/wp\/v2\/posts"}],"about":[{"href":"https:\/\/www.europesays.com\/fi\/wp-json\/wp\/v2\/types\/post"}],"author":[{"embeddable":true,"href":"https:\/\/www.europesays.com\/fi\/wp-json\/wp\/v2\/users\/2"}],"replies":[{"embeddable":true,"href":"https:\/\/www.europesays.com\/fi\/wp-json\/wp\/v2\/comments?post=91799"}],"version-history":[{"count":0,"href":"https:\/\/www.europesays.com\/fi\/wp-json\/wp\/v2\/posts\/91799\/revisions"}],"wp:featuredmedia":[{"embeddable":true,"href":"https:\/\/www.europesays.com\/fi\/wp-json\/wp\/v2\/media\/91800"}],"wp:attachment":[{"href":"https:\/\/www.europesays.com\/fi\/wp-json\/wp\/v2\/media?parent=91799"}],"wp:term":[{"taxonomy":"category","embeddable":true,"href":"https:\/\/www.europesays.com\/fi\/wp-json\/wp\/v2\/categories?post=91799"},{"taxonomy":"post_tag","embeddable":true,"href":"https:\/\/www.europesays.com\/fi\/wp-json\/wp\/v2\/tags?post=91799"}],"curies":[{"name":"wp","href":"https:\/\/api.w.org\/{rel}","templated":true}]}}