{"id":91804,"date":"2025-11-16T18:33:13","date_gmt":"2025-11-16T18:33:13","guid":{"rendered":"https:\/\/www.europesays.com\/fi\/91804\/"},"modified":"2025-11-16T18:33:13","modified_gmt":"2025-11-16T18:33:13","slug":"presidentti-stubb-kohtasi-reservilaisia-mpkn-harjoituksessa-olen-kaveripiirissani-huomannut-etta-on-ollut-paljon-vapaaehtoistoimintaa-kursseille-hakemista-ja-halutaan-lahtea-kert","status":"publish","type":"post","link":"https:\/\/www.europesays.com\/fi\/91804\/","title":{"rendered":"Presidentti Stubb kohtasi reservil\u00e4isi\u00e4 MPK:n harjoituksessa \u2013 \u201dOlen kaveripiiriss\u00e4ni huomannut, ett\u00e4 on ollut paljon vapaaehtoistoimintaa, kursseille hakemista ja halutaan l\u00e4hte\u00e4 kertaamaan\u201d"},"content":{"rendered":"<ul class=\"post-categories-list list-none ml-0 mb-1 pl-0 flex flex-wrap md:mb-2\">\n<li class=\"post-categories-list__item vapaaehtoinen-maanpuolustusmain-category mr-2 mb-2\">\n<p>\n\t\t\t\tVapaaehtoinen maanpuolustus\t\t\t\t<\/p>\n<\/li>\n<\/ul>\n<p class=\"single-article__lead-paragraph-container__lead-paragraph text-lg leading-normal mb-0 md:text-2xl md:leading-normal\">Alexander Stubb oli kiinnostunut reservil\u00e4isten motivaatiosta ja omista sotilasvarusteista. Presidenttipari seurasi my\u00f6s MPK:n liikuntakoulutusta Hollolan H\u00e4lv\u00e4l\u00e4ss\u00e4.<\/p>\n<p>\n\t\t\t\t\t16.11.2025<br \/>\n\t\t\t\t\t\t\t\t\t\t\t \/<br \/>\n\t\t\t\t\t\t13:40<br \/>\n\t\t\t\t\t\t\t\t\t\t\t\t \/<br \/>\n\t\t\t\t\t\tPaavo Airo\n\t\t\t\t\t\t\t\t\t\t<\/p>\n<p>\t\t\t\t<img width=\"1024\" height=\"683\" src=\"https:\/\/www.europesays.com\/fi\/wp-content\/uploads\/2025\/11\/0T0A4087-1024x683.jpg\" class=\"attachment-large size-large wp-post-image\" alt=\"\" decoding=\"async\" fetchpriority=\"high\"  \/>\t\t\t\t\t<\/p>\n<p>Paavo Airo<\/p>\n<p>Alexander Stubb oli valinnut omasta kaapistaan Salpaussel\u00e4n kisojen pipon, sill\u00e4 H\u00e4lv\u00e4l\u00e4 sijaitsee hyvin l\u00e4hell\u00e4 Lahden kisamaastoja.<\/p>\n<p>Presidentti <strong>Alexander Stubb <\/strong>seurasi lauantaina vapaaehtoista maanpuolustuskoulutusta MPK:n Marras-H\u00e4lv\u00e4 25 -harjoituksessa. Presidentille ja h\u00e4nen puolisolleen <strong>Suzanne Innes-Stubbille<\/strong> esiteltiin Hollolan H\u00e4lv\u00e4l\u00e4ss\u00e4 muun muassa taistelupelastajan peruskurssia, jonka yhteydess\u00e4 reservil\u00e4iset p\u00e4\u00e4siv\u00e4t keskustelemaan Stubbin kanssa.<\/p>\n<p>Stubb oli kiinnostunut kurssilaisten motivaatiosta maanpuolustusta kohtaan ja kyseli heilt\u00e4 esimerkiksi, mink\u00e4 verran he ovat satsanneet omiin sotilasvarusteisiin. Vastaus oli, kuten arvata saattaa, paljon. Reservil\u00e4iset p\u00e4\u00e4siv\u00e4t esittelem\u00e4\u00e4n varusteitaan ja huomauttipa er\u00e4skin osallistuja pilke silm\u00e4kulmassa, ettei sotilasvarusteiden verov\u00e4hennysoikeus haittaisi.<\/p>\n<p>Stubb kertoi panneensa merkille, ett\u00e4 kiinnostus maanpuolustuskoulutusta kohtaan on t\u00e4ll\u00e4 hetkell\u00e4 suurta.<\/p>\n<p>\u2013 Olen my\u00f6s omassa kaveripiiriss\u00e4ni huomannut, ett\u00e4 on ollut paljon vapaaehtoistoimintaa, kursseille hakemista ja halutaan l\u00e4hte\u00e4 kertaamaan. Tietysti maailmanpoliittisesta tilanteesta johtuen aika pitk\u00e4lti, Stubb sanoi.<\/p>\n<p><img loading=\"lazy\" decoding=\"async\" width=\"1024\" height=\"683\" src=\"https:\/\/www.europesays.com\/fi\/wp-content\/uploads\/2025\/11\/0T0A4109-1024x683.jpg\" alt=\"\" class=\"wp-image-13302\"  \/>MPK:n Kunnossa inttiin -kurssiin kuuluu liikuntaharjoituksia, ja oman kunnon voi testata lihaskuntotestiss\u00e4 ja 12 minuutin juoksutestiss\u00e4, jotka ovat samanlaiset kuin varusmiespalveluksessa.<\/p>\n<p>Paavo Airo<\/p>\n<p>Liikuntakoulutusta seuratessaan Stubb keskusteli muiden muassa Kunnossa inttiin -kurssin osallistujien kanssa. Palvelukseen valmistautuvat naiset ja miehet suorittivat H\u00e4lv\u00e4l\u00e4ss\u00e4 lihaskuntotestej\u00e4. Stubb oli kiinnostunut, ovatko nuoret tutustuneet kev\u00e4\u00e4ll\u00e4 julkaistuun Ylip\u00e4\u00e4llik\u00f6n harjoitusohjelmaan ja onko se ollut liian helppo tai liian vaativa. Harjoitusohjelman tarkoituksena on ollut auttaa palvelukseen valmistautuvia kunnon kehitt\u00e4misess\u00e4 samoin kuin MPK:n Kunnossa inttiin -kurssinkin.<\/p>\n<p>Puolustusvoimien varusmiehille hiljattain teett\u00e4m\u00e4n kyselyn perusteella Ylip\u00e4\u00e4llik\u00f6n harjoitusohjelmasta on saatu positiivisia kokemuksia, ja ohjelman k\u00e4ytt\u00e4j\u00e4t ovat kokeneet fyysisen kuntonsa parantuneen selv\u00e4sti useammin kuin niill\u00e4, jotka eiv\u00e4t k\u00e4ytt\u00e4neet ohjelmaa.<\/p>\n","protected":false},"excerpt":{"rendered":"Vapaaehtoinen maanpuolustus Alexander Stubb oli kiinnostunut reservil\u00e4isten motivaatiosta ja omista sotilasvarusteista. Presidenttipari seurasi my\u00f6s MPK:n liikuntakoulutusta Hollolan H\u00e4lv\u00e4l\u00e4ss\u00e4.&hellip;\n","protected":false},"author":2,"featured_media":91805,"comment_status":"","ping_status":"","sticky":false,"template":"","format":"standard","meta":{"footnotes":""},"categories":[12],"tags":[22,23,26,27,33,31,30,17,24,25,28,29,15,18,21,32,19,20,16],"class_list":{"0":"post-91804","1":"post","2":"type-post","3":"status-publish","4":"format-standard","5":"has-post-thumbnail","7":"category-suomi","8":"tag-breaking-news","9":"tag-breakingnews","10":"tag-featured-news","11":"tag-featurednews","12":"tag-fi","13":"tag-finland","14":"tag-finnish","15":"tag-headlines","16":"tag-latest-news","17":"tag-latestnews","18":"tag-main-news","19":"tag-mainnews","20":"tag-news","21":"tag-otsikot","22":"tag-paauutiset","23":"tag-suomi","24":"tag-top-stories","25":"tag-topstories","26":"tag-uutiset"},"share_on_mastodon":{"url":"https:\/\/pubeurope.com\/@fi\/115560815485240256","error":""},"_links":{"self":[{"href":"https:\/\/www.europesays.com\/fi\/wp-json\/wp\/v2\/posts\/91804","targetHints":{"allow":["GET"]}}],"collection":[{"href":"https:\/\/www.europesays.com\/fi\/wp-json\/wp\/v2\/posts"}],"about":[{"href":"https:\/\/www.europesays.com\/fi\/wp-json\/wp\/v2\/types\/post"}],"author":[{"embeddable":true,"href":"https:\/\/www.europesays.com\/fi\/wp-json\/wp\/v2\/users\/2"}],"replies":[{"embeddable":true,"href":"https:\/\/www.europesays.com\/fi\/wp-json\/wp\/v2\/comments?post=91804"}],"version-history":[{"count":0,"href":"https:\/\/www.europesays.com\/fi\/wp-json\/wp\/v2\/posts\/91804\/revisions"}],"wp:featuredmedia":[{"embeddable":true,"href":"https:\/\/www.europesays.com\/fi\/wp-json\/wp\/v2\/media\/91805"}],"wp:attachment":[{"href":"https:\/\/www.europesays.com\/fi\/wp-json\/wp\/v2\/media?parent=91804"}],"wp:term":[{"taxonomy":"category","embeddable":true,"href":"https:\/\/www.europesays.com\/fi\/wp-json\/wp\/v2\/categories?post=91804"},{"taxonomy":"post_tag","embeddable":true,"href":"https:\/\/www.europesays.com\/fi\/wp-json\/wp\/v2\/tags?post=91804"}],"curies":[{"name":"wp","href":"https:\/\/api.w.org\/{rel}","templated":true}]}}