{"id":91814,"date":"2025-11-16T18:53:10","date_gmt":"2025-11-16T18:53:10","guid":{"rendered":"https:\/\/www.europesays.com\/fi\/91814\/"},"modified":"2025-11-16T18:53:10","modified_gmt":"2025-11-16T18:53:10","slug":"huippupelaajaa-ammuttu-keskella-new-yorkia","status":"publish","type":"post","link":"https:\/\/www.europesays.com\/fi\/91814\/","title":{"rendered":"Huippupelaajaa ammuttu keskell\u00e4 New Yorkia"},"content":{"rendered":"<p>NFL-t\u00e4hti on kriittisess\u00e4 tilassa.<\/p>\n<p><img decoding=\"async\" class=\"image image-show image-preview\" src=\"https:\/\/www.europesays.com\/fi\/wp-content\/uploads\/2025\/11\/6a23b143f5cdea3ae77ef90d84a79ce790e4bca2d121d0a4b301ad44c244d6c0.jpg\" alt=\"\"\/><img decoding=\"async\" class=\"image image-show\" src=\"https:\/\/www.europesays.com\/fi\/wp-content\/uploads\/2025\/11\/1763319190_299_6a23b143f5cdea3ae77ef90d84a79ce790e4bca2d121d0a4b301ad44c244d6c0.jpg\" alt=\"\"\/><\/p>\n<p>Kris Boydia on ammuttu. ZumaWire \/ MVPHOTOS<\/p>\n<p class=\"paragraph\">NFL-t\u00e4hti <strong>Kris Boydia<\/strong>, 29, on ammuttu Manhattanilla New Yorkissa paikallista aikaa sunnuntaiaamuna, kertoo <a href=\"https:\/\/nypost.com\/2025\/11\/16\/sports\/jets-cornerback-kris-boyd-in-critical-condition-after-shooting-outside-nyc-club\/\" target=\"_blank\" rel=\"noopener nofollow\">New York Post<\/a>.<\/p>\n<p class=\"paragraph\">Boyd kuljetettiin kiireellisesti sairaalaan, jossa h\u00e4n on kriittisess\u00e4 mutta vakaassa tilassa.<\/p>\n<p class=\"paragraph\">Ampuminen tapahtui New Yorkin keskustassa. Lehden mukaan Boyd joutui ampumisen kohteeksi riidan seurauksena. Ampuja laukaisi kaksi laukausta ja pakeni paikalta autolla.<\/p>\n<p class=\"paragraph\">Ket\u00e4\u00e4n ei ole viel\u00e4 pid\u00e4tetty tilanteen takia.<\/p>\n<p class=\"paragraph\">\u2013 Olemme tietoisia Kris Boydin tilanteesta, emmek\u00e4 anna t\u00e4ss\u00e4 vaiheessa lis\u00e4kommentteja, tiedotti New York Jets.<\/p>\n<p class=\"paragraph\">Boyd varattiin seitsem\u00e4nnell\u00e4 kierroksella vuonna 2019 ja pelasi Minnesota Vikingsissa vuoteen 2022 asti. Sen j\u00e4lkeen h\u00e4nell\u00e4 oli lyhyt kausi Arizona Cardinalsissa, ennen siirtymist\u00e4\u00e4n Houston Texansiin.<\/p>\n<p class=\"paragraph\">Maaliskuussa Boyd allekirjoitti yksivuotisen sopimuksen New York Jetsin kanssa, mutta elokuusta l\u00e4htien h\u00e4n on ollut loukkaantuneena. H\u00e4n on pelipaikaltaan kulmapuolustaja.<\/p>\n","protected":false},"excerpt":{"rendered":"NFL-t\u00e4hti on kriittisess\u00e4 tilassa. Kris Boydia on ammuttu. ZumaWire \/ MVPHOTOS NFL-t\u00e4hti Kris Boydia, 29, on ammuttu Manhattanilla&hellip;\n","protected":false},"author":2,"featured_media":91815,"comment_status":"","ping_status":"","sticky":false,"template":"","format":"standard","meta":{"footnotes":""},"categories":[158],"tags":[35,722,33,31,30,52,2461,103,159,32,160,1638],"class_list":{"0":"post-91814","1":"post","2":"type-post","3":"status-publish","4":"format-standard","5":"has-post-thumbnail","7":"category-urheilu","8":"tag-24h","9":"tag-amerikka","10":"tag-fi","11":"tag-finland","12":"tag-finnish","13":"tag-poliisi","14":"tag-sairaalat-ja-terveyskeskukset","15":"tag-sosiaalikysymykset","16":"tag-sports","17":"tag-suomi","18":"tag-urheilu","19":"tag-yhdysvaltojen-osavaltiot"},"share_on_mastodon":{"url":"https:\/\/pubeurope.com\/@fi\/115560894166581694","error":""},"_links":{"self":[{"href":"https:\/\/www.europesays.com\/fi\/wp-json\/wp\/v2\/posts\/91814","targetHints":{"allow":["GET"]}}],"collection":[{"href":"https:\/\/www.europesays.com\/fi\/wp-json\/wp\/v2\/posts"}],"about":[{"href":"https:\/\/www.europesays.com\/fi\/wp-json\/wp\/v2\/types\/post"}],"author":[{"embeddable":true,"href":"https:\/\/www.europesays.com\/fi\/wp-json\/wp\/v2\/users\/2"}],"replies":[{"embeddable":true,"href":"https:\/\/www.europesays.com\/fi\/wp-json\/wp\/v2\/comments?post=91814"}],"version-history":[{"count":0,"href":"https:\/\/www.europesays.com\/fi\/wp-json\/wp\/v2\/posts\/91814\/revisions"}],"wp:featuredmedia":[{"embeddable":true,"href":"https:\/\/www.europesays.com\/fi\/wp-json\/wp\/v2\/media\/91815"}],"wp:attachment":[{"href":"https:\/\/www.europesays.com\/fi\/wp-json\/wp\/v2\/media?parent=91814"}],"wp:term":[{"taxonomy":"category","embeddable":true,"href":"https:\/\/www.europesays.com\/fi\/wp-json\/wp\/v2\/categories?post=91814"},{"taxonomy":"post_tag","embeddable":true,"href":"https:\/\/www.europesays.com\/fi\/wp-json\/wp\/v2\/tags?post=91814"}],"curies":[{"name":"wp","href":"https:\/\/api.w.org\/{rel}","templated":true}]}}