{"id":91821,"date":"2025-11-16T18:59:08","date_gmt":"2025-11-16T18:59:08","guid":{"rendered":"https:\/\/www.europesays.com\/fi\/91821\/"},"modified":"2025-11-16T18:59:08","modified_gmt":"2025-11-16T18:59:08","slug":"ikaalisissa-palaa-kerrostalo-ei-henkilovahinkoja-uutisia-lyhyesti","status":"publish","type":"post","link":"https:\/\/www.europesays.com\/fi\/91821\/","title":{"rendered":"Ikaalisissa palaa kerrostalo \u2013 ei henkil\u00f6vahinkoja | Uutisia lyhyesti"},"content":{"rendered":"<p class=\"aw-1gybjub aw-5vja16 kEtdKx kmuxyA yle__article__paragraph\">Sammutusty\u00f6t jatkuvat edelleen.<\/p>\n<p><img decoding=\"async\" alt=\"Kartta Ikaalisen keskustan tulipalon sijainnista.\" src=\"https:\/\/www.europesays.com\/fi\/wp-content\/uploads\/2025\/11\/39-1554689691a0786c7ab5.jpeg\" class=\"aw-1l9m598 hKVVvP\"\/><\/p>\n<p>Avaa kuvien katselu<\/p>\n<p>Pelastuslaitos kehottaa sivullisia v\u00e4ltt\u00e4m\u00e4\u00e4n liikkumista alueella. Kuva: Laura Merikalla \/ Yle, Mapcreator, OpenStreetMap<\/p>\n<p>19:11\u2022P\u00e4ivitetty 20:13<\/p>\n<p class=\"aw-1gybjub aw-1p7kakr kEtdKx cEmitX yle__article__paragraph\">Kerrostalo palaa Ikaalisissa. Pelastuslaitos on evakuoinut kohteen molempien rappujen asukkaat, yhteens\u00e4 18 henkil\u00f6\u00e4.<\/p>\n<p class=\"aw-1gybjub aw-1p7kakr kEtdKx cEmitX yle__article__paragraph\">Sammutusty\u00f6t jatkuvat edelleen. Palo on levinnyt talon kellarin varastotiloihin.<\/p>\n<p class=\"aw-1gybjub aw-1p7kakr kEtdKx cEmitX yle__article__paragraph\">Ensihoito on tarkastanut evakuoidut eik\u00e4 tiedossa ole henkil\u00f6vahinkoja.<\/p>\n<p class=\"aw-1gybjub aw-1p7kakr kEtdKx cEmitX yle__article__paragraph\">Palosta levi\u00e4\u00e4 savua alueelle ja sivullisia kehotetaan v\u00e4ltt\u00e4m\u00e4\u00e4n liikkumista alueella.<\/p>\n<p class=\"aw-1gybjub aw-1p7kakr kEtdKx cEmitX yle__article__paragraph\">Naapurissa asuva <strong class=\"aw-ak79eh KyCXm yle__article__strong\">Noora Valli<\/strong> on seurannut paloa asuntonsa ikkunasta k\u00e4sin.<\/p>\n<p class=\"aw-1gybjub aw-1p7kakr kEtdKx cEmitX yle__article__paragraph\">\u2013 Savua on n\u00e4kynyt, mutta ei liekkej\u00e4, Valli kertoo Ylelle.<\/p>\n<p class=\"aw-1gybjub aw-1p7kakr kEtdKx cEmitX yle__article__paragraph\">H\u00e4n kertoo h\u00e4mm\u00e4stelleens\u00e4 paloautojen m\u00e4\u00e4r\u00e4\u00e4 ja miettineens\u00e4, mit\u00e4 ihmett\u00e4 naapurissa tapahtuu.<\/p>\n<p class=\"aw-1gybjub aw-1p7kakr kEtdKx cEmitX yle__article__paragraph\">Ensimm\u00e4isten yksik\u00f6iden saapuessa kohteeseen havaittiin kerrostalon alimmasta kerroksesta tulevan reilusti savua. Kerrostalo sijaitsee Ojasenkadulla.<\/p>\n<p class=\"aw-1gybjub aw-1p7kakr kEtdKx cEmitX yle__article__paragraph\">Pelastuslaitos sai h\u00e4lytyksen rakennuspalosta t\u00e4n\u00e4\u00e4n puoli seitsem\u00e4n aikaa illalla.<\/p>\n<p class=\"aw-1gybjub aw-1p7kakr kEtdKx cEmitX yle__article__paragraph\">Kohteeseen on h\u00e4lytetty noin 15 pelastuslaitoksen yksikk\u00f6\u00e4.<\/p>\n<p class=\"aw-1gybjub aw-1p7kakr kEtdKx cEmitX yle__article__paragraph\">Uutinen p\u00e4ivittyy.<\/p>\n<p class=\"aw-1gybjub aw-1p7kakr kEtdKx cEmitX yle__article__paragraph\">Korjattu: 16.11.2025 klo 19.42 Osoite korjattu. Kerrostalo sijaitsee Ojasenkadulla.<\/p>\n","protected":false},"excerpt":{"rendered":"Sammutusty\u00f6t jatkuvat edelleen. Avaa kuvien katselu Pelastuslaitos kehottaa sivullisia v\u00e4ltt\u00e4m\u00e4\u00e4n liikkumista alueella. Kuva: Laura Merikalla \/ Yle, Mapcreator,&hellip;\n","protected":false},"author":2,"featured_media":91822,"comment_status":"","ping_status":"","sticky":false,"template":"","format":"standard","meta":{"footnotes":""},"categories":[12],"tags":[22,23,2264,26,27,33,31,30,17,10191,71,24,25,28,29,15,837,18,21,127,857,32,19,20,1265,16],"class_list":{"0":"post-91821","1":"post","2":"type-post","3":"status-publish","4":"format-standard","5":"has-post-thumbnail","7":"category-suomi","8":"tag-breaking-news","9":"tag-breakingnews","10":"tag-evakuointi","11":"tag-featured-news","12":"tag-featurednews","13":"tag-fi","14":"tag-finland","15":"tag-finnish","16":"tag-headlines","17":"tag-ikaalinen","18":"tag-kotimaa","19":"tag-latest-news","20":"tag-latestnews","21":"tag-main-news","22":"tag-mainnews","23":"tag-news","24":"tag-onnettomuudet","25":"tag-otsikot","26":"tag-paauutiset","27":"tag-pelastuslaitokset","28":"tag-pelastustoiminta","29":"tag-suomi","30":"tag-top-stories","31":"tag-topstories","32":"tag-tulipalot","33":"tag-uutiset"},"share_on_mastodon":{"url":"https:\/\/pubeurope.com\/@fi\/115560917606901066","error":""},"_links":{"self":[{"href":"https:\/\/www.europesays.com\/fi\/wp-json\/wp\/v2\/posts\/91821","targetHints":{"allow":["GET"]}}],"collection":[{"href":"https:\/\/www.europesays.com\/fi\/wp-json\/wp\/v2\/posts"}],"about":[{"href":"https:\/\/www.europesays.com\/fi\/wp-json\/wp\/v2\/types\/post"}],"author":[{"embeddable":true,"href":"https:\/\/www.europesays.com\/fi\/wp-json\/wp\/v2\/users\/2"}],"replies":[{"embeddable":true,"href":"https:\/\/www.europesays.com\/fi\/wp-json\/wp\/v2\/comments?post=91821"}],"version-history":[{"count":0,"href":"https:\/\/www.europesays.com\/fi\/wp-json\/wp\/v2\/posts\/91821\/revisions"}],"wp:featuredmedia":[{"embeddable":true,"href":"https:\/\/www.europesays.com\/fi\/wp-json\/wp\/v2\/media\/91822"}],"wp:attachment":[{"href":"https:\/\/www.europesays.com\/fi\/wp-json\/wp\/v2\/media?parent=91821"}],"wp:term":[{"taxonomy":"category","embeddable":true,"href":"https:\/\/www.europesays.com\/fi\/wp-json\/wp\/v2\/categories?post=91821"},{"taxonomy":"post_tag","embeddable":true,"href":"https:\/\/www.europesays.com\/fi\/wp-json\/wp\/v2\/tags?post=91821"}],"curies":[{"name":"wp","href":"https:\/\/api.w.org\/{rel}","templated":true}]}}