{"id":91861,"date":"2025-11-16T19:53:09","date_gmt":"2025-11-16T19:53:09","guid":{"rendered":"https:\/\/www.europesays.com\/fi\/91861\/"},"modified":"2025-11-16T19:53:09","modified_gmt":"2025-11-16T19:53:09","slug":"profiili-oli-kuin-villisialla-kokenut-metsastaja-laukaisi-aseensa","status":"publish","type":"post","link":"https:\/\/www.europesays.com\/fi\/91861\/","title":{"rendered":"Profiili oli kuin villisialla \u2013 Kokenut mets\u00e4st\u00e4j\u00e4 laukaisi aseensa"},"content":{"rendered":"<p>Ulkomaalainen mets\u00e4st\u00e4j\u00e4 seisoi ampumatornissa ja n\u00e4ki iltah\u00e4m\u00e4r\u00e4ss\u00e4 suuren el\u00e4imen, mutta vain puolittain. Pian h\u00e4n teki pahan virheen.<\/p>\n<p><img decoding=\"async\" class=\"image image-show image-preview\" src=\"https:\/\/www.europesays.com\/fi\/wp-content\/uploads\/2025\/11\/8d8509cd8de1ea09dbfd1a821716f2146cd6d5e9399c36af782dd038407e6827.jpg\" alt=\"\"\/><img decoding=\"async\" class=\"image image-show\" src=\"https:\/\/www.europesays.com\/fi\/wp-content\/uploads\/2025\/11\/1763322789_139_8d8509cd8de1ea09dbfd1a821716f2146cd6d5e9399c36af782dd038407e6827.jpg\" alt=\"\"\/><\/p>\n<p>L\u00e4mp\u00f6kamerat\u00e4ht\u00e4in osoittaa el\u00e4imen tai ihmisen hahmon. Se toimii my\u00f6s pime\u00e4ss\u00e4. Kuvituskuva. Adobe Stock \/ AOP<\/p>\n<p class=\"paragraph\">Mies tarkasteli kookasta el\u00e4int\u00e4 kiv\u00e4\u00e4rin l\u00e4mp\u00f6kamerat\u00e4ht\u00e4imen kautta. El\u00e4imell\u00e4 n\u00e4ytti olevan villisian profiili. Mies laukaisi aseensa. Luoti osui karhuun ja haavoitti sit\u00e4 vakavasti. Karhu piti vammansa vuoksi lopettaa.<\/p>\n<p class=\"paragraph\">59-vuotias mies ei peitellyt tapahtunutta, mutta joutui siit\u00e4 vastuuseen. H\u00e4n vietti yhden y\u00f6n poliisin selliss\u00e4 ja vastasi ulkomaalaisena rikosep\u00e4iltyn\u00e4 pikavauhtia syytteeseen mets\u00e4stysrikoksesta.<\/p>\n<p class=\"paragraph\">Etel\u00e4-Karjalan k\u00e4r\u00e4j\u00e4oikeudessa tutkittu teko tapahtui Parikkalassa 17. lokakuuta eli kuukausi sitten.<\/p>\n<p class=\"paragraph\">Oikeudelle mies my\u00f6nsi tapahtuneen, mutta kiisti rikoksen. H\u00e4n oli ampunut karhua erehdyksess\u00e4. H\u00e4n ei ollut menetellyt t\u00f6rke\u00e4n huolimattomasti tai viel\u00e4 v\u00e4hemm\u00e4n tahallisesti.<\/p>\n<p>Ei ollut karhua ennen n\u00e4hnyt<\/p>\n<p class=\"paragraph\">Puolustuksen mukaan syytetty on pitk\u00e4n linjan mets\u00e4st\u00e4j\u00e4 ja tunsi vastuunsa. H\u00e4n oli heti ryhtynyt selvitt\u00e4m\u00e4\u00e4n asiaa. Kyse oli ollut luvallisesta mets\u00e4styksest\u00e4. Tarkoitus oli mets\u00e4st\u00e4\u00e4 villisikaa.<\/p>\n<p class=\"paragraph\">Vastaaja ei ollut aiemmin n\u00e4hnyt el\u00e4v\u00e4\u00e4 karhua. Villisikaa h\u00e4n mets\u00e4sti kiv\u00e4\u00e4rin l\u00e4mp\u00f6kamerat\u00e4ht\u00e4imen avulla. H\u00e4n ei ollut aiemmin sellaista t\u00e4ht\u00e4int\u00e4 k\u00e4ytt\u00e4nyt.<\/p>\n<p class=\"paragraph\">Tilanteessa h\u00e4n oli n\u00e4hnyt noin 70 metrin p\u00e4\u00e4ss\u00e4 olleen el\u00e4imen puolittain. H\u00e4nell\u00e4 k\u00e4vi mieless\u00e4, ett\u00e4 el\u00e4in saattaisi olla karhu.<\/p>\n<p class=\"paragraph\">L\u00e4mp\u00f6t\u00e4ht\u00e4imen kautta katsottuna el\u00e4imen profiili oli kuitenkin villisian profiili.<\/p>\n<p>Suomessa on Luonnonvarakeskuksen arvion mukaan noin 2500 villisikaa. Kanta on tihein it\u00e4rajan tuntumassa Kaakkois-Suomessa ja it\u00e4isell\u00e4 Uudellamaalla. Kuva on Puolasta. LAURI OLANDER\/KL<\/p>\n<p>Tiesi alueen karhuista<\/p>\n<p class=\"paragraph\">Puolustuksen selityksest\u00e4 huolimatta k\u00e4r\u00e4j\u00e4oikeus tuomitsi miehen mets\u00e4stysrikoksesta syytteen mukaisesti. Oikeuden mukaan vastaaja menetteli t\u00f6rke\u00e4n huolimattomasti laukaistessaan aseensa tunnistamatta el\u00e4int\u00e4, jota ampuu.<\/p>\n<p class=\"paragraph\">K\u00e4r\u00e4j\u00e4oikeus toteaa, ett\u00e4 mets\u00e4stykseen kuuluu vakiintuneesti korostunut huolellisuusvelvollisuus. Mets\u00e4st\u00e4j\u00e4n tulee aseen kanssa liikkuessaan aina toimia siten, ettei kohteeksi joudu el\u00e4int\u00e4, jonka kaatamiseen ei ole lupaa.<\/p>\n<p class=\"paragraph\">T\u00e4ss\u00e4 tapauksessa syytetty oli saanut tiet\u00e4\u00e4, ett\u00e4 alueella liikkuu my\u00f6s karhuja. H\u00e4nelle oli kerrottu, ettei niit\u00e4 saa mets\u00e4st\u00e4\u00e4.<\/p>\n<p class=\"paragraph\">Oikeus huomauttaa, ett\u00e4 vastaaja oli itsekin miettinyt kyseess\u00e4 voivan olla karhu. Se, ettei h\u00e4nell\u00e4 ollut kokemusta karhuista, ei lievenn\u00e4 asiaa vaan pikemminkin lis\u00e4\u00e4 h\u00e4nen velvollisuuttaan varmistua siit\u00e4, mik\u00e4 el\u00e4in on kyseess\u00e4.<\/p>\n<p>Karhu on riistael\u00e4in, mutta sit\u00e4 saa mets\u00e4st\u00e4\u00e4 vain Suomen riistakeskuksen luvalla. Kuvan el\u00e4in liikkui Hyvink\u00e4\u00e4ll\u00e4 kev\u00e4\u00e4ll\u00e4 2017. Jorma Ukkonen<\/p>\n<p>L\u00e4mp\u00f6t\u00e4ht\u00e4in oli t\u00e4ss\u00e4 sallittu<\/p>\n<p class=\"paragraph\">Tekoon liittyy kuitenkin my\u00f6s lievent\u00e4vi\u00e4 seikkoja. Teko ei ole tahallinen. N\u00e4in ollen teko on sakoilla sovitettavissa.<\/p>\n<p class=\"paragraph\">Rangaistus on 40 p\u00e4iv\u00e4sakkoa, joista kolme v\u00e4hennet\u00e4\u00e4n vapaudenmenetyksen vuoksi. Maksettavaa miehelle kertyy 1480 euroa. Syytt\u00e4j\u00e4 luopui oikeudessa alkuper\u00e4isest\u00e4 vaatimuksestaan karhun arvon tuomitsemisesta valtiolle.<\/p>\n<p class=\"paragraph\">Todettakoon, ett\u00e4 sotilastekniikasta pikemmin tunnetut l\u00e4mp\u00f6t\u00e4ht\u00e4imet eiv\u00e4t ole mets\u00e4styksess\u00e4 sallittuja. Niit\u00e4 saa Suomessa kuitenkin k\u00e4ytt\u00e4\u00e4 poikkeusluvalla villisian ja valkoh\u00e4nt\u00e4peuran mets\u00e4styksess\u00e4.<\/p>\n<p class=\"paragraph\">T\u00e4ss\u00e4 tapauksessa erikoist\u00e4ht\u00e4imelle oli lupa.<\/p>\n","protected":false},"excerpt":{"rendered":"Ulkomaalainen mets\u00e4st\u00e4j\u00e4 seisoi ampumatornissa ja n\u00e4ki iltah\u00e4m\u00e4r\u00e4ss\u00e4 suuren el\u00e4imen, mutta vain puolittain. Pian h\u00e4n teki pahan virheen. L\u00e4mp\u00f6kamerat\u00e4ht\u00e4in&hellip;\n","protected":false},"author":2,"featured_media":91862,"comment_status":"","ping_status":"","sticky":false,"template":"","format":"standard","meta":{"footnotes":""},"categories":[117],"tags":[35,404,821,33,31,30,53,72,476,785,118,591,32,119,477],"class_list":{"0":"post-91861","1":"post","2":"type-post","3":"status-publish","4":"format-standard","5":"has-post-thumbnail","7":"category-luonto","8":"tag-24h","9":"tag-elaimet","10":"tag-eramaat","11":"tag-fi","12":"tag-finland","13":"tag-finnish","14":"tag-laki-oikeus-ja-rikos","15":"tag-luonto","16":"tag-nature","17":"tag-nisakkaat","18":"tag-science","19":"tag-selkarankaiset","20":"tag-suomi","21":"tag-tiede","22":"tag-wildlife"},"share_on_mastodon":{"url":"https:\/\/pubeurope.com\/@fi\/115561129881142709","error":""},"_links":{"self":[{"href":"https:\/\/www.europesays.com\/fi\/wp-json\/wp\/v2\/posts\/91861","targetHints":{"allow":["GET"]}}],"collection":[{"href":"https:\/\/www.europesays.com\/fi\/wp-json\/wp\/v2\/posts"}],"about":[{"href":"https:\/\/www.europesays.com\/fi\/wp-json\/wp\/v2\/types\/post"}],"author":[{"embeddable":true,"href":"https:\/\/www.europesays.com\/fi\/wp-json\/wp\/v2\/users\/2"}],"replies":[{"embeddable":true,"href":"https:\/\/www.europesays.com\/fi\/wp-json\/wp\/v2\/comments?post=91861"}],"version-history":[{"count":0,"href":"https:\/\/www.europesays.com\/fi\/wp-json\/wp\/v2\/posts\/91861\/revisions"}],"wp:featuredmedia":[{"embeddable":true,"href":"https:\/\/www.europesays.com\/fi\/wp-json\/wp\/v2\/media\/91862"}],"wp:attachment":[{"href":"https:\/\/www.europesays.com\/fi\/wp-json\/wp\/v2\/media?parent=91861"}],"wp:term":[{"taxonomy":"category","embeddable":true,"href":"https:\/\/www.europesays.com\/fi\/wp-json\/wp\/v2\/categories?post=91861"},{"taxonomy":"post_tag","embeddable":true,"href":"https:\/\/www.europesays.com\/fi\/wp-json\/wp\/v2\/tags?post=91861"}],"curies":[{"name":"wp","href":"https:\/\/api.w.org\/{rel}","templated":true}]}}