{"id":91873,"date":"2025-11-16T20:16:08","date_gmt":"2025-11-16T20:16:08","guid":{"rendered":"https:\/\/www.europesays.com\/fi\/91873\/"},"modified":"2025-11-16T20:16:08","modified_gmt":"2025-11-16T20:16:08","slug":"marjorie-taylor-greene-ajautui-trumpin-sydankavysta-hylkioksi","status":"publish","type":"post","link":"https:\/\/www.europesays.com\/fi\/91873\/","title":{"rendered":"Marjorie Taylor Greene ajautui Trumpin syd\u00e4nk\u00e4vyst\u00e4 hylki\u00f6ksi"},"content":{"rendered":"<p>Yhdysvallat|Trumpia vuosikausien ajan palavasti tukenut Marjorie Taylor Greene on vuoden varrella ajautunut useissa kysymyksiss\u00e4 poikkiteloin presidentin politiikan kanssa.<\/p>\n<p class=\"article-body mb-nof-24 px-nof-16\">Marraskuun 17. p\u00e4iv\u00e4n\u00e4 2018 georgialainen yritt\u00e4j\u00e4nainen julkaisi Facebookissa pitk\u00e4n <a class=\"article-genericlink\" href=\"https:\/\/www.mediamatters.org\/facebook\/marjorie-taylor-greene-penned-conspiracy-theory-laser-beam-space-started-deadly-2018\" rel=\"nofollow noopener\" target=\"_blank\">kirjoituksen<\/a>, jossa h\u00e4n heitti ilmoille ep\u00e4ilyksen, ett\u00e4 avaruudesta ammuttu lasers\u00e4de olisi aiheuttanut Kaliforniassa riehuvat mets\u00e4palot.<\/p>\n<p class=\"article-body mb-nof-24 px-nof-16\">\u201d70 ihmisen on vahvistettu kuolleen ja yli tuhat on kateissa. Kalifornian tulipalot ovat hirvitt\u00e4v\u00e4 tragedia. Rukoilen kaikkien siell\u00e4 olevien puolesta\u201d, <a class=\"article-personlink\" href=\"https:\/\/www.hs.fi\/haku\/?query=Marjorie%20Taylor%20Greene\" rel=\"nofollow noopener\" target=\"_blank\">Marjorie Taylor Greene<\/a> kirjoitti.<\/p>\n","protected":false},"excerpt":{"rendered":"Yhdysvallat|Trumpia vuosikausien ajan palavasti tukenut Marjorie Taylor Greene on vuoden varrella ajautunut useissa kysymyksiss\u00e4 poikkiteloin presidentin politiikan kanssa.&hellip;\n","protected":false},"author":2,"featured_media":91874,"comment_status":"","ping_status":"","sticky":false,"template":"","format":"standard","meta":{"footnotes":""},"categories":[14],"tags":[22,23,26,27,33,31,30,17,46,24,25,28,29,15,18,21,32,19,20,56,16,59,60,61],"class_list":{"0":"post-91873","1":"post","2":"type-post","3":"status-publish","4":"format-standard","5":"has-post-thumbnail","7":"category-ulkomaat","8":"tag-breaking-news","9":"tag-breakingnews","10":"tag-featured-news","11":"tag-featurednews","12":"tag-fi","13":"tag-finland","14":"tag-finnish","15":"tag-headlines","16":"tag-helsingin-sanomat","17":"tag-latest-news","18":"tag-latestnews","19":"tag-main-news","20":"tag-mainnews","21":"tag-news","22":"tag-otsikot","23":"tag-paauutiset","24":"tag-suomi","25":"tag-top-stories","26":"tag-topstories","27":"tag-ulkomaat","28":"tag-uutiset","29":"tag-world","30":"tag-world-news","31":"tag-worldnews"},"share_on_mastodon":{"url":"https:\/\/pubeurope.com\/@fi\/115561220281411889","error":""},"_links":{"self":[{"href":"https:\/\/www.europesays.com\/fi\/wp-json\/wp\/v2\/posts\/91873","targetHints":{"allow":["GET"]}}],"collection":[{"href":"https:\/\/www.europesays.com\/fi\/wp-json\/wp\/v2\/posts"}],"about":[{"href":"https:\/\/www.europesays.com\/fi\/wp-json\/wp\/v2\/types\/post"}],"author":[{"embeddable":true,"href":"https:\/\/www.europesays.com\/fi\/wp-json\/wp\/v2\/users\/2"}],"replies":[{"embeddable":true,"href":"https:\/\/www.europesays.com\/fi\/wp-json\/wp\/v2\/comments?post=91873"}],"version-history":[{"count":0,"href":"https:\/\/www.europesays.com\/fi\/wp-json\/wp\/v2\/posts\/91873\/revisions"}],"wp:featuredmedia":[{"embeddable":true,"href":"https:\/\/www.europesays.com\/fi\/wp-json\/wp\/v2\/media\/91874"}],"wp:attachment":[{"href":"https:\/\/www.europesays.com\/fi\/wp-json\/wp\/v2\/media?parent=91873"}],"wp:term":[{"taxonomy":"category","embeddable":true,"href":"https:\/\/www.europesays.com\/fi\/wp-json\/wp\/v2\/categories?post=91873"},{"taxonomy":"post_tag","embeddable":true,"href":"https:\/\/www.europesays.com\/fi\/wp-json\/wp\/v2\/tags?post=91873"}],"curies":[{"name":"wp","href":"https:\/\/api.w.org\/{rel}","templated":true}]}}