{"id":91875,"date":"2025-11-16T20:17:08","date_gmt":"2025-11-16T20:17:08","guid":{"rendered":"https:\/\/www.europesays.com\/fi\/91875\/"},"modified":"2025-11-16T20:17:08","modified_gmt":"2025-11-16T20:17:08","slug":"kp-kristilliset-jarjestot-varoittavat-joogasta","status":"publish","type":"post","link":"https:\/\/www.europesays.com\/fi\/91875\/","title":{"rendered":"KP: Kristilliset j\u00e4rjest\u00f6t varoittavat joogasta"},"content":{"rendered":"<p>Kansanl\u00e4hetys ja Sley varoittavat, ett\u00e4 jooga altistaa kristityn pahoille hengille.<\/p>\n<p><img decoding=\"async\" class=\"image image-show image-preview\" src=\"https:\/\/www.europesays.com\/fi\/wp-content\/uploads\/2025\/11\/bfae183253ab3d7673c3cf54da92b7a21e1585dfd7da19b17e76822c3a51f1e9.jpg\" alt=\"\"\/><img decoding=\"async\" class=\"image image-show\" src=\"https:\/\/www.europesays.com\/fi\/wp-content\/uploads\/2025\/11\/1763324228_741_bfae183253ab3d7673c3cf54da92b7a21e1585dfd7da19b17e76822c3a51f1e9.jpg\" alt=\"\"\/><\/p>\n<p>Joogatunnilla ei opettajan mukaan harjoiteta uskontoa. Kuvituskuva. iStock \/ Getty Images <\/p>\n<p class=\"paragraph\">Kaksi kristillist\u00e4 j\u00e4rjest\u00f6\u00e4 varoittavat joogasta, uutisoi <a href=\"https:\/\/www.keskipohjanmaa.fi\/artikkeli\/joogaopettaja-tormasi-vastustukseen-kalajoella-kansanlahetyksen-ja-sleyn-mukaan-pimeyden-voimat-ov?fbclid=Iwb21leAOGYyhleHRuA2FlbQIxMQBzcnRjBmFwcF9pZAwzNTA2ODU1MzE3MjgIY2FsbHNpdGUCMjUAAR4oVD1z_Ut0r_k8fOuNoMVZP6QOhF7F8IzX334vBnGvI1hoOUb-KfPxEgeO6w_aem_DzrldLn_knI6n4YXm1pl5A\" target=\"_blank\" rel=\"noopener nofollow\">Keskipohjanmaa<\/a>.<\/p>\n<p class=\"paragraph\">\u2013 Siin\u00e4 avataan oma sielunmaisema voimille, jotka eiv\u00e4t ole kristillisi\u00e4, sanoo Kalajoen kaupunginvaltuutettu ja Keski-Pohjanmaan evankelisluterilaisen Kansanl\u00e4hetyksen piirihallituksen varapuheenjohtaja <strong>Risto Nikula<\/strong><strong>.<\/strong><\/p>\n<p class=\"paragraph\">T\u00e4m\u00e4 on Nikulan mukaan koko Kansanl\u00e4hetyksen kanta.<\/p>\n<p class=\"paragraph\">Kristitty voi joogatunnilla altistua \u201cpahoille hengille ja demoneille\u201d, kertoo Sleyn Keski-Pohjanmaan piirin pastorin <strong>Johannes H\u00e4k\u00e4mies<\/strong>.<\/p>\n<p class=\"paragraph\">\u2013 Jos ruumis isket\u00e4\u00e4n ep\u00e4jumalien asentoihin, se on jo kristinuskon irvikuva, H\u00e4k\u00e4mies sanoo Keskipohjanmaan mukaan.<\/p>\n<p>Joogaopettaja sai vastustusta<\/p>\n<p class=\"paragraph\">Kohu sai alkunsa, kun Nikula varoitti joogan vaaroista kalajokelaisen joogaopettajan, <strong>Nita Lahnalammen<\/strong>, Facebook-mainoksen kommenttiosiossa.<\/p>\n<p class=\"paragraph\">Lahnalampea harmittaa, ett\u00e4 kaupungin luottamushenkil\u00f6 painaa h\u00e4nen yritystoimintaansa alas. Nikula taas on sit\u00e4 mielt\u00e4, ett\u00e4 h\u00e4n puhui vain totta.<\/p>\n<p class=\"paragraph\">\u2013 Kommentoin sen takia, koska olen kristitty ja halusin, ett\u00e4 pienyritt\u00e4j\u00e4 l\u00f6yt\u00e4isi oikean tien, h\u00e4n kertoo Keskipohjanmaan mukaan.<\/p>\n<p class=\"paragraph\">Moderni jooga on rauhallisia hengitysharjoituksia, kehonhuoltoa ja l\u00e4sn\u00e4olon harjoittamista. Sit\u00e4 voi harjoittaa kuka tahansa uskonnollisesta vakaumuksesta riippumatta, Lahnalampi painottaa.<\/p>\n","protected":false},"excerpt":{"rendered":"Kansanl\u00e4hetys ja Sley varoittavat, ett\u00e4 jooga altistaa kristityn pahoille hengille. Joogatunnilla ei opettajan mukaan harjoiteta uskontoa. Kuvituskuva. iStock&hellip;\n","protected":false},"author":2,"featured_media":91876,"comment_status":"","ping_status":"","sticky":false,"template":"","format":"standard","meta":{"footnotes":""},"categories":[12],"tags":[35,22,23,26,27,33,31,30,17,4738,2453,2111,24,25,41,28,29,15,18,21,637,32,19,20,16],"class_list":{"0":"post-91875","1":"post","2":"type-post","3":"status-publish","4":"format-standard","5":"has-post-thumbnail","7":"category-suomi","8":"tag-24h","9":"tag-breaking-news","10":"tag-breakingnews","11":"tag-featured-news","12":"tag-featurednews","13":"tag-fi","14":"tag-finland","15":"tag-finnish","16":"tag-headlines","17":"tag-jarjestotoiminta","18":"tag-kansalaisaktivismi-ja-jarjestot","19":"tag-kuntourheilu","20":"tag-latest-news","21":"tag-latestnews","22":"tag-liikunta-ja-urheilu","23":"tag-main-news","24":"tag-mainnews","25":"tag-news","26":"tag-otsikot","27":"tag-paauutiset","28":"tag-politiikka","29":"tag-suomi","30":"tag-top-stories","31":"tag-topstories","32":"tag-uutiset"},"share_on_mastodon":{"url":"https:\/\/pubeurope.com\/@fi\/115561224350683537","error":""},"_links":{"self":[{"href":"https:\/\/www.europesays.com\/fi\/wp-json\/wp\/v2\/posts\/91875","targetHints":{"allow":["GET"]}}],"collection":[{"href":"https:\/\/www.europesays.com\/fi\/wp-json\/wp\/v2\/posts"}],"about":[{"href":"https:\/\/www.europesays.com\/fi\/wp-json\/wp\/v2\/types\/post"}],"author":[{"embeddable":true,"href":"https:\/\/www.europesays.com\/fi\/wp-json\/wp\/v2\/users\/2"}],"replies":[{"embeddable":true,"href":"https:\/\/www.europesays.com\/fi\/wp-json\/wp\/v2\/comments?post=91875"}],"version-history":[{"count":0,"href":"https:\/\/www.europesays.com\/fi\/wp-json\/wp\/v2\/posts\/91875\/revisions"}],"wp:featuredmedia":[{"embeddable":true,"href":"https:\/\/www.europesays.com\/fi\/wp-json\/wp\/v2\/media\/91876"}],"wp:attachment":[{"href":"https:\/\/www.europesays.com\/fi\/wp-json\/wp\/v2\/media?parent=91875"}],"wp:term":[{"taxonomy":"category","embeddable":true,"href":"https:\/\/www.europesays.com\/fi\/wp-json\/wp\/v2\/categories?post=91875"},{"taxonomy":"post_tag","embeddable":true,"href":"https:\/\/www.europesays.com\/fi\/wp-json\/wp\/v2\/tags?post=91875"}],"curies":[{"name":"wp","href":"https:\/\/api.w.org\/{rel}","templated":true}]}}