{"id":91881,"date":"2025-11-16T20:30:10","date_gmt":"2025-11-16T20:30:10","guid":{"rendered":"https:\/\/www.europesays.com\/fi\/91881\/"},"modified":"2025-11-16T20:30:10","modified_gmt":"2025-11-16T20:30:10","slug":"vappu-pimia-puhkesi-kyyneliin-ttkssa-oma-mies-yllatti-suorassa-lahetyksessa","status":"publish","type":"post","link":"https:\/\/www.europesays.com\/fi\/91881\/","title":{"rendered":"Vappu Pimi\u00e4 puhkesi kyyneliin TTK:ssa \u2013 Oma mies yll\u00e4tti suorassa l\u00e4hetyksess\u00e4"},"content":{"rendered":"<p>Vappu Pimi\u00e4lle oli j\u00e4rjestetty tunteikas yll\u00e4tys Tanssii t\u00e4htien kanssa -l\u00e4hetyksess\u00e4.<\/p>\n<p><img decoding=\"async\" class=\"image image-show image-preview\" src=\"https:\/\/www.europesays.com\/fi\/wp-content\/uploads\/2025\/11\/5aeceb24b1a2209ba7d69ad4f41fdd5385fdb2be86611a664056fda296785467.jpg\" alt=\"\"\/><img decoding=\"async\" class=\"image image-show\" src=\"https:\/\/www.europesays.com\/fi\/wp-content\/uploads\/2025\/11\/1763325010_84_5aeceb24b1a2209ba7d69ad4f41fdd5385fdb2be86611a664056fda296785467.jpg\" alt=\"\"\/><\/p>\n<p>Vappu Pimi\u00e4 yll\u00e4tettiin suorassa l\u00e4hetyksess\u00e4. Atte Kajova<\/p>\n<p class=\"paragraph\">Tanssii t\u00e4htien kanssa -ohjelman juontajana lopettava <a href=\"https:\/\/www.iltalehti.fi\/henkilot\/Vappu Pimi\u00e4\" class=\"article-link-person-page\" rel=\"nofollow noopener\" target=\"_blank\">Vappu Pimi\u00e4<\/a> yll\u00e4tettiin sunnuntain suorassa l\u00e4hetyksess\u00e4.<\/p>\n<p class=\"paragraph\">Ennen pudotusta Pimi\u00e4 piti puheenvuoron. Pimi\u00e4 kiitti yksi kerrallaan ohjelman tekij\u00f6it\u00e4, mukaan lukien menneit\u00e4 ja nykyisi\u00e4 juontoparejaan, tuomareita, meikkaajia, stailaajia, muusikoita, tanssijoita, tuomareita ja tuotantoyhti\u00f6n j\u00e4seni\u00e4.<\/p>\n<p class=\"paragraph\">\u2013 Sitten haluan kiitt\u00e4\u00e4 itselleni t\u00e4rkeimpi\u00e4 eli perhett\u00e4ni. Kiitos <strong>Teemu<\/strong>, <strong>Viola<\/strong> ja <strong>Selma<\/strong>. Olette maailman rakkaimpia, Pimi\u00e4 sanoi.<\/p>\n<p class=\"paragraph\">Pimi\u00e4n perhe on paikalla katsomassa l\u00e4hetyst\u00e4 eturivist\u00e4. Pimi\u00e4n aviomies ja tytt\u00e4ret n\u00e4kyiv\u00e4t pitk\u00e4\u00e4n kameran kuvassa.<\/p>\n<p class=\"paragraph\">Lopuksi Pimi\u00e4 kiitti ohjelman katsojia.<\/p>\n<p>Yll\u00e4tys<\/p>\n<p class=\"paragraph\">Kiitospuheenvuoronsa j\u00e4lkeen Vappu Pimi\u00e4 oli ohjaamassa l\u00e4hetyst\u00e4 jo  mainoskatkolle.<\/p>\n<p class=\"paragraph\">\u2013 Selvisin melkein itkem\u00e4tt\u00e4, h\u00e4n huudahti.<\/p>\n<p class=\"paragraph\">Juontopari <a href=\"https:\/\/www.iltalehti.fi\/henkilot\/Ernest Lawson\" class=\"article-link-person-page\" rel=\"nofollow noopener\" target=\"_blank\">Ernest Lawson<\/a> kuitenkin kiiruhti h\u00e4nen vierelleen kertoakseen, ett\u00e4 ennen mainostaukoa n\u00e4hd\u00e4\u00e4n viel\u00e4 yksi ohjelmanumero.<\/p>\n<p class=\"paragraph\">Pimi\u00e4n silm\u00e4t laajenivat yll\u00e4tyksest\u00e4.<\/p>\n<p class=\"paragraph\">\u2013 Mit\u00e4h? h\u00e4n huudahti ja heitti k\u00e4det kasvoilleen.<\/p>\n<p class=\"paragraph\">Koosteessa n\u00e4htiin katkelmia Pimi\u00e4n TTK-uran varrelta omalta kilpailukaudeltaan ja my\u00f6hemmilt\u00e4 juontokausilta.<\/p>\n<p>Vappu Pimi\u00e4 kuunteli kollegoidensa puheenvuoroja kyyneli\u00e4\u00e4n pyyhkien. Atte Kajova<\/p>\n<p class=\"paragraph\">\u00c4\u00e4neen p\u00e4\u00e4siv\u00e4t lukuisat Pimi\u00e4n kollegat, muun muassa <strong>Mikko Leppilampi<\/strong> ja <strong>Kirsi Alm-Siira<\/strong>.<\/p>\n<p class=\"paragraph\">\u2013 En p\u00e4rj\u00e4\u00e4 ilman Vappua, Ernest Lawson kommentoi Pimi\u00e4n l\u00e4ht\u00f6\u00e4.<\/p>\n<p class=\"paragraph\">Lopuksi ruutuun ilmestyi Pimi\u00e4n aviomies Teemu Huuhtanen. Pimi\u00e4n leuka loksahti ja h\u00e4n py\u00f6ritteli p\u00e4\u00e4t\u00e4\u00e4n vimmatusti ymp\u00e4riins\u00e4. H\u00e4n kuunteli miehens\u00e4 etuk\u00e4teen nauhoitettua puheenvuoroa kyyneleet silmiss\u00e4\u00e4n.<\/p>\n<p class=\"paragraph\">\u2013 Hei raksu, t\u00e4t\u00e4 s\u00e4 et varmaan odottanut. M\u00e4kin halusin rep\u00e4ist\u00e4, koska s\u00e4 teit niin ison p\u00e4\u00e4t\u00f6ksen. Ollaan kaikki n\u00e4m\u00e4 vuodet tytt\u00f6jen kanssa seurattu sun tekemist\u00e4. Se on ihan uskomattomalla tasolla vuodesta toiseen. Nyt puhun kodin n\u00e4k\u00f6kulmasta. Miten jaksat tehd\u00e4 sunnuntaisin aina meid\u00e4n aamiaiset, vaikka sun pit\u00e4\u00e4 keret\u00e4 t\u00e4nne studiolle. Me ollaan seurattu t\u00e4t\u00e4 matkaa niin isolla kunnioituksella ja ylpeydell\u00e4, ett\u00e4 halusin tehd\u00e4 t\u00e4llaisen poikkeuksen omastakin n\u00e4k\u00f6kulmasta. Onneksi olkoon t\u00e4st\u00e4 p\u00e4\u00e4t\u00f6ksest\u00e4. On meist\u00e4 kiva saada sut sunnuntaina kotiinkin, Huuhtanen sanoi.<\/p>\n<p class=\"paragraph\">Koosteen loputtua tuomarit ja yleis\u00f6 nousivat seisomaan osoittamaan suosiotaan itkev\u00e4lle Pimi\u00e4lle.<\/p>\n<p class=\"paragraph\">\u2013 Kiitos, Pimi\u00e4n kuultiin sanovan juuri ennen kuin l\u00e4hetyksess\u00e4 siirryttiin mainostauolle.<\/p>\n<p>Ernest Lawson halasi ohjelmassa lopettavaa juontopariaan Vappu Pimi\u00e4\u00e4. Atte Kajova<\/p>\n<p class=\"paragraph\">Kameroiden sammuttua Pimi\u00e4 jatkoi viel\u00e4 kiitoksiaan.<\/p>\n<p class=\"paragraph\">\u2013 T\u00e4m\u00e4 viikko on j\u00e4nnitt\u00e4nyt niin paljon. En tiennyt miten selvi\u00e4n. T\u00e4m\u00e4 kaikki tuli yll\u00e4tyksen\u00e4. Sitten laitatte t\u00e4llaisen viel\u00e4 sel\u00e4n takana. Mulle j\u00e4\u00e4 ik\u00e4v\u00e4 n\u00e4it\u00e4 ihmisi\u00e4 ja yhteis\u00f6\u00e4. Kiitos viel\u00e4 kerran, Pimi\u00e4 sanoi studiossa paikalla olleille.<\/p>\n<p class=\"paragraph\">Vappu Pimi\u00e4n viimeinen Tanssii t\u00e4htien kanssa -l\u00e4hetys on viikon p\u00e4\u00e4st\u00e4 n\u00e4ht\u00e4v\u00e4 finaali.<\/p>\n<p class=\"paragraph\">Tanssii t\u00e4htien kanssa sunnuntaisin MTV3:lla kello 19.30 &amp; Katsomossa. <a href=\"https:\/\/www.iltalehti.fi\/telkku\" rel=\"nofollow noopener\" target=\"_blank\">Katso kaikki TV-ohjelmat ja l\u00e4hetysajat Telkun TV-oppaasta<\/a>.<\/p>\n","protected":false},"excerpt":{"rendered":"Vappu Pimi\u00e4lle oli j\u00e4rjestetty tunteikas yll\u00e4tys Tanssii t\u00e4htien kanssa -l\u00e4hetyksess\u00e4. Vappu Pimi\u00e4 yll\u00e4tettiin suorassa l\u00e4hetyksess\u00e4. Atte Kajova Tanssii&hellip;\n","protected":false},"author":2,"featured_media":91882,"comment_status":"","ping_status":"","sticky":false,"template":"","format":"standard","meta":{"footnotes":""},"categories":[136],"tags":[35,407,137,33,31,30,408,979,1999,32,2140,140,139,109],"class_list":{"0":"post-91881","1":"post","2":"type-post","3":"status-publish","4":"format-standard","5":"has-post-thumbnail","7":"category-julkkikset","8":"tag-24h","9":"tag-celebrities","10":"tag-entertainment","11":"tag-fi","12":"tag-finland","13":"tag-finnish","14":"tag-julkkikset","15":"tag-sahkoinen-media","16":"tag-suomalaiset-tv-ohjelmat","17":"tag-suomi","18":"tag-tosi-tv-ohjelmat","19":"tag-tv-ja-elokuvat","20":"tag-tv-ohjelmat","21":"tag-viihde"},"share_on_mastodon":{"url":"https:\/\/pubeurope.com\/@fi\/115561275427491823","error":""},"_links":{"self":[{"href":"https:\/\/www.europesays.com\/fi\/wp-json\/wp\/v2\/posts\/91881","targetHints":{"allow":["GET"]}}],"collection":[{"href":"https:\/\/www.europesays.com\/fi\/wp-json\/wp\/v2\/posts"}],"about":[{"href":"https:\/\/www.europesays.com\/fi\/wp-json\/wp\/v2\/types\/post"}],"author":[{"embeddable":true,"href":"https:\/\/www.europesays.com\/fi\/wp-json\/wp\/v2\/users\/2"}],"replies":[{"embeddable":true,"href":"https:\/\/www.europesays.com\/fi\/wp-json\/wp\/v2\/comments?post=91881"}],"version-history":[{"count":0,"href":"https:\/\/www.europesays.com\/fi\/wp-json\/wp\/v2\/posts\/91881\/revisions"}],"wp:featuredmedia":[{"embeddable":true,"href":"https:\/\/www.europesays.com\/fi\/wp-json\/wp\/v2\/media\/91882"}],"wp:attachment":[{"href":"https:\/\/www.europesays.com\/fi\/wp-json\/wp\/v2\/media?parent=91881"}],"wp:term":[{"taxonomy":"category","embeddable":true,"href":"https:\/\/www.europesays.com\/fi\/wp-json\/wp\/v2\/categories?post=91881"},{"taxonomy":"post_tag","embeddable":true,"href":"https:\/\/www.europesays.com\/fi\/wp-json\/wp\/v2\/tags?post=91881"}],"curies":[{"name":"wp","href":"https:\/\/api.w.org\/{rel}","templated":true}]}}