{"id":91898,"date":"2025-11-16T20:56:10","date_gmt":"2025-11-16T20:56:10","guid":{"rendered":"https:\/\/www.europesays.com\/fi\/91898\/"},"modified":"2025-11-16T20:56:10","modified_gmt":"2025-11-16T20:56:10","slug":"muistatko-fc-venuksen-minna-haapkylalta-koominen-paljastus-elokuvasta","status":"publish","type":"post","link":"https:\/\/www.europesays.com\/fi\/91898\/","title":{"rendered":"Muistatko FC Venuksen? Minna Haapkyl\u00e4lt\u00e4 koominen paljastus elokuvasta"},"content":{"rendered":"<p>Muistatko FC Venuksen, jossa naiset ja miehet kohtasivat jalkapallon tiimoilta.<\/p>\n<p class=\"article-content article-content-width !bg-background\">Joulukuussa 2005 ilmestyi  ohjaama elokuva FC Venus.<\/p>\n<p class=\"article-content article-content-width !bg-background\">Romanttinen komedia oli menestys, ja sen n\u00e4ki per\u00e4ti 236 000 katsojaa elokuvateattereissa.<\/p>\n<p>        <a itemprop=\"url\" href=\"https:\/\/www.seiska.fi\/kotimaa\/minna-haapkyla-ja-joanna-haartti-paljastus-suhteesta\/1985629\" rel=\"nofollow noopener\" target=\"_blank\"><\/p>\n<p>\nMinna Haapkyl\u00e4 ja Joanna Haartti\n<\/p>\n<p class=\"section-date\">\n        <strong class=\"article-section\" data-section=\"kotimaa\"><br \/>\n            kotimaa<br \/>\n        <\/strong><br \/>\n        10.11. 08:02\n    <\/p>\n<p>Minna Haapkyl\u00e4 ja Joanna Haartti: Paljastus suhteesta\n    <\/p>\n<p itemprop=\"description\" class=\"subtitle \">\n    Minna on ollut n\u00e4yttelij\u00e4puolisonsa kanssa jo pitk\u00e4\u00e4n yhdess\u00e4.\n<\/p>\n<p>        <\/a><\/p>\n<p class=\"article-content article-content-width !bg-background\">Elokuva kertoi naisten ja miesten v\u00e4lisest\u00e4 jalkapallo-ottelusta, jota varten naiset treenasivat.<\/p>\n<p>                <img decoding=\"async\" src=\"https:\/\/www.europesays.com\/fi\/wp-content\/uploads\/2025\/11\/1988573.webp\" width=\"576\" height=\"332\" alt=\"FC Venus oli tarina jalkapallosta, mutta my\u00f6s rakkaudesta ja ik\u00e4vist\u00e4 muistoista kuningaslajiin liittyen.\" loading=\"lazy\" \/>            <\/p>\n<p>\n            FC Venus oli tarina jalkapallosta, mutta my\u00f6s rakkaudesta ja ik\u00e4vist\u00e4 muistoista kuningaslajiin liittyen.<br \/>\n            Talent House\n        <\/p>\n<p>T\u00e4htisikerm\u00e4<\/p>\n<p class=\"article-content article-content-width !bg-background\">Elokuvan p\u00e4\u00e4osissa n\u00e4htiin sen ajan vakiot\u00e4hdet  ja .<\/p>\n<p class=\"article-content article-content-width !bg-background\">My\u00f6s sivuosissa esiintyi iso joukko tunnettuja nimi\u00e4, kuten , ,  ja .<\/p>\n<p>        <a itemprop=\"url\" href=\"https:\/\/www.seiska.fi\/kotimaa\/muistatko-petteri-summasen-talta-han-nayttaa-nyt\/1526272\" rel=\"nofollow noopener\" target=\"_blank\"><\/p>\n<p class=\"section-date\">\n        <strong class=\"article-section\" data-section=\"kotimaa\"><br \/>\n            kotimaa<br \/>\n        <\/strong><br \/>\n        23.11.2024 19:00\n    <\/p>\n<p>Muistatko Petteri Summasen? T\u00e4lt\u00e4 h\u00e4n n\u00e4ytt\u00e4\u00e4 nyt\n    <\/p>\n<p itemprop=\"description\" class=\"subtitle \">\n    Petteri Summanen on edelleen n\u00e4ytt\u00e4v\u00e4 ilmestys.\n<\/p>\n<p>        <\/a><\/p>\n<p class=\"article-content article-content-width !bg-background\">Nyt, 20 vuotta my\u00f6hemmin, Minna muistelee Seiskalle, kuinka valmistautuminen elokuvaan sujui, kun naisten ja miesten v\u00e4linen ottelu piti saada n\u00e4ytt\u00e4m\u00e4\u00e4n uskottavalta.<\/p>\n","protected":false},"excerpt":{"rendered":"Muistatko FC Venuksen, jossa naiset ja miehet kohtasivat jalkapallon tiimoilta. Joulukuussa 2005 ilmestyi ohjaama elokuva FC Venus. Romanttinen&hellip;\n","protected":false},"author":2,"featured_media":91899,"comment_status":"","ping_status":"","sticky":false,"template":"","format":"standard","meta":{"footnotes":""},"categories":[136],"tags":[407,155,137,18147,33,31,30,18295,408,4651,17490,8720,7668,32,109],"class_list":{"0":"post-91898","1":"post","2":"type-post","3":"status-publish","4":"format-standard","5":"has-post-thumbnail","7":"category-julkkikset","8":"tag-celebrities","9":"tag-elokuvat","10":"tag-entertainment","11":"tag-fc-venus","12":"tag-fi","13":"tag-finland","14":"tag-finnish","15":"tag-joona-tena","16":"tag-julkkikset","17":"tag-kotimainen-elokuva","18":"tag-minna-haapkyla","19":"tag-petteri-summanen","20":"tag-romanttinen-komedia","21":"tag-suomi","22":"tag-viihde"},"share_on_mastodon":{"url":"https:\/\/pubeurope.com\/@fi\/115561379036792629","error":""},"_links":{"self":[{"href":"https:\/\/www.europesays.com\/fi\/wp-json\/wp\/v2\/posts\/91898","targetHints":{"allow":["GET"]}}],"collection":[{"href":"https:\/\/www.europesays.com\/fi\/wp-json\/wp\/v2\/posts"}],"about":[{"href":"https:\/\/www.europesays.com\/fi\/wp-json\/wp\/v2\/types\/post"}],"author":[{"embeddable":true,"href":"https:\/\/www.europesays.com\/fi\/wp-json\/wp\/v2\/users\/2"}],"replies":[{"embeddable":true,"href":"https:\/\/www.europesays.com\/fi\/wp-json\/wp\/v2\/comments?post=91898"}],"version-history":[{"count":0,"href":"https:\/\/www.europesays.com\/fi\/wp-json\/wp\/v2\/posts\/91898\/revisions"}],"wp:featuredmedia":[{"embeddable":true,"href":"https:\/\/www.europesays.com\/fi\/wp-json\/wp\/v2\/media\/91899"}],"wp:attachment":[{"href":"https:\/\/www.europesays.com\/fi\/wp-json\/wp\/v2\/media?parent=91898"}],"wp:term":[{"taxonomy":"category","embeddable":true,"href":"https:\/\/www.europesays.com\/fi\/wp-json\/wp\/v2\/categories?post=91898"},{"taxonomy":"post_tag","embeddable":true,"href":"https:\/\/www.europesays.com\/fi\/wp-json\/wp\/v2\/tags?post=91898"}],"curies":[{"name":"wp","href":"https:\/\/api.w.org\/{rel}","templated":true}]}}