{"id":91912,"date":"2025-11-16T21:09:09","date_gmt":"2025-11-16T21:09:09","guid":{"rendered":"https:\/\/www.europesays.com\/fi\/91912\/"},"modified":"2025-11-16T21:09:09","modified_gmt":"2025-11-16T21:09:09","slug":"nainen-kateissa-kiilopaalla-etsinta-ei-tuottanut-tulosta","status":"publish","type":"post","link":"https:\/\/www.europesays.com\/fi\/91912\/","title":{"rendered":"Nainen kateissa Kiilop\u00e4\u00e4ll\u00e4 \u2013 etsint\u00e4 ei tuottanut tulosta"},"content":{"rendered":"<p>Naiseen on saatu yhteys viimeksi keskiviikkona. Viranomaiset etsiv\u00e4t h\u00e4nt\u00e4 sunnuntaina iltaan asti, mutta h\u00e4nt\u00e4 ei l\u00f6ydetty.<\/p>\n<p class=\"article-body mb-nof-24 px-nof-16\">Poliisi ja vapaaehtoinen pelastuspalvelu etsiv\u00e4t kadonnutta vanhusta Kiilop\u00e4\u00e4ll\u00e4, tiedottaa poliisi.<\/p>\n<p class=\"article-body mb-nof-24 px-nof-16\">Poliisi sai lauantai-iltap\u00e4iv\u00e4n\u00e4 ilmoituksen, ett\u00e4 Inarin Kiilop\u00e4\u00e4ll\u00e4 on kadonnut on 75-vuotias nainen.<\/p>\n<p class=\"article-body mb-nof-24 px-nof-16\">Kadonneen etsint\u00e4\u00e4n osallistui poliisi, vapaaehtoinen pelastuspalvelu, pelastuslaitos ja rajavartiolaitos. Poliisipartiot etsiv\u00e4t kadonnut moottorikelkkojen ja koirien avulla.<\/p>\n<p class=\"article-body mb-nof-24 px-nof-16\">Kadonnutta naista etsittiin Kiilop\u00e4\u00e4n alueelta ja l\u00e4hireiteilt\u00e4 sunnuntaina iltaan saakka, mutta h\u00e4nt\u00e4 ei l\u00f6ydetty.<\/p>\n<p class=\"article-body mb-nof-24 px-nof-16\">Poliisin tiedotteen mukaan kadonneeseen on saatu yhteys viimeksi keskiviikkona.<\/p>\n","protected":false},"excerpt":{"rendered":"Naiseen on saatu yhteys viimeksi keskiviikkona. Viranomaiset etsiv\u00e4t h\u00e4nt\u00e4 sunnuntaina iltaan asti, mutta h\u00e4nt\u00e4 ei l\u00f6ydetty. Poliisi ja&hellip;\n","protected":false},"author":2,"featured_media":91913,"comment_status":"","ping_status":"","sticky":false,"template":"","format":"standard","meta":{"footnotes":""},"categories":[12],"tags":[22,23,26,27,33,31,30,17,34,24,25,28,29,15,18,21,32,19,20,16],"class_list":{"0":"post-91912","1":"post","2":"type-post","3":"status-publish","4":"format-standard","5":"has-post-thumbnail","7":"category-suomi","8":"tag-breaking-news","9":"tag-breakingnews","10":"tag-featured-news","11":"tag-featurednews","12":"tag-fi","13":"tag-finland","14":"tag-finnish","15":"tag-headlines","16":"tag-ilta-sanomat","17":"tag-latest-news","18":"tag-latestnews","19":"tag-main-news","20":"tag-mainnews","21":"tag-news","22":"tag-otsikot","23":"tag-paauutiset","24":"tag-suomi","25":"tag-top-stories","26":"tag-topstories","27":"tag-uutiset"},"share_on_mastodon":{"url":"https:\/\/pubeurope.com\/@fi\/115561428703899286","error":""},"_links":{"self":[{"href":"https:\/\/www.europesays.com\/fi\/wp-json\/wp\/v2\/posts\/91912","targetHints":{"allow":["GET"]}}],"collection":[{"href":"https:\/\/www.europesays.com\/fi\/wp-json\/wp\/v2\/posts"}],"about":[{"href":"https:\/\/www.europesays.com\/fi\/wp-json\/wp\/v2\/types\/post"}],"author":[{"embeddable":true,"href":"https:\/\/www.europesays.com\/fi\/wp-json\/wp\/v2\/users\/2"}],"replies":[{"embeddable":true,"href":"https:\/\/www.europesays.com\/fi\/wp-json\/wp\/v2\/comments?post=91912"}],"version-history":[{"count":0,"href":"https:\/\/www.europesays.com\/fi\/wp-json\/wp\/v2\/posts\/91912\/revisions"}],"wp:featuredmedia":[{"embeddable":true,"href":"https:\/\/www.europesays.com\/fi\/wp-json\/wp\/v2\/media\/91913"}],"wp:attachment":[{"href":"https:\/\/www.europesays.com\/fi\/wp-json\/wp\/v2\/media?parent=91912"}],"wp:term":[{"taxonomy":"category","embeddable":true,"href":"https:\/\/www.europesays.com\/fi\/wp-json\/wp\/v2\/categories?post=91912"},{"taxonomy":"post_tag","embeddable":true,"href":"https:\/\/www.europesays.com\/fi\/wp-json\/wp\/v2\/tags?post=91912"}],"curies":[{"name":"wp","href":"https:\/\/api.w.org\/{rel}","templated":true}]}}